{"id":8042,"date":"2008-03-05T00:30:35","date_gmt":"2008-03-04T23:30:35","guid":{"rendered":"http:\/\/www.schoene-nachrichten.de\/?p=8042"},"modified":"2008-03-04T23:50:46","modified_gmt":"2008-03-04T22:50:46","slug":"wanderung-zur-sagenhaften-milseburg","status":"publish","type":"post","link":"https:\/\/www.fuldaernachrichten.de\/?p=8042","title":{"rendered":"Wanderung zur &#8220;sagenhaften&#8221; Milseburg"},"content":{"rendered":"<p><strong>Termin.<\/strong> Am Sonntag, 09. M\u00e4rz 2008, bietet der Landkreis Fulda Biosph\u00e4renreservat Rh\u00f6n in Zusammenarbeit mit dem Natur- und Landschaftsf\u00fchrer Hubert Volkmar eine gef\u00fchrte Wanderung zu Geschichte und Geschichten der sagenhaften Milseburg an. Die F\u00fchrung richtet sich an Erwachsene sowie Kindern ab 8 Jahren. Treffpunkt ist um 14.00 Uhr am Parkplatz Milseburg an der Infotafel. Die Kosten betragen 2,50 \u00e2\u201a\u00ac f\u00fcr Erwachsene, Kinder sind frei.<\/p>\n","protected":false},"excerpt":{"rendered":"<div class=\"tmnf_excerpt\"><p>Termin. Am Sonntag, 09. M\u00e4rz 2008, bietet der Landkreis Fulda Biosph\u00e4renreservat Rh\u00f6n in Zusammenarbeit mit dem Natur- und Landschaftsf\u00fchrer Hubert Volkmar eine gef\u00fchrte Wanderung zu Geschichte und Geschichten der sagenhaften Milseburg an. Die F\u00fchrung richtet sich an Erwachsene sowie Kindern ab 8 Jahren. Treffpunkt ist um 14.00 Uhr am Parkplatz Milseburg an der Infotafel. Die &hellip;<\/p>\n<\/div>","protected":false},"author":1,"featured_media":0,"comment_status":"closed","ping_status":"closed","sticky":false,"template":"","format":"standard","meta":{"footnotes":""},"categories":[1],"tags":[],"class_list":["post-8042","post","type-post","status-publish","format-standard","hentry","category-startseite"],"_links":{"self":[{"href":"https:\/\/www.fuldaernachrichten.de\/index.php?rest_route=\/wp\/v2\/posts\/8042","targetHints":{"allow":["GET"]}}],"collection":[{"href":"https:\/\/www.fuldaernachrichten.de\/index.php?rest_route=\/wp\/v2\/posts"}],"about":[{"href":"https:\/\/www.fuldaernachrichten.de\/index.php?rest_route=\/wp\/v2\/types\/post"}],"author":[{"embeddable":true,"href":"https:\/\/www.fuldaernachrichten.de\/index.php?rest_route=\/wp\/v2\/users\/1"}],"replies":[{"embeddable":true,"href":"https:\/\/www.fuldaernachrichten.de\/index.php?rest_route=%2Fwp%2Fv2%2Fcomments&post=8042"}],"version-history":[{"count":0,"href":"https:\/\/www.fuldaernachrichten.de\/index.php?rest_route=\/wp\/v2\/posts\/8042\/revisions"}],"wp:attachment":[{"href":"https:\/\/www.fuldaernachrichten.de\/index.php?rest_route=%2Fwp%2Fv2%2Fmedia&parent=8042"}],"wp:term":[{"taxonomy":"category","embeddable":true,"href":"https:\/\/www.fuldaernachrichten.de\/index.php?rest_route=%2Fwp%2Fv2%2Fcategories&post=8042"},{"taxonomy":"post_tag","embeddable":true,"href":"https:\/\/www.fuldaernachrichten.de\/index.php?rest_route=%2Fwp%2Fv2%2Ftags&post=8042"}],"curies":[{"name":"wp","href":"https:\/\/api.w.org\/{rel}","templated":true}]}}