{"id":8041,"date":"2008-02-29T00:12:09","date_gmt":"2008-02-28T23:12:09","guid":{"rendered":"http:\/\/www.schoene-nachrichten.de\/?p=8041"},"modified":"2008-02-29T00:42:31","modified_gmt":"2008-02-28T23:42:31","slug":"unterschriftenliste-von-anwohnern-der-lindenstrasse-uebergeben","status":"publish","type":"post","link":"https:\/\/www.fuldaernachrichten.de\/?p=8041","title":{"rendered":"Unterschriftenliste von Anwohnern der Lindenstra\u00dfe \u00fcbergeben"},"content":{"rendered":"<p><strong><a rel=\"lightbox[roadtrip]\" target=\"_blank\" href=\"http:\/\/www.schoene-nachrichten.de\/wp-content\/uploads\/2008\/02\/080228_unterschriften.jpg\" title=\"080228_unterschriften.jpg\"><img decoding=\"async\" align=\"left\" src=\"http:\/\/www.schoene-nachrichten.de\/wp-content\/uploads\/2008\/02\/080228_unterschriften.thumbnail.jpg\" hspace=\"5\" alt=\"080228_unterschriften.jpg\" \/><\/a>Fulda.<\/strong> In der zur\u00fcckliegenden Zeit hat es immer wieder im Einm\u00fcndungsbereich der Linden- in die Dalbergstra\u00dfe h\u00e4ufiger \u201egekracht\u201c. Rasante Fahrer landeten im Schaltkasten der Ampeln. Folge: F\u00fcr mehrere Tage mussten die Autofahrer ohne Ampelregelung auskommen. Neben der technischen Frage besteht vor allem Sorge um die Sicherheit der Fu\u00dfg\u00e4nger. Anwohner des betroffenen Bereichs haben dies zum Anlass einer Unterschriftenliste an Fuldas OB Gerhard M\u00f6ller mit der Bitte genommen, sich f\u00fcr ein h\u00f6heres Ma\u00df an Sicherheit einzusetzen.<!--more--><\/p>\n<p>Im Stadtschloss \u00fcbergab Julian F\u00f6rst die Liste an M\u00f6ller mit dem Hinweis, dass sich allein im letzten Quartal des vergangenen Jahres 10 Unf\u00e4lle im Kreuzungsbereich zwischen Lindenstra\u00dfe und Dalbergstra\u00dfe ereigneten. In drei F\u00e4llen landeten die Autofahrer auf dem Fu\u00dfweg. M\u00f6ller selbst kennt die Situation vor Ort nur zu gut, denn t\u00e4glich nutzt er die Lindenstra\u00dfe und hat den ein- oder anderen Unfall mit eigenen Augen beobachten k\u00f6nnen. Deshalb sicherte er auch F\u00f6rst zu, sich \u201everst\u00e4rkt und unverz\u00fcglich um die Problematik zu k\u00fcmmern\u201c.<\/p>\n<p>Dieser Punkt ist nach Auskunft von Stadtbaur\u00e4tin Cornelia Zuschke bereits Thema in der \u201eAG Verkehr\u201c, in der Vertreter des Amtes f\u00fcr Stra\u00dfen- und Verkehrswesen, der Polizei, der st\u00e4dtischen Stra\u00dfenverkehrsbeh\u00f6rde sowie des Baudezernates Problemf\u00e4lle er\u00f6rtern. Wichtig ist f\u00fcr Fuldas OB, den Fu\u00dfg\u00e4ngerschutz zu verst\u00e4rken. Ggf. m\u00fcsse auch \u00fcber eine Kamera im Ampelbereich nachgedacht werden, der jene Fahrer im Bild festh\u00e4lt, die bei Rot \u00fcber die Ampel fahren. F\u00f6rst dankte M\u00f6ller f\u00fcr sein \u201eoffenes Ohr\u201c in diesem Anliegen: \u201eIch bin dankbar und froh, dass Sie es so ernst nehmen.\u201c<\/p>\n","protected":false},"excerpt":{"rendered":"<div class=\"tmnf_excerpt\"><p>Fulda. In der zur\u00fcckliegenden Zeit hat es immer wieder im Einm\u00fcndungsbereich der Linden- in die Dalbergstra\u00dfe h\u00e4ufiger \u201egekracht\u201c. Rasante Fahrer landeten im Schaltkasten der Ampeln. Folge: F\u00fcr mehrere Tage mussten die Autofahrer ohne Ampelregelung auskommen. Neben der technischen Frage besteht vor allem Sorge um die Sicherheit der Fu\u00dfg\u00e4nger. Anwohner des betroffenen Bereichs haben dies zum &hellip;<\/p>\n<\/div>","protected":false},"author":1,"featured_media":0,"comment_status":"closed","ping_status":"closed","sticky":false,"template":"","format":"standard","meta":{"footnotes":""},"categories":[1,29],"tags":[],"class_list":["post-8041","post","type-post","status-publish","format-standard","hentry","category-startseite","category-politik"],"_links":{"self":[{"href":"https:\/\/www.fuldaernachrichten.de\/index.php?rest_route=\/wp\/v2\/posts\/8041","targetHints":{"allow":["GET"]}}],"collection":[{"href":"https:\/\/www.fuldaernachrichten.de\/index.php?rest_route=\/wp\/v2\/posts"}],"about":[{"href":"https:\/\/www.fuldaernachrichten.de\/index.php?rest_route=\/wp\/v2\/types\/post"}],"author":[{"embeddable":true,"href":"https:\/\/www.fuldaernachrichten.de\/index.php?rest_route=\/wp\/v2\/users\/1"}],"replies":[{"embeddable":true,"href":"https:\/\/www.fuldaernachrichten.de\/index.php?rest_route=%2Fwp%2Fv2%2Fcomments&post=8041"}],"version-history":[{"count":0,"href":"https:\/\/www.fuldaernachrichten.de\/index.php?rest_route=\/wp\/v2\/posts\/8041\/revisions"}],"wp:attachment":[{"href":"https:\/\/www.fuldaernachrichten.de\/index.php?rest_route=%2Fwp%2Fv2%2Fmedia&parent=8041"}],"wp:term":[{"taxonomy":"category","embeddable":true,"href":"https:\/\/www.fuldaernachrichten.de\/index.php?rest_route=%2Fwp%2Fv2%2Fcategories&post=8041"},{"taxonomy":"post_tag","embeddable":true,"href":"https:\/\/www.fuldaernachrichten.de\/index.php?rest_route=%2Fwp%2Fv2%2Ftags&post=8041"}],"curies":[{"name":"wp","href":"https:\/\/api.w.org\/{rel}","templated":true}]}}