{"id":8040,"date":"2008-02-29T00:17:14","date_gmt":"2008-02-28T23:17:14","guid":{"rendered":"http:\/\/www.schoene-nachrichten.de\/?p=8040"},"modified":"2008-02-29T00:45:30","modified_gmt":"2008-02-28T23:45:30","slug":"arbeitslosenquote-sinkt-auf-unter-sechs-prozent","status":"publish","type":"post","link":"https:\/\/www.fuldaernachrichten.de\/?p=8040","title":{"rendered":"Arbeitslosenquote sinkt auf unter sechs Prozent"},"content":{"rendered":"<p><strong>Fulda.<\/strong> \u201eDie Tendenz ist insgesamt nach wie vor positiv\u201c, fasste Waldemar Dombrowski, Vorsitzender der Gesch\u00e4ftsf\u00fchrung der Agentur f\u00fcr Arbeit Fulda, den Arbeitsmarkt im Februar zusammen. Im Agenturbezirk Fulda, der mit dem Landkreis deckungsgleich ist, waren mit insgesamt 6491 neun Menschen weniger ohne Arbeit als im Januar &#8211; die Arbeitslosenquote sank damit auf 5,9 Prozent. W\u00e4hrend die Agentur f\u00fcr Arbeit im Februar 2989 Arbeitslose betreute, waren beim Amt f\u00fcr Arbeit und Soziales (AFAS) 3502 Arbeitslose gemeldet.<!--more--><br \/>\n\u201eErfreulich ist, dass wir durch die gute Konjunktur und den milden Winter und den Einsatz von Saison-Kurzarbeitergeld im Februar statt eines Anstiegs, wie in den ver-gangenen Jahren, einen R\u00fcckgang der Arbeitslosigkeit feststellen konnten\u201c urteilte der Agenturchef, der den Vergleich mit dem Vorjahr hervorhebt: Im Februar 2008 waren im Agenturbezirk 800 Arbeitslose weniger gemeldet als vor einem Jahr, was einem R\u00fcckgang um elf Prozent gleichkommt.<\/p>\n<p>Der R\u00fcckgang gegen\u00fcber dem Vorjahr betr\u00e4gt bei der Arbeitsagentur 613 (-17 %) und beim Amt f\u00fcr Arbeit und Soziales 187 (-5,1 %). Profitiert hat von dieser Entwicklung unter anderem die Gruppe der j\u00fcngeren Arbeitslosen: Im Februar 2008 waren 649 (davon im Bereich AFAS 182) unter 25 Jahre alt, im Februar 2007 waren es 751 gewesen (220 davon im Bereich des AFAS). Bei den \u00fcber 55-J\u00e4hrigen waren im Februar 2008 mit 775 insgesamt 204 Menschen weniger arbeitslos als im Vorjahresmonat. Zugleich ist es gelungen, durch schnellere Integration in den Arbeitsmarkt st\u00e4rker als zuvor Langzeitarbeitslosigkeit zu vermeiden.<\/p>\n<p>Eine sp\u00fcrbare Entlastung brachte das Saison-Kurzarbeitergeld (Saison-Kug), das Betriebe im Bau-Hauptgewerbe, Ger\u00fcst-, Garten- und Landschaftsbau sowie im Dachdeckerhandwerk f\u00fcr Ausfallstunden in Anspruch nehmen k\u00f6nnen. Seit Anfang November lie\u00dfen 77 Betriebe insgesamt 1000 Arbeitnehmer durch die Agentur f\u00f6rdern (im Vorjahr 800). In diesen F\u00e4llen konnte die \u00fcbliche saisonale Winterarbeitslosigkeit vermieden werden. Die Menschen blieben in Besch\u00e4ftigung.<\/p>\n<p>Im Bereich der Langzeitarbeitslosen befanden sich im Februar 420 Personen in Arbeitsgelegenheiten, die den Betroffenen Berufserfahrungen erm\u00f6glichen und somit eine Br\u00fccke zum ersten Arbeitsmarkt bilden sollen.<\/p>\n","protected":false},"excerpt":{"rendered":"<div class=\"tmnf_excerpt\"><p>Fulda. \u201eDie Tendenz ist insgesamt nach wie vor positiv\u201c, fasste Waldemar Dombrowski, Vorsitzender der Gesch\u00e4ftsf\u00fchrung der Agentur f\u00fcr Arbeit Fulda, den Arbeitsmarkt im Februar zusammen. Im Agenturbezirk Fulda, der mit dem Landkreis deckungsgleich ist, waren mit insgesamt 6491 neun Menschen weniger ohne Arbeit als im Januar &#8211; die Arbeitslosenquote sank damit auf 5,9 Prozent. W\u00e4hrend &hellip;<\/p>\n<\/div>","protected":false},"author":1,"featured_media":0,"comment_status":"closed","ping_status":"closed","sticky":false,"template":"","format":"standard","meta":{"footnotes":""},"categories":[1],"tags":[],"class_list":["post-8040","post","type-post","status-publish","format-standard","hentry","category-startseite"],"_links":{"self":[{"href":"https:\/\/www.fuldaernachrichten.de\/index.php?rest_route=\/wp\/v2\/posts\/8040","targetHints":{"allow":["GET"]}}],"collection":[{"href":"https:\/\/www.fuldaernachrichten.de\/index.php?rest_route=\/wp\/v2\/posts"}],"about":[{"href":"https:\/\/www.fuldaernachrichten.de\/index.php?rest_route=\/wp\/v2\/types\/post"}],"author":[{"embeddable":true,"href":"https:\/\/www.fuldaernachrichten.de\/index.php?rest_route=\/wp\/v2\/users\/1"}],"replies":[{"embeddable":true,"href":"https:\/\/www.fuldaernachrichten.de\/index.php?rest_route=%2Fwp%2Fv2%2Fcomments&post=8040"}],"version-history":[{"count":0,"href":"https:\/\/www.fuldaernachrichten.de\/index.php?rest_route=\/wp\/v2\/posts\/8040\/revisions"}],"wp:attachment":[{"href":"https:\/\/www.fuldaernachrichten.de\/index.php?rest_route=%2Fwp%2Fv2%2Fmedia&parent=8040"}],"wp:term":[{"taxonomy":"category","embeddable":true,"href":"https:\/\/www.fuldaernachrichten.de\/index.php?rest_route=%2Fwp%2Fv2%2Fcategories&post=8040"},{"taxonomy":"post_tag","embeddable":true,"href":"https:\/\/www.fuldaernachrichten.de\/index.php?rest_route=%2Fwp%2Fv2%2Ftags&post=8040"}],"curies":[{"name":"wp","href":"https:\/\/api.w.org\/{rel}","templated":true}]}}