{"id":80340,"date":"2011-01-06T02:36:29","date_gmt":"2011-01-06T02:36:29","guid":{"rendered":"http:\/\/www.fuldaer-nachrichten.de\/?p=80340"},"modified":"2011-01-06T08:37:04","modified_gmt":"2011-01-06T08:37:04","slug":"bilden-bewegen-beteiligen-kab-bildungsprogramm-2011","status":"publish","type":"post","link":"https:\/\/www.fuldaernachrichten.de\/?p=80340","title":{"rendered":"&#8220;Bilden, bewegen, beteiligen&#8221;: KAB Bildungsprogramm 2011"},"content":{"rendered":"<p><strong><a href=\"http:\/\/www.fuldaer-nachrichten.de\/wp-content\/uploads\/2011\/01\/110105_Programm.jpg\"><img fetchpriority=\"high\" decoding=\"async\" class=\"alignleft size-thumbnail wp-image-80341\" title=\"110105_Programm\" src=\"http:\/\/www.fuldaer-nachrichten.de\/wp-content\/uploads\/2011\/01\/110105_Programm-265x499.jpg\" alt=\"\" width=\"265\" height=\"499\" srcset=\"https:\/\/www.fuldaernachrichten.de\/wp-content\/uploads\/2011\/01\/110105_Programm-265x499.jpg 265w, https:\/\/www.fuldaernachrichten.de\/wp-content\/uploads\/2011\/01\/110105_Programm-140x265.jpg 140w, https:\/\/www.fuldaernachrichten.de\/wp-content\/uploads\/2011\/01\/110105_Programm-318x600.jpg 318w, https:\/\/www.fuldaernachrichten.de\/wp-content\/uploads\/2011\/01\/110105_Programm.jpg 399w\" sizes=\"(max-width: 265px) 100vw, 265px\" \/><\/a>Fulda \/ Kassel \/ Hanau.<\/strong> Ein breit gef\u00e4chertes Themenangebot bietet die KAB Deutschlands mit ann\u00e4hernd 250 Kursangeboten im Jahr 2011. Das Angebot richtet sich an die unterschiedlichsten Zielgruppen wie junge Erwachsene, Frauen, Familien, Senioren und Mitarbeitervertreter. Themenbereiche wie Glauben, Politik, \u00d6kologie, Gesundheit, EDV, Betriebs- und Personalratsarbeit sind nur ein kleiner Ausschnitt aus dem umfangreichen Programm. F\u00fcr zahlreiche Kurse kann Bildungsurlaub beantragt werden. Die Kurse werden in KAB-eigenen Bildungsh\u00e4usern, wie dem Heinrich-L\u00fcbke-Haus am M\u00f6hnesee, durchgef\u00fchrt. Die KAB Di\u00f6zesanverband Fulda mit ihren Untergliederungen bietet weitere Kurse, wie Senioren- und Familienbildungsfreizeiten an. Das gesamte Bildungsprogramm 2011 kann als gebundene Ausgabe \u00fcber die KAB Fulda &#8211; Agnes-Huenninger-Str. 1, 36041 Fulda, Tel. 0661-7 34 33 oder FAX 0661-7 93 49 bezogen werden oder als Download im Internet unter<strong> <\/strong><a href=\"http:\/\/www.kab-fulda.de\" target=\"_blank\">www.kab-fulda.de<\/a>.<\/p>\n","protected":false},"excerpt":{"rendered":"<div class=\"tmnf_excerpt\"><p>Fulda \/ Kassel \/ Hanau. Ein breit gef\u00e4chertes Themenangebot bietet die KAB Deutschlands mit ann\u00e4hernd 250 Kursangeboten im Jahr 2011. Das Angebot richtet sich an die unterschiedlichsten Zielgruppen wie junge Erwachsene, Frauen, Familien, Senioren und Mitarbeitervertreter. Themenbereiche wie Glauben, Politik, \u00d6kologie, Gesundheit, EDV, Betriebs- und Personalratsarbeit sind nur ein kleiner Ausschnitt aus dem umfangreichen Programm. &hellip;<\/p>\n<\/div>","protected":false},"author":1,"featured_media":0,"comment_status":"closed","ping_status":"closed","sticky":false,"template":"","format":"standard","meta":{"footnotes":""},"categories":[1],"tags":[],"class_list":["post-80340","post","type-post","status-publish","format-standard","hentry","category-startseite"],"_links":{"self":[{"href":"https:\/\/www.fuldaernachrichten.de\/index.php?rest_route=\/wp\/v2\/posts\/80340","targetHints":{"allow":["GET"]}}],"collection":[{"href":"https:\/\/www.fuldaernachrichten.de\/index.php?rest_route=\/wp\/v2\/posts"}],"about":[{"href":"https:\/\/www.fuldaernachrichten.de\/index.php?rest_route=\/wp\/v2\/types\/post"}],"author":[{"embeddable":true,"href":"https:\/\/www.fuldaernachrichten.de\/index.php?rest_route=\/wp\/v2\/users\/1"}],"replies":[{"embeddable":true,"href":"https:\/\/www.fuldaernachrichten.de\/index.php?rest_route=%2Fwp%2Fv2%2Fcomments&post=80340"}],"version-history":[{"count":2,"href":"https:\/\/www.fuldaernachrichten.de\/index.php?rest_route=\/wp\/v2\/posts\/80340\/revisions"}],"predecessor-version":[{"id":80362,"href":"https:\/\/www.fuldaernachrichten.de\/index.php?rest_route=\/wp\/v2\/posts\/80340\/revisions\/80362"}],"wp:attachment":[{"href":"https:\/\/www.fuldaernachrichten.de\/index.php?rest_route=%2Fwp%2Fv2%2Fmedia&parent=80340"}],"wp:term":[{"taxonomy":"category","embeddable":true,"href":"https:\/\/www.fuldaernachrichten.de\/index.php?rest_route=%2Fwp%2Fv2%2Fcategories&post=80340"},{"taxonomy":"post_tag","embeddable":true,"href":"https:\/\/www.fuldaernachrichten.de\/index.php?rest_route=%2Fwp%2Fv2%2Ftags&post=80340"}],"curies":[{"name":"wp","href":"https:\/\/api.w.org\/{rel}","templated":true}]}}