{"id":80331,"date":"2011-01-06T05:34:24","date_gmt":"2011-01-06T05:34:24","guid":{"rendered":"http:\/\/www.fuldaer-nachrichten.de\/?p=80331"},"modified":"2011-01-06T08:34:33","modified_gmt":"2011-01-06T08:34:33","slug":"seniorenveranstaltung-der-stadt-fulda-besichtigung-der-moschee","status":"publish","type":"post","link":"https:\/\/www.fuldaernachrichten.de\/?p=80331","title":{"rendered":"Seniorenveranstaltung der Stadt Fulda &#8211; Besichtigung der Moschee"},"content":{"rendered":"<p><strong>Fulda.<\/strong> F\u00fcr die \u00e4lteren Bewohnerinnen und Bewohner der Stadt Fulda wird am Dienstag, 18. Januar 2011 um 14.30 Uhr eine Besichtigung des Gebetshauses des t\u00fcrkisch-islamischen Vereins in der Ohmstra\u00dfe 18 angeboten. Im Gebetshaus kommen die Mitglieder des Vereins und gl\u00e4ubige Muslime regelm\u00e4\u00dfig zum Gebet, zur Begegnung und zum religi\u00f6sen Gedankenaustausch zusammen. Diese Veranstaltung bietet die Gelegenheit des gegenseitigen Kennenlernens der Kulturen und es besteht die M\u00f6glichkeit Fragen zu stellen. Zur Planung ist eine vorherige Anmeldung erforderlich. Karten zum Preis von 1 Euro gibt es ab Donnerstag, 13. Januar im B\u00fcrgerb\u00fcro im Stadtschloss.<\/p>\n","protected":false},"excerpt":{"rendered":"<div class=\"tmnf_excerpt\"><p>Fulda. F\u00fcr die \u00e4lteren Bewohnerinnen und Bewohner der Stadt Fulda wird am Dienstag, 18. Januar 2011 um 14.30 Uhr eine Besichtigung des Gebetshauses des t\u00fcrkisch-islamischen Vereins in der Ohmstra\u00dfe 18 angeboten. Im Gebetshaus kommen die Mitglieder des Vereins und gl\u00e4ubige Muslime regelm\u00e4\u00dfig zum Gebet, zur Begegnung und zum religi\u00f6sen Gedankenaustausch zusammen. Diese Veranstaltung bietet die &hellip;<\/p>\n<\/div>","protected":false},"author":1,"featured_media":0,"comment_status":"closed","ping_status":"closed","sticky":false,"template":"","format":"standard","meta":{"footnotes":""},"categories":[1],"tags":[],"class_list":["post-80331","post","type-post","status-publish","format-standard","hentry","category-startseite"],"_links":{"self":[{"href":"https:\/\/www.fuldaernachrichten.de\/index.php?rest_route=\/wp\/v2\/posts\/80331","targetHints":{"allow":["GET"]}}],"collection":[{"href":"https:\/\/www.fuldaernachrichten.de\/index.php?rest_route=\/wp\/v2\/posts"}],"about":[{"href":"https:\/\/www.fuldaernachrichten.de\/index.php?rest_route=\/wp\/v2\/types\/post"}],"author":[{"embeddable":true,"href":"https:\/\/www.fuldaernachrichten.de\/index.php?rest_route=\/wp\/v2\/users\/1"}],"replies":[{"embeddable":true,"href":"https:\/\/www.fuldaernachrichten.de\/index.php?rest_route=%2Fwp%2Fv2%2Fcomments&post=80331"}],"version-history":[{"count":2,"href":"https:\/\/www.fuldaernachrichten.de\/index.php?rest_route=\/wp\/v2\/posts\/80331\/revisions"}],"predecessor-version":[{"id":80358,"href":"https:\/\/www.fuldaernachrichten.de\/index.php?rest_route=\/wp\/v2\/posts\/80331\/revisions\/80358"}],"wp:attachment":[{"href":"https:\/\/www.fuldaernachrichten.de\/index.php?rest_route=%2Fwp%2Fv2%2Fmedia&parent=80331"}],"wp:term":[{"taxonomy":"category","embeddable":true,"href":"https:\/\/www.fuldaernachrichten.de\/index.php?rest_route=%2Fwp%2Fv2%2Fcategories&post=80331"},{"taxonomy":"post_tag","embeddable":true,"href":"https:\/\/www.fuldaernachrichten.de\/index.php?rest_route=%2Fwp%2Fv2%2Ftags&post=80331"}],"curies":[{"name":"wp","href":"https:\/\/api.w.org\/{rel}","templated":true}]}}