{"id":80269,"date":"2011-01-05T01:56:14","date_gmt":"2011-01-05T01:56:14","guid":{"rendered":"http:\/\/www.fuldaer-nachrichten.de\/?p=80269"},"modified":"2011-01-05T07:57:01","modified_gmt":"2011-01-05T07:57:01","slug":"kunstworkshop-im-vonderau-museum-grundkurs-zeichnen-i","status":"publish","type":"post","link":"https:\/\/www.fuldaernachrichten.de\/?p=80269","title":{"rendered":"Kunstworkshop im Vonderau Museum: Grundkurs Zeichnen I"},"content":{"rendered":"<p><strong><img fetchpriority=\"high\" decoding=\"async\" class=\"alignleft size-thumbnail wp-image-80270\" title=\"110104_Kunst\" src=\"http:\/\/www.fuldaer-nachrichten.de\/wp-content\/uploads\/2011\/01\/110104_Kunst-265x245.jpg\" alt=\"\" width=\"265\" height=\"245\" srcset=\"https:\/\/www.fuldaernachrichten.de\/wp-content\/uploads\/2011\/01\/110104_Kunst-265x245.jpg 265w, https:\/\/www.fuldaernachrichten.de\/wp-content\/uploads\/2011\/01\/110104_Kunst.jpg 592w\" sizes=\"(max-width: 265px) 100vw, 265px\" \/>Fulda. <\/strong>Zeichnen ist eine wichtige Voraussetzung f\u00fcr jegliches Kunstschaffen. Lernen kann es jeder. In dem Grundkurs Zeichnen I werden zur Einf\u00fchrung einige Zeichnungen des Fuldaer Malers Fritz Pfeiffer (1878 \u2013 1953) aus der Sammlung des Museums gezeigt und besprochen. Dann gehen die TeilnehmerInnen selbst ans Werk. Es werden einfache Motive gew\u00e4hlt, die Schritt f\u00fcr Schritt umgesetzt werden. Nicht die perfekte Wiedergabe steht im Vordergrund, sondern die eigene Darstellung von Eindr\u00fccken in die Zeichnung. Verschiedene Materialien wie Bleistift, Kohle, Kreide, Tusche, Feder und Pinsel kommen dabei zum Einsatz und die Teilnehmer lernen Techniken wie Schraffieren, Kreuzstrich oder Hell-Dunkel-Effekte kennen. Die Teilnehmer werden staunen, wie vielf\u00e4ltig und spannend das Zeichnen ist. Malerfahrung ist f\u00fcr diesen Kurs nicht erforderlich.<!--more--><\/p>\n<ul>\n<li>Termin: Donnerstag, 13. Januar 2011, 17.00 \u2013 20.00 Uhr<\/li>\n<li> Durchf\u00fchrung: Verena K\u00fchnlein, Kunstmalerin + Kornelia Wagner, Museumsp\u00e4dagogin<\/li>\n<li> Kursgeb\u00fchr: 40,\u00e2\u20ac\u0090 \u00e2\u201a\u00ac. Im Preis sind alle Malutensilien enthalten<\/li>\n<li> Ort: K\u00fcnstlergalerie des Vonderau Museums<\/li>\n<li> Teilnehmer: max. 10 Personen<\/li>\n<\/ul>\n<p>Weitere Infos und Anmeldung unter Tel. 0661 \u2013 9283518 (K.Wagner) oder unter Tel. 4800178 (V. K\u00fchnlein ), <a href=\"http:\/\/www.verenz.de\/\">www.verenz.de<\/a>. (cp)<\/p>\n","protected":false},"excerpt":{"rendered":"<div class=\"tmnf_excerpt\"><p>Fulda. Zeichnen ist eine wichtige Voraussetzung f\u00fcr jegliches Kunstschaffen. Lernen kann es jeder. In dem Grundkurs Zeichnen I werden zur Einf\u00fchrung einige Zeichnungen des Fuldaer Malers Fritz Pfeiffer (1878 \u2013 1953) aus der Sammlung des Museums gezeigt und besprochen. Dann gehen die TeilnehmerInnen selbst ans Werk. Es werden einfache Motive gew\u00e4hlt, die Schritt f\u00fcr Schritt &hellip;<\/p>\n<\/div>","protected":false},"author":1,"featured_media":0,"comment_status":"closed","ping_status":"closed","sticky":false,"template":"","format":"standard","meta":{"footnotes":""},"categories":[1],"tags":[],"class_list":["post-80269","post","type-post","status-publish","format-standard","hentry","category-startseite"],"_links":{"self":[{"href":"https:\/\/www.fuldaernachrichten.de\/index.php?rest_route=\/wp\/v2\/posts\/80269","targetHints":{"allow":["GET"]}}],"collection":[{"href":"https:\/\/www.fuldaernachrichten.de\/index.php?rest_route=\/wp\/v2\/posts"}],"about":[{"href":"https:\/\/www.fuldaernachrichten.de\/index.php?rest_route=\/wp\/v2\/types\/post"}],"author":[{"embeddable":true,"href":"https:\/\/www.fuldaernachrichten.de\/index.php?rest_route=\/wp\/v2\/users\/1"}],"replies":[{"embeddable":true,"href":"https:\/\/www.fuldaernachrichten.de\/index.php?rest_route=%2Fwp%2Fv2%2Fcomments&post=80269"}],"version-history":[{"count":2,"href":"https:\/\/www.fuldaernachrichten.de\/index.php?rest_route=\/wp\/v2\/posts\/80269\/revisions"}],"predecessor-version":[{"id":80290,"href":"https:\/\/www.fuldaernachrichten.de\/index.php?rest_route=\/wp\/v2\/posts\/80269\/revisions\/80290"}],"wp:attachment":[{"href":"https:\/\/www.fuldaernachrichten.de\/index.php?rest_route=%2Fwp%2Fv2%2Fmedia&parent=80269"}],"wp:term":[{"taxonomy":"category","embeddable":true,"href":"https:\/\/www.fuldaernachrichten.de\/index.php?rest_route=%2Fwp%2Fv2%2Fcategories&post=80269"},{"taxonomy":"post_tag","embeddable":true,"href":"https:\/\/www.fuldaernachrichten.de\/index.php?rest_route=%2Fwp%2Fv2%2Ftags&post=80269"}],"curies":[{"name":"wp","href":"https:\/\/api.w.org\/{rel}","templated":true}]}}