{"id":80266,"date":"2011-01-05T02:50:14","date_gmt":"2011-01-05T02:50:14","guid":{"rendered":"http:\/\/www.fuldaer-nachrichten.de\/?p=80266"},"modified":"2011-01-05T07:50:47","modified_gmt":"2011-01-05T07:50:47","slug":"fuldaer-studenten-zeigen-film-doku-ueber-zukunft-der-wassermuehlen","status":"publish","type":"post","link":"https:\/\/www.fuldaernachrichten.de\/?p=80266","title":{"rendered":"Fuldaer Studenten zeigen Film-Doku \u00fcber Zukunft der Wasserm\u00fchlen"},"content":{"rendered":"<p><strong><img fetchpriority=\"high\" decoding=\"async\" class=\"alignleft size-thumbnail wp-image-80267\" title=\"110104_Rad\" src=\"http:\/\/www.fuldaer-nachrichten.de\/wp-content\/uploads\/2011\/01\/110104_Rad-265x199.jpg\" alt=\"\" width=\"265\" height=\"199\" srcset=\"https:\/\/www.fuldaernachrichten.de\/wp-content\/uploads\/2011\/01\/110104_Rad-265x199.jpg 265w, https:\/\/www.fuldaernachrichten.de\/wp-content\/uploads\/2011\/01\/110104_Rad.jpg 592w\" sizes=\"(max-width: 265px) 100vw, 265px\" \/>Fulda. <\/strong>&#8220;Ich glotz\u00c2\u00b4TV&#8221; sang nicht nur vor Jahren Nina Hagen, sondern empfiehlt sich auch f\u00fcr den 6. Januar. Der Offene Kanal Fulda zeigt ab 18.18 Uhr einen Kurzfilm der an der Hochschule Fulda in einem Erstsemesterprojekt im laufenden Wintersemester entstanden ist. &#8220;Es klappert die M\u00fchle am rauschenden Bach&#8230;&#8221; d\u00fcrfte manche romantisierende Erinnerung an ein Idyll wecken, das es immer seltener gibt. Daher gingen Studenten des Fachbereichs Elektrotechnik und Informationstechnik der Fuldaer Hochschule der Frage filmisch nach, wie sich &#8220;Wasserm\u00fchlen der Region als Energieerzeuger&#8221; etablieren. In ihrer gleichnamigen Kurzfilm-Dokumentation zeigen sie nicht nur unterschiedliche M\u00fchlentypen, u.a. die unterschl\u00e4chtige der Fuldaer Wiesenm\u00fchle, sondern gingen auch zu Firmen, die M\u00fchlen mit entsprechender Technik ausstatten.<!--more--><\/p>\n<p>So stand die Firma Walcher aus Eichenzell ebenso wie die Firma M\u00fchlenbau-Schuhmann in Bad Kissingen im Fokus ihres Interesses. Professor Bernd Cuno vom Fachbereich ging in einem Interview auf die Zukunft der Wasserm\u00fchlen ein, Betreiber von M\u00fchlen berichten von ihren Erfahrungen mit dieser Form der umweltfreundlichen Energiegewinnung, die zu einer Kulturlandschaft wie der Rh\u00f6n geh\u00f6rt. Der Kurzfilm entstand in einem Erstsemesterprojekt bei Professorin Viviane Wolff und dem betreuenden Lehrbeauftragten Peter Wolff in Kooperation mit dem Offenen Kanal Fulda.<\/p>\n","protected":false},"excerpt":{"rendered":"<div class=\"tmnf_excerpt\"><p>Fulda. &#8220;Ich glotz\u00c2\u00b4TV&#8221; sang nicht nur vor Jahren Nina Hagen, sondern empfiehlt sich auch f\u00fcr den 6. Januar. Der Offene Kanal Fulda zeigt ab 18.18 Uhr einen Kurzfilm der an der Hochschule Fulda in einem Erstsemesterprojekt im laufenden Wintersemester entstanden ist. &#8220;Es klappert die M\u00fchle am rauschenden Bach&#8230;&#8221; d\u00fcrfte manche romantisierende Erinnerung an ein Idyll &hellip;<\/p>\n<\/div>","protected":false},"author":1,"featured_media":0,"comment_status":"closed","ping_status":"closed","sticky":false,"template":"","format":"standard","meta":{"footnotes":""},"categories":[1],"tags":[],"class_list":["post-80266","post","type-post","status-publish","format-standard","hentry","category-startseite"],"_links":{"self":[{"href":"https:\/\/www.fuldaernachrichten.de\/index.php?rest_route=\/wp\/v2\/posts\/80266","targetHints":{"allow":["GET"]}}],"collection":[{"href":"https:\/\/www.fuldaernachrichten.de\/index.php?rest_route=\/wp\/v2\/posts"}],"about":[{"href":"https:\/\/www.fuldaernachrichten.de\/index.php?rest_route=\/wp\/v2\/types\/post"}],"author":[{"embeddable":true,"href":"https:\/\/www.fuldaernachrichten.de\/index.php?rest_route=\/wp\/v2\/users\/1"}],"replies":[{"embeddable":true,"href":"https:\/\/www.fuldaernachrichten.de\/index.php?rest_route=%2Fwp%2Fv2%2Fcomments&post=80266"}],"version-history":[{"count":2,"href":"https:\/\/www.fuldaernachrichten.de\/index.php?rest_route=\/wp\/v2\/posts\/80266\/revisions"}],"predecessor-version":[{"id":80283,"href":"https:\/\/www.fuldaernachrichten.de\/index.php?rest_route=\/wp\/v2\/posts\/80266\/revisions\/80283"}],"wp:attachment":[{"href":"https:\/\/www.fuldaernachrichten.de\/index.php?rest_route=%2Fwp%2Fv2%2Fmedia&parent=80266"}],"wp:term":[{"taxonomy":"category","embeddable":true,"href":"https:\/\/www.fuldaernachrichten.de\/index.php?rest_route=%2Fwp%2Fv2%2Fcategories&post=80266"},{"taxonomy":"post_tag","embeddable":true,"href":"https:\/\/www.fuldaernachrichten.de\/index.php?rest_route=%2Fwp%2Fv2%2Ftags&post=80266"}],"curies":[{"name":"wp","href":"https:\/\/api.w.org\/{rel}","templated":true}]}}