{"id":8026,"date":"2008-02-28T00:40:45","date_gmt":"2008-02-27T23:40:45","guid":{"rendered":"http:\/\/www.schoene-nachrichten.de\/?p=8026"},"modified":"2008-02-27T23:54:52","modified_gmt":"2008-02-27T22:54:52","slug":"fotograf-walter-rammler-setzt-cebit-besucher-in-szene","status":"publish","type":"post","link":"https:\/\/www.fuldaernachrichten.de\/?p=8026","title":{"rendered":"Fotograf Walter Rammler setzt CeBIT-Besucher in Szene"},"content":{"rendered":"<p><strong><a rel=\"lightbox[roadtrip]\" target=\"_blank\" href=\"http:\/\/www.schoene-nachrichten.de\/wp-content\/uploads\/2008\/02\/080228_rammler.jpg\" title=\"080228_rammler.jpg\"><img decoding=\"async\" align=\"left\" src=\"http:\/\/www.schoene-nachrichten.de\/wp-content\/uploads\/2008\/02\/080228_rammler.thumbnail.jpg\" hspace=\"5\" alt=\"080228_rammler.jpg\" \/><\/a>Fulda. <\/strong>Die fast schon legend\u00e4ren Portraits der CeBIT Besucher werden auch in diesem Jahr fortgesetzt. Unter dem Motto \u201eFaces of CeBIT&#8221; setzt der Fuldaer Fotograf Walter M. Rammler bereits im 5. Jahr in Folge die Aussteller und Besucher in Szene. Vom Bild bis zum Ausdruck kann man den digitalen Workflow live erleben. In Halle 23 auf dem Stand des adf (Arbeitskreis Digitale Fotografie) haben also alle eine Chance auf ein gro\u00dfformatiges Portrait.<!--more--><\/p>\n<p>Parallel dazu zeigt die Messe in einer au\u00dfergew\u00f6hnlich spektakul\u00e4ren Ausstellung eine Vielzahl der \u201eFaces of CeBIT&#8221; Postern der vergangenen Jahre in Large Format auf dem Messegel\u00e4nde. Die entstandenen Bilder k\u00f6nnen wieder unter www.adf.de\/gallery bewundert werden.<\/p>\n","protected":false},"excerpt":{"rendered":"<div class=\"tmnf_excerpt\"><p>Fulda. Die fast schon legend\u00e4ren Portraits der CeBIT Besucher werden auch in diesem Jahr fortgesetzt. Unter dem Motto \u201eFaces of CeBIT&#8221; setzt der Fuldaer Fotograf Walter M. Rammler bereits im 5. Jahr in Folge die Aussteller und Besucher in Szene. Vom Bild bis zum Ausdruck kann man den digitalen Workflow live erleben. In Halle 23 &hellip;<\/p>\n<\/div>","protected":false},"author":1,"featured_media":0,"comment_status":"closed","ping_status":"closed","sticky":false,"template":"","format":"standard","meta":{"footnotes":""},"categories":[1,44],"tags":[],"class_list":["post-8026","post","type-post","status-publish","format-standard","hentry","category-startseite","category-kultur"],"_links":{"self":[{"href":"https:\/\/www.fuldaernachrichten.de\/index.php?rest_route=\/wp\/v2\/posts\/8026","targetHints":{"allow":["GET"]}}],"collection":[{"href":"https:\/\/www.fuldaernachrichten.de\/index.php?rest_route=\/wp\/v2\/posts"}],"about":[{"href":"https:\/\/www.fuldaernachrichten.de\/index.php?rest_route=\/wp\/v2\/types\/post"}],"author":[{"embeddable":true,"href":"https:\/\/www.fuldaernachrichten.de\/index.php?rest_route=\/wp\/v2\/users\/1"}],"replies":[{"embeddable":true,"href":"https:\/\/www.fuldaernachrichten.de\/index.php?rest_route=%2Fwp%2Fv2%2Fcomments&post=8026"}],"version-history":[{"count":0,"href":"https:\/\/www.fuldaernachrichten.de\/index.php?rest_route=\/wp\/v2\/posts\/8026\/revisions"}],"wp:attachment":[{"href":"https:\/\/www.fuldaernachrichten.de\/index.php?rest_route=%2Fwp%2Fv2%2Fmedia&parent=8026"}],"wp:term":[{"taxonomy":"category","embeddable":true,"href":"https:\/\/www.fuldaernachrichten.de\/index.php?rest_route=%2Fwp%2Fv2%2Fcategories&post=8026"},{"taxonomy":"post_tag","embeddable":true,"href":"https:\/\/www.fuldaernachrichten.de\/index.php?rest_route=%2Fwp%2Fv2%2Ftags&post=8026"}],"curies":[{"name":"wp","href":"https:\/\/api.w.org\/{rel}","templated":true}]}}