{"id":8024,"date":"2008-02-28T00:32:31","date_gmt":"2008-02-27T23:32:31","guid":{"rendered":"http:\/\/www.schoene-nachrichten.de\/?p=8024"},"modified":"2008-02-27T23:53:21","modified_gmt":"2008-02-27T22:53:21","slug":"lesung-literatur-im-stadtschloss-mit-michael-lentz","status":"publish","type":"post","link":"https:\/\/www.fuldaernachrichten.de\/?p=8024","title":{"rendered":"Lesung \u201eLiteratur im Stadtschlo\u00df\u201c mit Michael Lentz"},"content":{"rendered":"<p><strong><a rel=\"lightbox[roadtrip]\" target=\"_blank\" href=\"http:\/\/www.schoene-nachrichten.de\/wp-content\/uploads\/2008\/02\/080228_lentz.jpg\" title=\"080228_lentz.jpg\"><img decoding=\"async\" align=\"left\" src=\"http:\/\/www.schoene-nachrichten.de\/wp-content\/uploads\/2008\/02\/080228_lentz.thumbnail.jpg\" hspace=\"5\" alt=\"080228_lentz.jpg\" \/><\/a>Fulda.<\/strong> Nach dem erfolgreichen Auftakt folgt am 5. M\u00e4rz in der Reihe \u201eLiteratur im Stadtschlo\u00df\u201c die zweite Lesung. Gast ist diesmal Michael Lentz, der aus seinem neuesten Buch \u201ePazifik Exil\u201c lesen wird. Der promovierte und mehrfach ausgezeichnete Literaturwissenschaftler und Schriftsteller erz\u00e4hlt in seinem Roman \u201ePazifik Exil\u201c spannend, humorvoll und historisch genau vom Leben jener Intellektuellen und K\u00fcnstler, die in schwerer und gef\u00e4hrlicher Zeit vor den Nationalsozialisten aus Deutschland flohen und an der amerikanischen Pazifikk\u00fcste zwar nicht die neue Heimat, wohl aber doch ein sicheres Exil fanden.<!--more--><\/p>\n<p>Dazu geh\u00f6ren z.B. Bert Brecht, Franz Werfel, Lion Feuchtwanger und Thomas und Heinrich Mann. Mit den Mitteln der Erinnerung, der Fiktion und der Beschreibung der Lebenswirklichkeit dieses Exils, das oft genug einsam, ziemlich deprimierend, fast nur spannungsgeladen und f\u00fcr die Betroffenen immer provisorisch war, macht Lentz eine Vergangenheit erfahrbar, von der hierzulande oft nur die Tatsache \u201eim Exil\u201c gewu\u00dft wurde. Das verspricht einen sehr interessanten Lesabend.<\/p>\n<p>Wie immer findet die Lesung im F\u00fcrstensaal des Stadtschlosses um 20.00 Uhr statt. Ein B\u00fcchertisch mir den lieferbaren Titeln des Autors wird von der Firma Parzellers Buchverlag bereitgehalten, und nat\u00fcrlich wird der Autor auch wieder signieren.<\/p>\n","protected":false},"excerpt":{"rendered":"<div class=\"tmnf_excerpt\"><p>Fulda. Nach dem erfolgreichen Auftakt folgt am 5. M\u00e4rz in der Reihe \u201eLiteratur im Stadtschlo\u00df\u201c die zweite Lesung. Gast ist diesmal Michael Lentz, der aus seinem neuesten Buch \u201ePazifik Exil\u201c lesen wird. Der promovierte und mehrfach ausgezeichnete Literaturwissenschaftler und Schriftsteller erz\u00e4hlt in seinem Roman \u201ePazifik Exil\u201c spannend, humorvoll und historisch genau vom Leben jener Intellektuellen &hellip;<\/p>\n<\/div>","protected":false},"author":1,"featured_media":0,"comment_status":"closed","ping_status":"closed","sticky":false,"template":"","format":"standard","meta":{"footnotes":""},"categories":[1,53,44],"tags":[],"class_list":["post-8024","post","type-post","status-publish","format-standard","hentry","category-startseite","category-bildung","category-kultur"],"_links":{"self":[{"href":"https:\/\/www.fuldaernachrichten.de\/index.php?rest_route=\/wp\/v2\/posts\/8024","targetHints":{"allow":["GET"]}}],"collection":[{"href":"https:\/\/www.fuldaernachrichten.de\/index.php?rest_route=\/wp\/v2\/posts"}],"about":[{"href":"https:\/\/www.fuldaernachrichten.de\/index.php?rest_route=\/wp\/v2\/types\/post"}],"author":[{"embeddable":true,"href":"https:\/\/www.fuldaernachrichten.de\/index.php?rest_route=\/wp\/v2\/users\/1"}],"replies":[{"embeddable":true,"href":"https:\/\/www.fuldaernachrichten.de\/index.php?rest_route=%2Fwp%2Fv2%2Fcomments&post=8024"}],"version-history":[{"count":0,"href":"https:\/\/www.fuldaernachrichten.de\/index.php?rest_route=\/wp\/v2\/posts\/8024\/revisions"}],"wp:attachment":[{"href":"https:\/\/www.fuldaernachrichten.de\/index.php?rest_route=%2Fwp%2Fv2%2Fmedia&parent=8024"}],"wp:term":[{"taxonomy":"category","embeddable":true,"href":"https:\/\/www.fuldaernachrichten.de\/index.php?rest_route=%2Fwp%2Fv2%2Fcategories&post=8024"},{"taxonomy":"post_tag","embeddable":true,"href":"https:\/\/www.fuldaernachrichten.de\/index.php?rest_route=%2Fwp%2Fv2%2Ftags&post=8024"}],"curies":[{"name":"wp","href":"https:\/\/api.w.org\/{rel}","templated":true}]}}