{"id":80238,"date":"2011-01-04T11:07:42","date_gmt":"2011-01-04T11:07:42","guid":{"rendered":"http:\/\/www.fuldaer-nachrichten.de\/?p=80238"},"modified":"2011-01-04T11:07:42","modified_gmt":"2011-01-04T11:07:42","slug":"uewag-praesentiert-energieeffizienteste-haushaltsgeraete-neue-ausstellung-im-kundenzentrum","status":"publish","type":"post","link":"https:\/\/www.fuldaernachrichten.de\/?p=80238","title":{"rendered":"\u00dcWAG pr\u00e4sentiert energieeffizienteste Haushaltsger\u00e4te &#8211; Neue Ausstellung im Kundenzentrum"},"content":{"rendered":"<p>Fulda. Die Ausstellung \u201eDie energieeffizientesten Haushaltsger\u00e4te\u201c, die bis zum 28. Januar 2011 im Kundenzentrum der \u00dcWAG in der Fuldaer Bahnhofstra\u00dfe zu sehen ist, beantwortet die wichtigsten Fragen rund um das Thema \u201eEnergiesparen ohne Komfortverlust\u201c. Gemeinsam mit regionalen Kooperationspartnern aus dem Elektrofachhandel pr\u00e4sentiert Osthessens f\u00fchrender Energieversorger zahlreiche energieeffiziente Haushaltsger\u00e4te, von der Waschmaschine bis zum Fernseher, die mit besonders geringem Strombedarf beim Energiesparen helfen. Zus\u00e4tzlich k\u00f6nnen sich Besucher an den Modulen der Wanderausstellung \u201eClever, intelligent, energieeffizient\u201c der Deutschen Energie-Agentur GmbH (dena) informieren.<!--more--><\/p>\n<p>Die offizielle Er\u00f6ffnung der Ausstellung ist am Mittwoch, 12. Januar 2011, um 18:00 Uhr. Nach der Begr\u00fc\u00dfung mit Michael Brehl, Obermeister der Elektro-Innung Fulda, steht an diesem Abend ein Vortrag von Energie-Experte Dr. Gerhard Sperlich von der HEA \u2013 Fachgemeinschaft f\u00fcr effiziente Energieanwendung e. V. aus Berlin auf dem Programm. Titel seiner Pr\u00e4sentation: \u201eSteigerung der Energieeffizienz \u2013 ein entscheidender Beitrag zum Schutz von Umwelt und Ressourcen\u201c. Anschlie\u00dfend beleuchtet \u00dcWAG-Energieberater Frank Fleck in einem weiteren Vortrag das Thema Energiesparen mit modernen Haushaltsger\u00e4ten aus Praxissicht.<\/p>\n<p>Haushaltsgro\u00dfger\u00e4te wie K\u00fchl- und Gefrierschrank bilden einen Schwerpunkt der Ausstellung im \u00dcWAG-Kundenzentrum. Allein die sogenannte \u201eWei\u00dfe Ware\u201c kann nach Sch\u00e4tzungen der dena f\u00fcr bis zu 45 Prozent des Stromverbrauchs im Privathaushalt verantwortlich sein. Aus der Produktschau mit den effizientesten Ger\u00e4ten ihrer Klasse sowie anhand von Schautafeln und Exponaten k\u00f6nnen sich die Besucher unter anderem ein Bild davon machen, wann es sich lohnt, noch funktionierende Haushaltsger\u00e4te durch moderne, energieeffiziente zu ersetzen, oder wie viel Strom von Fernseher und anderen multimedialen Ger\u00e4ten verbraucht wird.<\/p>\n<p>Dar\u00fcber hinaus zeigt die Ausstellung mit allerlei weiterem Informationsmaterial und teils interaktiven Modellen weitere M\u00f6glichkeiten zum Energiesparen auf. So erfahren Interessierte an verschiedenen Ausstellungsger\u00e4ten, wie hoch das Einsparpotenzial ist, wenn man den Standby-Betrieb ausschaltet.<\/p>\n<p>Die Ausstellung \u201eDie energieeffizientesten Haushaltsger\u00e4te\u201c ist vom 7. bis zum 28. Januar 2011 im \u00dcWAG-Kundenzentrum in der Fuldaer Bahnhofstra\u00dfe zu sehen und kann w\u00e4hrend der regul\u00e4ren \u00d6ffnungszeiten des Kundenzentrums besucht werden.<\/p>\n","protected":false},"excerpt":{"rendered":"<div class=\"tmnf_excerpt\"><p>Fulda. Die Ausstellung \u201eDie energieeffizientesten Haushaltsger\u00e4te\u201c, die bis zum 28. Januar 2011 im Kundenzentrum der \u00dcWAG in der Fuldaer Bahnhofstra\u00dfe zu sehen ist, beantwortet die wichtigsten Fragen rund um das Thema \u201eEnergiesparen ohne Komfortverlust\u201c. Gemeinsam mit regionalen Kooperationspartnern aus dem Elektrofachhandel pr\u00e4sentiert Osthessens f\u00fchrender Energieversorger zahlreiche energieeffiziente Haushaltsger\u00e4te, von der Waschmaschine bis zum Fernseher, die &hellip;<\/p>\n<\/div>","protected":false},"author":1,"featured_media":0,"comment_status":"closed","ping_status":"closed","sticky":false,"template":"","format":"standard","meta":{"footnotes":""},"categories":[1,29],"tags":[],"class_list":["post-80238","post","type-post","status-publish","format-standard","hentry","category-startseite","category-politik"],"_links":{"self":[{"href":"https:\/\/www.fuldaernachrichten.de\/index.php?rest_route=\/wp\/v2\/posts\/80238","targetHints":{"allow":["GET"]}}],"collection":[{"href":"https:\/\/www.fuldaernachrichten.de\/index.php?rest_route=\/wp\/v2\/posts"}],"about":[{"href":"https:\/\/www.fuldaernachrichten.de\/index.php?rest_route=\/wp\/v2\/types\/post"}],"author":[{"embeddable":true,"href":"https:\/\/www.fuldaernachrichten.de\/index.php?rest_route=\/wp\/v2\/users\/1"}],"replies":[{"embeddable":true,"href":"https:\/\/www.fuldaernachrichten.de\/index.php?rest_route=%2Fwp%2Fv2%2Fcomments&post=80238"}],"version-history":[{"count":1,"href":"https:\/\/www.fuldaernachrichten.de\/index.php?rest_route=\/wp\/v2\/posts\/80238\/revisions"}],"predecessor-version":[{"id":80239,"href":"https:\/\/www.fuldaernachrichten.de\/index.php?rest_route=\/wp\/v2\/posts\/80238\/revisions\/80239"}],"wp:attachment":[{"href":"https:\/\/www.fuldaernachrichten.de\/index.php?rest_route=%2Fwp%2Fv2%2Fmedia&parent=80238"}],"wp:term":[{"taxonomy":"category","embeddable":true,"href":"https:\/\/www.fuldaernachrichten.de\/index.php?rest_route=%2Fwp%2Fv2%2Fcategories&post=80238"},{"taxonomy":"post_tag","embeddable":true,"href":"https:\/\/www.fuldaernachrichten.de\/index.php?rest_route=%2Fwp%2Fv2%2Ftags&post=80238"}],"curies":[{"name":"wp","href":"https:\/\/api.w.org\/{rel}","templated":true}]}}