{"id":80195,"date":"2011-01-04T06:02:12","date_gmt":"2011-01-04T06:02:12","guid":{"rendered":"http:\/\/www.fuldaer-nachrichten.de\/?p=80195"},"modified":"2011-01-04T08:02:24","modified_gmt":"2011-01-04T08:02:24","slug":"sternsinger-sammeln-fuer-behinderte-kinder-in-entwicklungslaendern","status":"publish","type":"post","link":"https:\/\/www.fuldaernachrichten.de\/?p=80195","title":{"rendered":"Sternsinger sammeln f\u00fcr behinderte Kinder in Entwicklungsl\u00e4ndern"},"content":{"rendered":"<p><strong>Fulda. <\/strong>Bis zu 5 000 Kinder und Jugendliche machen im Bistum bei der Aktion Dreik\u00f6nigssingen mit. Bischof Algermissen wird die Jungen und M\u00e4dchen am 6.Januar mit einem feierlichen Gottesdienst aussenden. \u201eKinder zeigen St\u00e4rke\u201c lautet das Motto der 53. Aktion Dreik\u00f6nigssingen. Das gesammelte Geld geht an behinderte Kinder in Entwicklungsl\u00e4ndern. Zum Jahresanfang sind eine halbe Million Sternsinger in Deutschland unterwegs. Allein im Bistum Fulda beteiligen sich bis zu 5 000 Kinder und Jugendliche an der Aktion.\u00c2\u00a0 Mit ihrem Engagement wollen die Sternsinger deutlich machen, dass auch Kinder mit Behinderung in den sogenannten Entwicklungsl\u00e4ndern ihre Ziele erreichen k\u00f6nnen &#8211; vorausgesetzt, sie werden unterst\u00fctzt. <!--more--><\/p>\n<p>In L\u00e4ndern wie etwa Kambodscha ist die H\u00e4lfte der Behinderungen bei Kindern und Jugendlichen eine Folge von Armut. Mit den gesammelten Spendengeldern werden Projekte gef\u00f6rdert, die den Zugang zu Spezialkliniken erleichtern und damit die Lebensqualit\u00e4t der jungen Menschen verbessern. 260 derartige Projekte in 61 L\u00e4ndern haben die Sternsinger in den vergangenen drei Jahren unterst\u00fctzt. Die zentrale Aussendungsfeier f\u00fcr die Sternsinger findet am Donnerstag, den 06. Januar 2011 im Dom in Fulda statt. Die festliche Eucharistiefeier mit Bischof Heinz Josef Algermissen beginnt um 11.00 Uhr. Bereits ab 10.00 Uhr bietet Domkapellmeister Franz-Peter Huber einen musikalischen Workshop f\u00fcr alle Sternsingergruppen an. Gemeinsam mit dem B-Chor (9-12j\u00e4hrige) des Fuldaer Jugendkathedralchors werden dabei die Lieder f\u00fcr den anschlie\u00dfenden Gottesdienst vorbereitet. Ab 13.00 Uhr wird auch das Dommuseum ge\u00f6ffnet sein. Der Eintritt f\u00fcr Sternsingergruppen ist an diesem Tag kostenfrei.<\/p>\n<p>Bei der Aktion 2010 kam durch den Einsatz der Jungen und M\u00e4dchen bundesweit eine Summe von 40,6 Millionen Euro zusammen. Im Bistum Fulda sammelten die Jungen und M\u00e4dchen rund 650 000 Euro. Das Kindermissonswerk \u201eDie Sternsinger\u201c und der Bund der Deutschen Katholischen Jugend (BDKJ) finanzierten dadurch 2400 Kinderhilfsprojekte in 110 L\u00e4ndern. Mit den Mitteln der Sternsinger-Aktion wird Bildung und Ausbildung finanziert, die es den Kindern und Jugendlichen in den \u00e4rmsten L\u00e4ndern der Erde erm\u00f6glicht, ihre Zukunft selbst in die Hand zu nehmen. So soll es ihnen gelingen, die Spirale der Armut, der Krankheit und des Todes zu durchbrechen. Die Sternsingeraktion ist mit dem Spendensiegel des Deutschen Zentralinstituts f\u00fcr soziale Fragen (DZI) ausgezeichnet.<\/p>\n<p>Der Bund der deutschen katholischen Jugend (BDKJ) im Bistum Fulda unterst\u00fctzt junge Menschen bei ihrer pers\u00f6nlichen Entwicklung und Wegfindung. Er bietet u.a. Bildungsurlaubsseminare an und ist Tr\u00e4ger f\u00fcr das Freiwillige Soziale Jahr (FSJ). Als Dachverband vertritt er bistumsweit die Interessen von ca. 7100 Mitgliedern der Katholischen Jugendverb\u00e4nde DPSG (Deutsche Pfadfinderschaft St. Georg), JAA (Junge Aktion der Ackermanngemeinde), J-GCL (Jugendverb\u00e4nde der Gemeinschaft Christlichen Lebens), KjG (Kath. Junge Gemeinde), KLJB (Kath. Landjugendbewegung), KSJ (Kath. Studierende Jugend, Heliand-M\u00e4dchenkreis und Sch\u00fclergemeinschaft im Bund Neudeutschland) der Malteserjugend und Kolpingjugend, sowie der DjK (Deutsche Jugendkraft) als Anschlussverband, in Kirche, Politik und Gesellschaft.<\/p>\n","protected":false},"excerpt":{"rendered":"<div class=\"tmnf_excerpt\"><p>Fulda. Bis zu 5 000 Kinder und Jugendliche machen im Bistum bei der Aktion Dreik\u00f6nigssingen mit. Bischof Algermissen wird die Jungen und M\u00e4dchen am 6.Januar mit einem feierlichen Gottesdienst aussenden. \u201eKinder zeigen St\u00e4rke\u201c lautet das Motto der 53. Aktion Dreik\u00f6nigssingen. Das gesammelte Geld geht an behinderte Kinder in Entwicklungsl\u00e4ndern. Zum Jahresanfang sind eine halbe Million &hellip;<\/p>\n<\/div>","protected":false},"author":1,"featured_media":0,"comment_status":"closed","ping_status":"closed","sticky":false,"template":"","format":"standard","meta":{"footnotes":""},"categories":[1],"tags":[],"class_list":["post-80195","post","type-post","status-publish","format-standard","hentry","category-startseite"],"_links":{"self":[{"href":"https:\/\/www.fuldaernachrichten.de\/index.php?rest_route=\/wp\/v2\/posts\/80195","targetHints":{"allow":["GET"]}}],"collection":[{"href":"https:\/\/www.fuldaernachrichten.de\/index.php?rest_route=\/wp\/v2\/posts"}],"about":[{"href":"https:\/\/www.fuldaernachrichten.de\/index.php?rest_route=\/wp\/v2\/types\/post"}],"author":[{"embeddable":true,"href":"https:\/\/www.fuldaernachrichten.de\/index.php?rest_route=\/wp\/v2\/users\/1"}],"replies":[{"embeddable":true,"href":"https:\/\/www.fuldaernachrichten.de\/index.php?rest_route=%2Fwp%2Fv2%2Fcomments&post=80195"}],"version-history":[{"count":2,"href":"https:\/\/www.fuldaernachrichten.de\/index.php?rest_route=\/wp\/v2\/posts\/80195\/revisions"}],"predecessor-version":[{"id":80228,"href":"https:\/\/www.fuldaernachrichten.de\/index.php?rest_route=\/wp\/v2\/posts\/80195\/revisions\/80228"}],"wp:attachment":[{"href":"https:\/\/www.fuldaernachrichten.de\/index.php?rest_route=%2Fwp%2Fv2%2Fmedia&parent=80195"}],"wp:term":[{"taxonomy":"category","embeddable":true,"href":"https:\/\/www.fuldaernachrichten.de\/index.php?rest_route=%2Fwp%2Fv2%2Fcategories&post=80195"},{"taxonomy":"post_tag","embeddable":true,"href":"https:\/\/www.fuldaernachrichten.de\/index.php?rest_route=%2Fwp%2Fv2%2Ftags&post=80195"}],"curies":[{"name":"wp","href":"https:\/\/api.w.org\/{rel}","templated":true}]}}