{"id":8017,"date":"2008-02-27T00:27:43","date_gmt":"2008-02-26T23:27:43","guid":{"rendered":"http:\/\/www.schoene-nachrichten.de\/?p=8017"},"modified":"2008-02-27T00:27:43","modified_gmt":"2008-02-26T23:27:43","slug":"hubert-kessler-nach-46-berufsjahren-verabschiedet","status":"publish","type":"post","link":"https:\/\/www.fuldaernachrichten.de\/?p=8017","title":{"rendered":"Hubert Ke\u00dfler nach 46 Berufsjahren verabschiedet"},"content":{"rendered":"<p><strong><a rel=\"lightbox[roadtrip]\" target=\"_blank\" href=\"http:\/\/www.schoene-nachrichten.de\/wp-content\/uploads\/2008\/02\/080226_kesler.jpg\" title=\"080226_kesler.jpg\"><img decoding=\"async\" align=\"left\" src=\"http:\/\/www.schoene-nachrichten.de\/wp-content\/uploads\/2008\/02\/080226_kesler.thumbnail.jpg\" hspace=\"5\" alt=\"080226_kesler.jpg\" \/><\/a>H\u00fcnfeld-Gro\u00dfenbach.<\/strong> Hubert Ke\u00dfler, Leiter des Fachdienstes Verkehr beim Landkreis Fulda, wurde in die Freistellungsphase der Altersteilzeit verabschiedet. Das hohe Ma\u00df an Wertsch\u00e4tzung, das dem scheidenden Leiter der fr\u00fcheren Stra\u00dfenverkehrsbeh\u00f6rde im Kollegenkreis zukommt, dr\u00fcckte sich in der gro\u00dfen Zahl von G\u00e4sten aus, die zur offiziellen Verabschiedung durch Ersten Kreisbeigeordneten Dr. Heiko Wingenfeld nach Gro\u00dfenbach, den Wohn- und Geburtsort des k\u00fcnftigen Ruhest\u00e4ndlers, gekommen waren.<!--more--><\/p>\n<p>Erster Kreisbeigeordneter Dr. Wingenfeld charakterisierte Hubert Ke\u00dfler als Mitarbeiter, der Verwaltung von der Pike auf gelernt, alle einschl\u00e4gigen Ausbildungsg\u00e4nge durchlaufen und in 46 Berufsjahren dem Landkreis in herausgehobener Position gedient habe. Neben seiner Sorgfalt und Gr\u00fcndlichkeit h\u00e4tten ihn Kollegialit\u00e4t und Hilfsbereitschaft, aber auch Warmherzigkeit und das Bem\u00fchen um einvernehmliche L\u00f6sungen ausgezeichnet. Ein bleibendes Verm\u00e4chtnis sei die genauere Beschilderung der Autobahnausfahrt Fulda-Mitte.<\/p>\n<p><strong>Erf\u00fcllung im Arbeitsleben gefunden<\/strong><\/p>\n<p>Dr. Wingenfeld erinnerte an die von Hubert Ke\u00dfler organisierten Skatturniere der Kreisverwaltung, sein Engagement im Katastrophen- und Zivilschutz, beim VdK, in der Europaunion sowie in der Katholischen Kirchengemeinde und \u00e4u\u00dferte den Wunsch, dass der k\u00fcnftige Pension\u00e4r den Kontakt zur alte Wirkungsst\u00e4tte nicht abrei\u00dfen lassen solle. Der scheidende Leiter der Stra\u00dfenverkehrsbeh\u00f6rde sei der bislang einzige Fachdienstleiter des Landkreises Fulda, der von sich sagen k\u00f6nne, dass er eine Frau als Nachfolgerin habe.<\/p>\n<p>Personalratsvorsitzender Paul Weber erw\u00e4hnte besonders die ausgefallenen Kost\u00fcme von Hubert Ke\u00dfler und den Mitarbeiterinnen und Mitarbeitern der Verkehrsbeh\u00f6rde bei der allj\u00e4hrlichen Amtsfastnacht. Geradezu legend\u00e4r sei seine Verkleidung \u201eals armer Teufel\u201c gewesen. Fachbereichsleiter Matthias Drinnenberg sagte, dass Hubert Ke\u00dfler wesentlich zum guten Ruf der inzwischen kommunalisierten staatlichen Abteilung beigetragen und mit der Leitung der Au\u00dfenstelle am Gerloser Weg seine Lebensaufgabe gefunden habe.<\/p>\n<p><strong>Standarte f\u00fcr Ersten Kreisbeigeordneten<\/strong><\/p>\n<p>Hubert Ke\u00dfler geht nach den Worten seines Stellvertreters Thomas Odenwald frohen Mutes in die vor ihm liegende Zeit. Der Leiter der Zulassungsstelle, Manfred Koch, betonte, dass dem k\u00fcnftigen Pension\u00e4r eine motivierte Truppe zur Seite gestanden habe. Hubert Ke\u00dfler w\u00fcnschte den ehemaligen Kollegen ein St\u00fcck Gelassenheit, um neue Aufgaben offensiv anzupacken. Als Erinnerungsgeschenk \u00fcberreichte er dem Ersten Kreisbeigeordneten eine Standarte, die in fr\u00fcheren Zeiten am Dienstwagen des Landrats befestigt war.<\/p>\n","protected":false},"excerpt":{"rendered":"<div class=\"tmnf_excerpt\"><p>H\u00fcnfeld-Gro\u00dfenbach. Hubert Ke\u00dfler, Leiter des Fachdienstes Verkehr beim Landkreis Fulda, wurde in die Freistellungsphase der Altersteilzeit verabschiedet. Das hohe Ma\u00df an Wertsch\u00e4tzung, das dem scheidenden Leiter der fr\u00fcheren Stra\u00dfenverkehrsbeh\u00f6rde im Kollegenkreis zukommt, dr\u00fcckte sich in der gro\u00dfen Zahl von G\u00e4sten aus, die zur offiziellen Verabschiedung durch Ersten Kreisbeigeordneten Dr. Heiko Wingenfeld nach Gro\u00dfenbach, den Wohn- &hellip;<\/p>\n<\/div>","protected":false},"author":1,"featured_media":0,"comment_status":"closed","ping_status":"closed","sticky":false,"template":"","format":"standard","meta":{"footnotes":""},"categories":[1,29],"tags":[],"class_list":["post-8017","post","type-post","status-publish","format-standard","hentry","category-startseite","category-politik"],"_links":{"self":[{"href":"https:\/\/www.fuldaernachrichten.de\/index.php?rest_route=\/wp\/v2\/posts\/8017","targetHints":{"allow":["GET"]}}],"collection":[{"href":"https:\/\/www.fuldaernachrichten.de\/index.php?rest_route=\/wp\/v2\/posts"}],"about":[{"href":"https:\/\/www.fuldaernachrichten.de\/index.php?rest_route=\/wp\/v2\/types\/post"}],"author":[{"embeddable":true,"href":"https:\/\/www.fuldaernachrichten.de\/index.php?rest_route=\/wp\/v2\/users\/1"}],"replies":[{"embeddable":true,"href":"https:\/\/www.fuldaernachrichten.de\/index.php?rest_route=%2Fwp%2Fv2%2Fcomments&post=8017"}],"version-history":[{"count":0,"href":"https:\/\/www.fuldaernachrichten.de\/index.php?rest_route=\/wp\/v2\/posts\/8017\/revisions"}],"wp:attachment":[{"href":"https:\/\/www.fuldaernachrichten.de\/index.php?rest_route=%2Fwp%2Fv2%2Fmedia&parent=8017"}],"wp:term":[{"taxonomy":"category","embeddable":true,"href":"https:\/\/www.fuldaernachrichten.de\/index.php?rest_route=%2Fwp%2Fv2%2Fcategories&post=8017"},{"taxonomy":"post_tag","embeddable":true,"href":"https:\/\/www.fuldaernachrichten.de\/index.php?rest_route=%2Fwp%2Fv2%2Ftags&post=8017"}],"curies":[{"name":"wp","href":"https:\/\/api.w.org\/{rel}","templated":true}]}}