{"id":80157,"date":"2011-01-03T11:17:42","date_gmt":"2011-01-03T11:17:42","guid":{"rendered":"http:\/\/www.fuldaer-nachrichten.de\/?p=80157"},"modified":"2011-01-03T11:17:42","modified_gmt":"2011-01-03T11:17:42","slug":"jahresauftakt-impuls-2011-der-kab-fulda-zum-leben-zu-wenig-zum-leben-zu-viel","status":"publish","type":"post","link":"https:\/\/www.fuldaernachrichten.de\/?p=80157","title":{"rendered":"Jahresauftakt IMPULS 2011 der KAB Fulda &#8211; \u201eZum Leben zu wenig \u2013 zum Leben zu viel ?\u201c"},"content":{"rendered":"<p><strong><a href=\"http:\/\/www.fuldaer-nachrichten.de\/wp-content\/uploads\/2011\/01\/110103_FranzSegbers.jpg\"><img fetchpriority=\"high\" decoding=\"async\" class=\"alignleft size-thumbnail wp-image-80158\" title=\"110103_FranzSegbers\" src=\"http:\/\/www.fuldaer-nachrichten.de\/wp-content\/uploads\/2011\/01\/110103_FranzSegbers-265x355.jpg\" alt=\"\" width=\"265\" height=\"355\" srcset=\"https:\/\/www.fuldaernachrichten.de\/wp-content\/uploads\/2011\/01\/110103_FranzSegbers-265x355.jpg 265w, https:\/\/www.fuldaernachrichten.de\/wp-content\/uploads\/2011\/01\/110103_FranzSegbers-197x265.jpg 197w, https:\/\/www.fuldaernachrichten.de\/wp-content\/uploads\/2011\/01\/110103_FranzSegbers.jpg 399w\" sizes=\"(max-width: 265px) 100vw, 265px\" \/><\/a>Fulda<\/strong>. \u201cZum Leben zu wenig \u2013 zum Leben zu viel ?\u201c ist das Thema der diesj\u00e4hrigen Jahresauftaktveranstaltung IMPULS 2011 der Katholischen Arbeitnehmer-Bewegung (KAB) Di\u00f6zesanverband Fulda mit Professor Dr. Franz Segbers am 15. Januar 2011 in Fulda-Horas. Steigende Unternehmensgewinne einerseits, stagnierende und sinkende L\u00f6hne und Geh\u00e4lter andererseits, Verlagerung von Arbeitspl\u00e4tzen in den Niedriglohnsektor und in den Leiharbeitsbereich sowie die Zunahme von prek\u00e4ren Besch\u00e4ftigungsverh\u00e4ltnissen sind einmal mehr Anlass f\u00fcr den katholischen Sozialverband die Frage nach langfristig tragenden Alternativen aufzuwerfen. <!--more--><\/p>\n<p>Segbers, Professor f\u00fcr Sozialethik an der Universit\u00e4t Marburg, wird in seinem Referat auf die Idee eines bedingungslosen Grundeinkommens eingehen. Das Menschenrecht auf Existenzsicherung wird gerade im Blick auf die aktuellen Diskussionen um die Hartz-IV-Reformen ebenfalls seinen Platz in dem Vortrag finden. Die Jahresauftaktveranstaltung beginnt um 9:00 Uhr mit einer heiligen Messe in der Pfarrkirche St. Bonifatius und wird um 10:00 Uhr mit einem Stehempfang im Adalbert-Endert-Haus fortgesetzt. Um 10:30 Uhr folgt der inhaltliche Teil mit dem Referat von Prof. Segbers. Die KAB l\u00e4dt dazu alle Interessierten ein. Die Teilnahme ist kostenfrei. Informationen sind auch im Internet unter <a href=\"http:\/\/www.kab-fulda.de\/\">www.kab-fulda.de<\/a> zu finden.<\/p>\n","protected":false},"excerpt":{"rendered":"<div class=\"tmnf_excerpt\"><p>Fulda. \u201cZum Leben zu wenig \u2013 zum Leben zu viel ?\u201c ist das Thema der diesj\u00e4hrigen Jahresauftaktveranstaltung IMPULS 2011 der Katholischen Arbeitnehmer-Bewegung (KAB) Di\u00f6zesanverband Fulda mit Professor Dr. Franz Segbers am 15. Januar 2011 in Fulda-Horas. Steigende Unternehmensgewinne einerseits, stagnierende und sinkende L\u00f6hne und Geh\u00e4lter andererseits, Verlagerung von Arbeitspl\u00e4tzen in den Niedriglohnsektor und in den &hellip;<\/p>\n<\/div>","protected":false},"author":1,"featured_media":0,"comment_status":"closed","ping_status":"closed","sticky":false,"template":"","format":"standard","meta":{"footnotes":""},"categories":[1],"tags":[],"class_list":["post-80157","post","type-post","status-publish","format-standard","hentry","category-startseite"],"_links":{"self":[{"href":"https:\/\/www.fuldaernachrichten.de\/index.php?rest_route=\/wp\/v2\/posts\/80157","targetHints":{"allow":["GET"]}}],"collection":[{"href":"https:\/\/www.fuldaernachrichten.de\/index.php?rest_route=\/wp\/v2\/posts"}],"about":[{"href":"https:\/\/www.fuldaernachrichten.de\/index.php?rest_route=\/wp\/v2\/types\/post"}],"author":[{"embeddable":true,"href":"https:\/\/www.fuldaernachrichten.de\/index.php?rest_route=\/wp\/v2\/users\/1"}],"replies":[{"embeddable":true,"href":"https:\/\/www.fuldaernachrichten.de\/index.php?rest_route=%2Fwp%2Fv2%2Fcomments&post=80157"}],"version-history":[{"count":2,"href":"https:\/\/www.fuldaernachrichten.de\/index.php?rest_route=\/wp\/v2\/posts\/80157\/revisions"}],"predecessor-version":[{"id":80165,"href":"https:\/\/www.fuldaernachrichten.de\/index.php?rest_route=\/wp\/v2\/posts\/80157\/revisions\/80165"}],"wp:attachment":[{"href":"https:\/\/www.fuldaernachrichten.de\/index.php?rest_route=%2Fwp%2Fv2%2Fmedia&parent=80157"}],"wp:term":[{"taxonomy":"category","embeddable":true,"href":"https:\/\/www.fuldaernachrichten.de\/index.php?rest_route=%2Fwp%2Fv2%2Fcategories&post=80157"},{"taxonomy":"post_tag","embeddable":true,"href":"https:\/\/www.fuldaernachrichten.de\/index.php?rest_route=%2Fwp%2Fv2%2Ftags&post=80157"}],"curies":[{"name":"wp","href":"https:\/\/api.w.org\/{rel}","templated":true}]}}