{"id":80149,"date":"2011-01-03T10:18:46","date_gmt":"2011-01-03T10:18:46","guid":{"rendered":"http:\/\/www.fuldaer-nachrichten.de\/?p=80149"},"modified":"2011-01-03T11:20:02","modified_gmt":"2011-01-03T11:20:02","slug":"landkreis-fulda-sucht-teilnehmer-fuer-hessentag","status":"publish","type":"post","link":"https:\/\/www.fuldaernachrichten.de\/?p=80149","title":{"rendered":"Landkreis Fulda sucht Teilnehmer f\u00fcr Hessentag"},"content":{"rendered":"<p><strong>Fulda. <\/strong>Der 51. Hessentag findet vom 10. bis 19. Juni 2011 in Oberursel statt. Den Abschluss bildet der Hessentagsfestumzug, der in diesem Jahr unter dem Motto \u201eWir Hessen\u201c steht. Interessierte Gruppen aus dem Landkreis Fulda k\u00f6nnen sich bei der Kreisverwaltung um eine Teilnahme bewerben. Auch diesmal sind die Landkreise und St\u00e4dte aufgerufen, eine repr\u00e4sentative Abordnung zu entsenden. Die Gesamtzahl der Festzugbeitr\u00e4ge orientiert sich an der Gr\u00f6\u00dfenordnung der letzten Jahre, wobei die einzelnen Landkreise und St\u00e4dte wiederum ein festes Gruppenkontingent erhalten. Das Kontingent des Landkreises Fulda betr\u00e4gt sechs Gruppen und resultiert zum einen aus dem Umfang der bisherigen Beteiligung und zum anderen aus der Entfernung zur diesj\u00e4hrigen Hessentagsstadt.<!--more--><\/p>\n<p>Die Kreisverwaltung ruft interessierte Gruppen und Vereine aus dem Landkreis Fulda auf, sich zu bewerben. Gesucht werden sowohl Motivwagen als auch Fu\u00df-, Musik- und Trachtengruppen. Insbesondere Bewerbungen von Musikgruppen sind erw\u00fcnscht. Sollten die eingehenden Bewerbungen das vorgegebene Kontingent \u00fcbersteigen, treffen die Landkreise und St\u00e4dte in eigener Zust\u00e4ndigkeit eine Auswahl. F\u00fcr jeden Festzugsbeitrag gibt es eine Unkostenpauschale, f\u00fcr die Teilnehmerinnen und Teilnehmer ein Verzehrgeld. Bewerbungen von Gruppen aus dem Kreisgebiet sind bis sp\u00e4testens Freitag, den 18.\u00c2\u00a0Februar 2011, an die Verwaltungsleitung des Landkreises Fulda (Frau Tanja Gilbert), W\u00f6rthstra\u00dfe 15, in 36037 Fulda zu richten. Nach Weiterleitung der Anmeldung entscheidet die Staatskanzlei voraussichtlich bis Mitte M\u00e4rz \u00fcber die Zulassung.<\/p>\n","protected":false},"excerpt":{"rendered":"<div class=\"tmnf_excerpt\"><p>Fulda. Der 51. Hessentag findet vom 10. bis 19. Juni 2011 in Oberursel statt. Den Abschluss bildet der Hessentagsfestumzug, der in diesem Jahr unter dem Motto \u201eWir Hessen\u201c steht. Interessierte Gruppen aus dem Landkreis Fulda k\u00f6nnen sich bei der Kreisverwaltung um eine Teilnahme bewerben. Auch diesmal sind die Landkreise und St\u00e4dte aufgerufen, eine repr\u00e4sentative Abordnung &hellip;<\/p>\n<\/div>","protected":false},"author":1,"featured_media":0,"comment_status":"closed","ping_status":"closed","sticky":false,"template":"","format":"standard","meta":{"footnotes":""},"categories":[1],"tags":[],"class_list":["post-80149","post","type-post","status-publish","format-standard","hentry","category-startseite"],"_links":{"self":[{"href":"https:\/\/www.fuldaernachrichten.de\/index.php?rest_route=\/wp\/v2\/posts\/80149","targetHints":{"allow":["GET"]}}],"collection":[{"href":"https:\/\/www.fuldaernachrichten.de\/index.php?rest_route=\/wp\/v2\/posts"}],"about":[{"href":"https:\/\/www.fuldaernachrichten.de\/index.php?rest_route=\/wp\/v2\/types\/post"}],"author":[{"embeddable":true,"href":"https:\/\/www.fuldaernachrichten.de\/index.php?rest_route=\/wp\/v2\/users\/1"}],"replies":[{"embeddable":true,"href":"https:\/\/www.fuldaernachrichten.de\/index.php?rest_route=%2Fwp%2Fv2%2Fcomments&post=80149"}],"version-history":[{"count":2,"href":"https:\/\/www.fuldaernachrichten.de\/index.php?rest_route=\/wp\/v2\/posts\/80149\/revisions"}],"predecessor-version":[{"id":80169,"href":"https:\/\/www.fuldaernachrichten.de\/index.php?rest_route=\/wp\/v2\/posts\/80149\/revisions\/80169"}],"wp:attachment":[{"href":"https:\/\/www.fuldaernachrichten.de\/index.php?rest_route=%2Fwp%2Fv2%2Fmedia&parent=80149"}],"wp:term":[{"taxonomy":"category","embeddable":true,"href":"https:\/\/www.fuldaernachrichten.de\/index.php?rest_route=%2Fwp%2Fv2%2Fcategories&post=80149"},{"taxonomy":"post_tag","embeddable":true,"href":"https:\/\/www.fuldaernachrichten.de\/index.php?rest_route=%2Fwp%2Fv2%2Ftags&post=80149"}],"curies":[{"name":"wp","href":"https:\/\/api.w.org\/{rel}","templated":true}]}}