{"id":8014,"date":"2008-02-27T00:28:02","date_gmt":"2008-02-26T23:28:02","guid":{"rendered":"http:\/\/www.schoene-nachrichten.de\/?p=8014"},"modified":"2008-02-27T00:28:02","modified_gmt":"2008-02-26T23:28:02","slug":"vpb-eroeffnet-regionalbuero-in-fulda","status":"publish","type":"post","link":"https:\/\/www.fuldaernachrichten.de\/?p=8014","title":{"rendered":"VPB er\u00f6ffnet Regionalb\u00fcro in Fulda"},"content":{"rendered":"<p><strong>Fulda.<\/strong> Der Verband Privater Bauherren (VPB) er\u00f6ffnet am 1. M\u00e4rz 2008 sein neues Regionalb\u00fcro in Fulda. Das neue Beratungszentrum wird von Dipl.-Ing. Thomas Weber geleitet, der ab sofort die Region mit den Postleitzahlen 36000-36329, 36370-36399 sowie 36470-36999 und 37200-37299 betreut.<!--more--><\/p>\n<p>Dipl.-Ing. Thomas Weber betreibt sein Beratungsb\u00fcro im Weyherser Weg 44 in 36093 K\u00fcnzell. Er ist telefonisch zu erreichen unter der Nummer 0661 93 350 187, per Fax unter der Nummer 0661 350 52 und unter der E-Mail-Adresse <a href=\"mailto:fulda@vpb.de\">fulda@vpb.de<\/a>. Kostenloses Informationsmaterial \u00fcber die Arbeit des VPB kann ab sofort beim Regionalb\u00fcro bestellt werden. Thomas Weber ist Diplomingenieur und Master of Engineering, Sachverst\u00e4ndiger f\u00fcr Sch\u00e4den an Geb\u00e4uden und Beratender Ingenieur der Ingenieurkammer Hessen seit M\u00e4rz 1992.<\/p>\n<p>Zu seinen Spezialgebieten geh\u00f6ren unter anderem die baubegleitende Qualit\u00e4tssicherung und die Betreuung von Bauprojekten, ferner Energieberatung und \u2013konzeption sowie W\u00e4rmeschutzberechnungen. Er \u00fcbernimmt technische Vertragsberatungen und Projektsteuerungen und unterst\u00fctzt Bauherren bei der Beseitigung von M\u00e4ngeln am Bau. Thomas Weber erstellt Gutachten, er arbeitet Sanierungsempfehlungen f\u00fcr Bausch\u00e4den aus, ber\u00e4t bei Bau- und Sanierungsma\u00dfnahmen im Bestand und ber\u00e4t Kunden beim Kauf von Gebrauchtimmobilien. Au\u00dferdem stellt er in seinem B\u00fcro BAFA-Energieausweiseaus. Der Bausachverst\u00e4ndige kooperiert in seinem B\u00fcro mit Spezialisten f\u00fcr Wertermittlung sowie mit erfahrenen Baujuristen.<\/p>\n<p>Der Verband Privater Bauherren ist eine unabh\u00e4ngige, bundesweit t\u00e4tige Verbraucherschutzgemeinschaft. Die Mitarbeiter in den Regionalb\u00fcros beraten und betreuen Mitglieder in allen technischen Fragen des Grunderwerbs, des Kaufs von Alt- und Neubauten und des Bauens allgemein. Der VPB, gegr\u00fcndet 1976 in Hamburg, ist heute in allen gro\u00dfen St\u00e4dten und Regionen der Bundesrepublik vertreten und hat nach eigenen Angaben seit seiner Gr\u00fcndung \u00fcber 100.000 Mitglieder betreut.<\/p>\n","protected":false},"excerpt":{"rendered":"<div class=\"tmnf_excerpt\"><p>Fulda. Der Verband Privater Bauherren (VPB) er\u00f6ffnet am 1. M\u00e4rz 2008 sein neues Regionalb\u00fcro in Fulda. Das neue Beratungszentrum wird von Dipl.-Ing. Thomas Weber geleitet, der ab sofort die Region mit den Postleitzahlen 36000-36329, 36370-36399 sowie 36470-36999 und 37200-37299 betreut.<\/p>\n<\/div>","protected":false},"author":1,"featured_media":0,"comment_status":"closed","ping_status":"closed","sticky":false,"template":"","format":"standard","meta":{"footnotes":""},"categories":[1],"tags":[],"class_list":["post-8014","post","type-post","status-publish","format-standard","hentry","category-startseite"],"_links":{"self":[{"href":"https:\/\/www.fuldaernachrichten.de\/index.php?rest_route=\/wp\/v2\/posts\/8014","targetHints":{"allow":["GET"]}}],"collection":[{"href":"https:\/\/www.fuldaernachrichten.de\/index.php?rest_route=\/wp\/v2\/posts"}],"about":[{"href":"https:\/\/www.fuldaernachrichten.de\/index.php?rest_route=\/wp\/v2\/types\/post"}],"author":[{"embeddable":true,"href":"https:\/\/www.fuldaernachrichten.de\/index.php?rest_route=\/wp\/v2\/users\/1"}],"replies":[{"embeddable":true,"href":"https:\/\/www.fuldaernachrichten.de\/index.php?rest_route=%2Fwp%2Fv2%2Fcomments&post=8014"}],"version-history":[{"count":0,"href":"https:\/\/www.fuldaernachrichten.de\/index.php?rest_route=\/wp\/v2\/posts\/8014\/revisions"}],"wp:attachment":[{"href":"https:\/\/www.fuldaernachrichten.de\/index.php?rest_route=%2Fwp%2Fv2%2Fmedia&parent=8014"}],"wp:term":[{"taxonomy":"category","embeddable":true,"href":"https:\/\/www.fuldaernachrichten.de\/index.php?rest_route=%2Fwp%2Fv2%2Fcategories&post=8014"},{"taxonomy":"post_tag","embeddable":true,"href":"https:\/\/www.fuldaernachrichten.de\/index.php?rest_route=%2Fwp%2Fv2%2Ftags&post=8014"}],"curies":[{"name":"wp","href":"https:\/\/api.w.org\/{rel}","templated":true}]}}