{"id":80115,"date":"2011-01-03T10:21:47","date_gmt":"2011-01-03T10:21:47","guid":{"rendered":"http:\/\/www.fuldaer-nachrichten.de\/?p=80115"},"modified":"2011-01-03T11:22:46","modified_gmt":"2011-01-03T11:22:46","slug":"bischof-algermissen-hielt-traditionellen-neujahrsempfang-in-fulda-ab-3","status":"publish","type":"post","link":"https:\/\/www.fuldaernachrichten.de\/?p=80115","title":{"rendered":"Bischof Algermissen hielt traditionellen Neujahrsempfang in Fulda ab"},"content":{"rendered":"<p><strong><a href=\"http:\/\/www.fuldaer-nachrichten.de\/wp-content\/uploads\/2011\/01\/110103_Neujahrsempfang-_023.jpg\"><img fetchpriority=\"high\" decoding=\"async\" class=\"alignleft size-thumbnail wp-image-80139\" title=\"110103_Neujahrsempfang _023\" src=\"http:\/\/www.fuldaer-nachrichten.de\/wp-content\/uploads\/2011\/01\/110103_Neujahrsempfang-_023-265x198.jpg\" alt=\"\" width=\"265\" height=\"198\" srcset=\"https:\/\/www.fuldaernachrichten.de\/wp-content\/uploads\/2011\/01\/110103_Neujahrsempfang-_023-265x198.jpg 265w, https:\/\/www.fuldaernachrichten.de\/wp-content\/uploads\/2011\/01\/110103_Neujahrsempfang-_023.jpg 592w\" sizes=\"(max-width: 265px) 100vw, 265px\" \/><\/a>Fulda\/Hanau\/Kassel\/Marburg.<\/strong> \u201eWas Leben und W\u00fcrde eines Menschen wert sind, h\u00e4ngt nicht davon ab, welche Rolle im Beruf jemand spielt und welches Einkommen auf dem Gehaltsbogen steht \u2013 die W\u00fcrde als Mensch und der Wert eines Lebens sind davon ganz und gar unabh\u00e4ngig, sie sind uns von Gott gegeben.\u201c Dies betonte der Fuldaer Bischof Heinz Josef Algermissen am Samstag, 1. Januar, beim traditionellen Neujahrsempfang im Fuldaer Priesterseminar. Der Mensch gehe nicht in dem auf, was er leiste. Der Oberhirte bezeichnete in seinem Schlusswort den Sonntag als ersten Tag der Woche und eine Gelegenheit, Priorit\u00e4t zu setzen. \u201eDer Sonntag ist ganz und gar unbezahlbar. Ihn auszuh\u00f6hlen, gar auf ihn zu verzichten, nimmt dem Leben der Menschen mehr als noch so gute Verkaufszahlen je einbringen k\u00f6nnen.\u201c<\/p>\n<p>Fotos (28): Elisabeth Miller<!--more--><\/p>\n<p><strong>Sonntag hat Verfassungsrang<\/strong><\/p>\n<p>Derzeit verbreite sich eine Mentalit\u00e4t, in der nur wirtschaftliche Gesichtspunkte g\u00e4lten, betonte der Fuldaer Bischof. So gerate der Sonntag, an dem die Gesch\u00e4fte ruhten und nichts zu verdienen sei, unter Rechtfertigungsdruck. \u201eEr droht als gemeinsam gefeierter Ruhetag nachhaltig besch\u00e4digt zu werden\u201c, zeigte sich Algermissen gerade auch wegen der zunehmenden sogenannten \u201everkaufsoffenen Sonntage\u201c \u00fcberzeugt. Es werde darin die \u201eAtemlosigkeit einer Gesellschaft, die sich selbst verloren hat\u201c sichtbar. Der Sonntag als Tag der Ruhe um des Menschen willen sei eine zentrale Errungenschaft, die ein hohes Gut mit Verfassungsrang darstelle und \u201ekeinen Einzelinteressen geopfert werden darf\u201c. Wer n\u00e4mlich den Sonntag und seine Zeit den Marktinteressen opfere, gebe Wesentliches von dem auf, \u201ewas uns erst eigentlich zu Menschen werden l\u00e4sst\u201c. Besonders Christen m\u00fcssten f\u00fcr den Sonntag und seine Bedeutung aufstehen und d\u00fcrften eigentlich einen verkaufsoffenen Sonntag nicht besuchen.<\/p>\n<p><a href=\"http:\/\/www.fuldaer-nachrichten.de\/wp-content\/uploads\/2011\/01\/110103_Neujahrsempfang-_028.jpg\"><img decoding=\"async\" class=\"alignnone size-thumbnail wp-image-80144\" title=\"110103_Neujahrsempfang _028\" src=\"http:\/\/www.fuldaer-nachrichten.de\/wp-content\/uploads\/2011\/01\/110103_Neujahrsempfang-_028-265x198.jpg\" alt=\"\" width=\"265\" height=\"198\" srcset=\"https:\/\/www.fuldaernachrichten.de\/wp-content\/uploads\/2011\/01\/110103_Neujahrsempfang-_028-265x198.jpg 265w, https:\/\/www.fuldaernachrichten.de\/wp-content\/uploads\/2011\/01\/110103_Neujahrsempfang-_028.jpg 592w\" sizes=\"(max-width: 265px) 100vw, 265px\" \/><\/a> <a href=\"http:\/\/www.fuldaer-nachrichten.de\/wp-content\/uploads\/2011\/01\/110103_Neujahrsempfang-_027.jpg\"><img decoding=\"async\" class=\"alignnone size-thumbnail wp-image-80143\" title=\"110103_Neujahrsempfang _027\" src=\"http:\/\/www.fuldaer-nachrichten.de\/wp-content\/uploads\/2011\/01\/110103_Neujahrsempfang-_027-265x198.jpg\" alt=\"\" width=\"265\" height=\"198\" srcset=\"https:\/\/www.fuldaernachrichten.de\/wp-content\/uploads\/2011\/01\/110103_Neujahrsempfang-_027-265x198.jpg 265w, https:\/\/www.fuldaernachrichten.de\/wp-content\/uploads\/2011\/01\/110103_Neujahrsempfang-_027.jpg 592w\" sizes=\"(max-width: 265px) 100vw, 265px\" \/><\/a><\/p>\n<p><strong>Dank an Gemeindemitglieder<\/strong><\/p>\n<p>Der Bischof sprach allen Menschen zwischen Bad Karlshafen und Frankfurt seinen Dank daf\u00fcr aus, dass sie auch im vergangenen Jahr die fuldische Kirche auf dem Weg zu Gott und in seine Zukunft weitergebracht h\u00e4tten. Algermissen nannte insbesondere die Verb\u00e4nde, Pfarrgemeinde- und Verwaltungsr\u00e4te, den Katholikenrat, den Kirchensteuerrat, aber auch die Mitarbeiter in der Di\u00f6zesanleitung. Generalvikar Apostolischer Protonotar Prof. Dr. Gerhard Stanke hatte zu Beginn des Neujahrsempfangs im Namen des Bischofs die anwesenden G\u00e4ste aus Kirche und \u00f6ffentlichem Leben willkommen gehei\u00dfen und Gr\u00fc\u00dfe von den Weihbisch\u00f6fen Johannes Kapp und Prof. Dr. Karlheinz Diez \u00fcbermittelt. Die Teilnahme zahlreicher Politiker aus Stadt und Landkreis Fulda wertete Prof. Stanke als einen \u201eAusdruck der Verbundenheit\u201c mit der Kirche von Fulda.<\/p>\n<p><strong>Wiedergewinnung verlorenen Vertrauens zentrale Aufgabe<\/strong><\/p>\n<p>Generalvikar Stanke stellte sodann heraus, dass das vergangene Jahr auch f\u00fcr das Bistum Fulda ein schweres Jahr gewesen sei. \u201eDie Wiedergewinnung des Vertrauens, das durch vielf\u00e4ltige F\u00e4lle von sexuellem Missbrauch zerst\u00f6rt worden ist, wird eine zentrale Aufgabe der Kirche sein.\u201c Er bedauerte, dass in der Vergangenheit die Wahrung des eigenen Ansehens oft wichtiger gewesen sei als die Sorge um die Opfer. Die Kirche m\u00fcsse an Gott erinnern und den Menschen dienen, wie es Jesus Christus selbst vorgelebt habe. Aus dem Geist des Evangeliums heraus m\u00fcsse es eine dem\u00fctige Kirche geben, die um ihr Versagen wisse und f\u00fcr die Menschen da sei. \u201eGlaubw\u00fcrdigkeit k\u00f6nnen wir gewinnen, wenn die Menschen sehen, dass es der Kirche um Gott und die Menschen geht\u201c, so der Generalvikar weiter. Der Geist der Liebe Gottes sei in der Kirche lebendig; er m\u00fcsse wichtiger sein als jede Selbstdarstellung.<\/p>\n<p><a href=\"http:\/\/www.fuldaer-nachrichten.de\/wp-content\/uploads\/2011\/01\/110103_Neujahrsempfang-_026.jpg\"><img loading=\"lazy\" decoding=\"async\" class=\"alignnone size-thumbnail wp-image-80142\" title=\"110103_Neujahrsempfang _026\" src=\"http:\/\/www.fuldaer-nachrichten.de\/wp-content\/uploads\/2011\/01\/110103_Neujahrsempfang-_026-265x198.jpg\" alt=\"\" width=\"265\" height=\"198\" srcset=\"https:\/\/www.fuldaernachrichten.de\/wp-content\/uploads\/2011\/01\/110103_Neujahrsempfang-_026-265x198.jpg 265w, https:\/\/www.fuldaernachrichten.de\/wp-content\/uploads\/2011\/01\/110103_Neujahrsempfang-_026.jpg 592w\" sizes=\"(max-width: 265px) 100vw, 265px\" \/><\/a> <a href=\"http:\/\/www.fuldaer-nachrichten.de\/wp-content\/uploads\/2011\/01\/110103_Neujahrsempfang-_021.jpg\"><img loading=\"lazy\" decoding=\"async\" class=\"alignnone size-thumbnail wp-image-80137\" title=\"110103_Neujahrsempfang _021\" src=\"http:\/\/www.fuldaer-nachrichten.de\/wp-content\/uploads\/2011\/01\/110103_Neujahrsempfang-_021-265x198.jpg\" alt=\"\" width=\"265\" height=\"198\" srcset=\"https:\/\/www.fuldaernachrichten.de\/wp-content\/uploads\/2011\/01\/110103_Neujahrsempfang-_021-265x198.jpg 265w, https:\/\/www.fuldaernachrichten.de\/wp-content\/uploads\/2011\/01\/110103_Neujahrsempfang-_021.jpg 592w\" sizes=\"(max-width: 265px) 100vw, 265px\" \/><\/a><\/p>\n<p>Der Vorsitzende des Katholikenrats der Di\u00f6zese Fulda, Richard Pfeifer (Biebergem\u00fcnd-Kassel), nahm ebenfalls auf die Missbrachsf\u00e4lle in der Kirche bezug und gab zu bedenken, dass viele Menschen ihr deswegen ihr Vertrauen entzogen h\u00e4tten. Zu den Opfern geh\u00f6rten immer auch ihre Familien und auch die Pfarrgemeinden, die mit diesen litten. Pfeifer mahnte eine konsequente Anwendung der neuen Mi\u00dfbrauchsleitlinien an und betonte, dass jede Vertuschung inakzeptabel sei. Das verlorene Vertrauen in die Kirche m\u00fcsse durch ein \u201euneingeschr\u00e4nktes Glaubw\u00fcrdigsein\u201c zur\u00fcckgewonnen werden. Trotz der Krise gebe es aber Grund zur Zuversicht, denn in den Pfarrgemeinden und Pastoralverb\u00fcnden seien viele Menschen als \u201egute Geister\u201c aktiv. Der Katholikenratsvorsitzende erteilte auch den Versuchen mancher Politiker, einen laizistischen Staat zu schaffen, eine klare Absage. Denn die Kirchen leisteten einen \u201eunsch\u00e4tzbaren Beitrag f\u00fcr sozial Schwache\u201c, lebten Solidarit\u00e4t in der Gesellschaft vor und garantierten den Wert des Lebens.<\/p>\n<p>Landrat Bernd Woide \u00fcbermittelte, auch im Namen von Oberb\u00fcrgermeister Gerhard M\u00f6ller, f\u00fcr Landkreis und Stadt Fulda Neujahrsw\u00fcnsche an die Kirche und hob in seiner Ansprache hervor, dass bei allem wirtschaftlichem Optimismus viele \u201esoziale \u00c4ngste\u201c der Menschen zu sp\u00fcren seien, da viele ihrer Zukunft mit Unsicherheit entgegens\u00e4hen. Durch Gesetzest\u00e4tigkeit k\u00f6nne man diese \u00c4ngste wohl nicht nehmen, doch m\u00fcsse der Staat darauf aus sein, bei seinen B\u00fcrgern Vertrauen zur\u00fcckzugewinnen und, wie es auch die christliche Soziallehre vorgebe, dem Einzelnen nach den Prinzipien Personalit\u00e4t und Subsidiarit\u00e4t gerecht zu werden. In der Region Fulda sei man hier auf einem guten Weg, so der Landrat, der sich bei der katholischen Kirche f\u00fcr die gute Kooperation gerade sozialen Bereich bedankte.<\/p>\n<p><a href=\"http:\/\/www.fuldaer-nachrichten.de\/wp-content\/uploads\/2011\/01\/110103_Neujahrsempfang-_020.jpg\"><img loading=\"lazy\" decoding=\"async\" class=\"alignnone size-thumbnail wp-image-80136\" title=\"110103_Neujahrsempfang _020\" src=\"http:\/\/www.fuldaer-nachrichten.de\/wp-content\/uploads\/2011\/01\/110103_Neujahrsempfang-_020-265x198.jpg\" alt=\"\" width=\"265\" height=\"198\" srcset=\"https:\/\/www.fuldaernachrichten.de\/wp-content\/uploads\/2011\/01\/110103_Neujahrsempfang-_020-265x198.jpg 265w, https:\/\/www.fuldaernachrichten.de\/wp-content\/uploads\/2011\/01\/110103_Neujahrsempfang-_020.jpg 592w\" sizes=\"(max-width: 265px) 100vw, 265px\" \/><\/a> <a href=\"http:\/\/www.fuldaer-nachrichten.de\/wp-content\/uploads\/2011\/01\/110103_Neujahrsempfang-_010.jpg\"><img loading=\"lazy\" decoding=\"async\" class=\"alignnone size-thumbnail wp-image-80126\" title=\"110103_Neujahrsempfang _010\" src=\"http:\/\/www.fuldaer-nachrichten.de\/wp-content\/uploads\/2011\/01\/110103_Neujahrsempfang-_010-265x198.jpg\" alt=\"\" width=\"265\" height=\"198\" srcset=\"https:\/\/www.fuldaernachrichten.de\/wp-content\/uploads\/2011\/01\/110103_Neujahrsempfang-_010-265x198.jpg 265w, https:\/\/www.fuldaernachrichten.de\/wp-content\/uploads\/2011\/01\/110103_Neujahrsempfang-_010.jpg 592w\" sizes=\"(max-width: 265px) 100vw, 265px\" \/><\/a><\/p>\n<p>Am Ende des Neujahrsempfangs gab Bischof Algermissen zwei p\u00e4pstliche Ehrungen bekannt. F\u00fcr ihr herausragendes ehrenamtliches Engagement wurde Liselotte Sorg aus Stadtallendorf-Niederklein mit dem Orden \u201ePro Ecclesia et Pontifice\u201c ausgezeichnet. Ordinariatsrat Elmar Gurk, Vorsitzender des Aufsichtsrates des Di\u00f6zesancaritasverbandes, wurde von Papst Benedikt XVI. zum \u201eP\u00e4pstlichen Ehrenkaplan\u201c (Monsignore) ernannt.<\/p>\n<p>Liselotte Sorg, geboren am 10. August 1933, schied vor wenigen Wochen aus ihrer T\u00e4tigkeit als Vorsitzende des Katholischen Seniorenwerkes, die sie seit 1996 wahrnahm, aus. \u00dcber 42 Jahre hin war sie ehrenamtlich als Chorleiterin in den Kirchengemeinden Sch\u00f6neck, Niederklein und Wanfried t\u00e4tig und f\u00fchrte Jahrzehnte den Haushlat von Pfarrer Anton van\u00e2\u20ac\u2122t Walderveen. 1993 erhielt sie den Ehrenbrief des Landes Hessen und die Ehrenurkunde des Bistums Fulda. Auch in der Bildungsarbeit f\u00fcr Behinderte und in der Frauenarbeit war Liselotte Sorg aktiv. Besondere Bedeutung hat f\u00fcr sie immer die Bildung alter Menschen gehabt, f\u00fcr die eine Lobby zu schaffen ihr stets ein Anliegen gewesen ist. Sie bot zahlreiche Seminare zu Psychomotorik und Ged\u00e4chtnistraining an.<\/p>\n<p><a href=\"http:\/\/www.fuldaer-nachrichten.de\/wp-content\/uploads\/2011\/01\/110103_Neujahrsempfang-_008.jpg\"><img loading=\"lazy\" decoding=\"async\" class=\"alignnone size-thumbnail wp-image-80124\" title=\"110103_Neujahrsempfang _008\" src=\"http:\/\/www.fuldaer-nachrichten.de\/wp-content\/uploads\/2011\/01\/110103_Neujahrsempfang-_008-265x198.jpg\" alt=\"\" width=\"265\" height=\"198\" srcset=\"https:\/\/www.fuldaernachrichten.de\/wp-content\/uploads\/2011\/01\/110103_Neujahrsempfang-_008-265x198.jpg 265w, https:\/\/www.fuldaernachrichten.de\/wp-content\/uploads\/2011\/01\/110103_Neujahrsempfang-_008.jpg 592w\" sizes=\"(max-width: 265px) 100vw, 265px\" \/><\/a> <a href=\"http:\/\/www.fuldaer-nachrichten.de\/wp-content\/uploads\/2011\/01\/110103_Neujahrsempfang-_005.jpg\"><img loading=\"lazy\" decoding=\"async\" class=\"alignnone size-thumbnail wp-image-80121\" title=\"110103_Neujahrsempfang _005\" src=\"http:\/\/www.fuldaer-nachrichten.de\/wp-content\/uploads\/2011\/01\/110103_Neujahrsempfang-_005-265x198.jpg\" alt=\"\" width=\"265\" height=\"198\" srcset=\"https:\/\/www.fuldaernachrichten.de\/wp-content\/uploads\/2011\/01\/110103_Neujahrsempfang-_005-265x198.jpg 265w, https:\/\/www.fuldaernachrichten.de\/wp-content\/uploads\/2011\/01\/110103_Neujahrsempfang-_005.jpg 592w\" sizes=\"(max-width: 265px) 100vw, 265px\" \/><\/a><\/p>\n<p>Monsignore Elmar Gurk, geboren am 5. Juni 1953 in Gudensberg, absolvierte nach dem Abitur 1973 an der K\u00f6nig-Heinrich-Schule in Fritzlar sein philosophisch-theologisches Hochschulstudium in Fulda. Nach dem Empfang der Priesterweihe war er zun\u00e4chst als Kaplan in Rasdorf, dann in Somborn t\u00e4tig, ehe er 1981 Kaplan in St. Maria in Kassel wurde. 1982 wurde er zum Pfarrer in Ungedanken und gleichzeitig zum Verwalter der Seelsorgestelle St. Wigbert in Wabern ernannt. Am 1. August 1992 wurde ihm sodann die Pfarrei St. Elisabeth zu Fulda \u00fcbertragen. Von 1995 bis 2002 war er Di\u00f6zesanpr\u00e4ses der Kolpingfamilien in der Di\u00f6zese Fulda. Im April 2009 wurde er von Bischof Algermissen zum Ordinariatsrat und zum Vorsitzenden des Aufsichtsrates des Caritasverbandes f\u00fcr die Di\u00f6zese Fulda e. V. ernannt. Seit August 2010 ist er Moderator des neuerrichteten Pastoralverbundes \u201eSt. Bonifatius Fulda\u201c ernannt worden. (bpf)<\/p>\n\n\t\t<style type=\"text\/css\">\n\t\t\t#gallery-1 {\n\t\t\t\tmargin: auto;\n\t\t\t}\n\t\t\t#gallery-1 .gallery-item {\n\t\t\t\tfloat: left;\n\t\t\t\tmargin-top: 10px;\n\t\t\t\ttext-align: center;\n\t\t\t\twidth: 50%;\n\t\t\t}\n\t\t\t#gallery-1 img {\n\t\t\t\tborder: 2px solid #cfcfcf;\n\t\t\t}\n\t\t\t#gallery-1 .gallery-caption {\n\t\t\t\tmargin-left: 0;\n\t\t\t}\n\t\t\t\/* see gallery_shortcode() in wp-includes\/media.php *\/\n\t\t<\/style>\n\t\t<div id='gallery-1' class='gallery galleryid-80115 gallery-columns-2 gallery-size-thumbnail'><dl class='gallery-item'>\n\t\t\t<dt class='gallery-icon landscape'>\n\t\t\t\t<a href='https:\/\/www.fuldaernachrichten.de\/wp-content\/uploads\/2011\/01\/110103_Neujahrsempfang-_001.jpg'><img loading=\"lazy\" decoding=\"async\" width=\"150\" height=\"112\" src=\"https:\/\/www.fuldaernachrichten.de\/wp-content\/uploads\/2011\/01\/110103_Neujahrsempfang-_001-265x198.jpg\" class=\"attachment-thumbnail size-thumbnail\" alt=\"\" srcset=\"https:\/\/www.fuldaernachrichten.de\/wp-content\/uploads\/2011\/01\/110103_Neujahrsempfang-_001-265x198.jpg 265w, https:\/\/www.fuldaernachrichten.de\/wp-content\/uploads\/2011\/01\/110103_Neujahrsempfang-_001.jpg 592w\" sizes=\"(max-width: 150px) 100vw, 150px\" \/><\/a>\n\t\t\t<\/dt><\/dl><dl class='gallery-item'>\n\t\t\t<dt class='gallery-icon landscape'>\n\t\t\t\t<a href='https:\/\/www.fuldaernachrichten.de\/wp-content\/uploads\/2011\/01\/110103_Neujahrsempfang-_002.jpg'><img loading=\"lazy\" decoding=\"async\" width=\"150\" height=\"112\" src=\"https:\/\/www.fuldaernachrichten.de\/wp-content\/uploads\/2011\/01\/110103_Neujahrsempfang-_002-265x198.jpg\" class=\"attachment-thumbnail size-thumbnail\" alt=\"\" srcset=\"https:\/\/www.fuldaernachrichten.de\/wp-content\/uploads\/2011\/01\/110103_Neujahrsempfang-_002-265x198.jpg 265w, https:\/\/www.fuldaernachrichten.de\/wp-content\/uploads\/2011\/01\/110103_Neujahrsempfang-_002.jpg 592w\" sizes=\"(max-width: 150px) 100vw, 150px\" \/><\/a>\n\t\t\t<\/dt><\/dl><br style=\"clear: both\" \/><dl class='gallery-item'>\n\t\t\t<dt class='gallery-icon landscape'>\n\t\t\t\t<a href='https:\/\/www.fuldaernachrichten.de\/wp-content\/uploads\/2011\/01\/110103_Neujahrsempfang-_003.jpg'><img loading=\"lazy\" decoding=\"async\" width=\"150\" height=\"112\" src=\"https:\/\/www.fuldaernachrichten.de\/wp-content\/uploads\/2011\/01\/110103_Neujahrsempfang-_003-265x198.jpg\" class=\"attachment-thumbnail size-thumbnail\" alt=\"\" srcset=\"https:\/\/www.fuldaernachrichten.de\/wp-content\/uploads\/2011\/01\/110103_Neujahrsempfang-_003-265x198.jpg 265w, https:\/\/www.fuldaernachrichten.de\/wp-content\/uploads\/2011\/01\/110103_Neujahrsempfang-_003.jpg 592w\" sizes=\"(max-width: 150px) 100vw, 150px\" \/><\/a>\n\t\t\t<\/dt><\/dl><dl class='gallery-item'>\n\t\t\t<dt class='gallery-icon landscape'>\n\t\t\t\t<a href='https:\/\/www.fuldaernachrichten.de\/wp-content\/uploads\/2011\/01\/110103_Neujahrsempfang-_004.jpg'><img loading=\"lazy\" decoding=\"async\" width=\"150\" height=\"112\" src=\"https:\/\/www.fuldaernachrichten.de\/wp-content\/uploads\/2011\/01\/110103_Neujahrsempfang-_004-265x198.jpg\" class=\"attachment-thumbnail size-thumbnail\" alt=\"\" srcset=\"https:\/\/www.fuldaernachrichten.de\/wp-content\/uploads\/2011\/01\/110103_Neujahrsempfang-_004-265x198.jpg 265w, https:\/\/www.fuldaernachrichten.de\/wp-content\/uploads\/2011\/01\/110103_Neujahrsempfang-_004.jpg 592w\" sizes=\"(max-width: 150px) 100vw, 150px\" \/><\/a>\n\t\t\t<\/dt><\/dl><br style=\"clear: both\" \/><dl class='gallery-item'>\n\t\t\t<dt class='gallery-icon landscape'>\n\t\t\t\t<a href='https:\/\/www.fuldaernachrichten.de\/wp-content\/uploads\/2011\/01\/110103_Neujahrsempfang-_005.jpg'><img loading=\"lazy\" decoding=\"async\" width=\"150\" height=\"112\" src=\"https:\/\/www.fuldaernachrichten.de\/wp-content\/uploads\/2011\/01\/110103_Neujahrsempfang-_005-265x198.jpg\" class=\"attachment-thumbnail size-thumbnail\" alt=\"\" srcset=\"https:\/\/www.fuldaernachrichten.de\/wp-content\/uploads\/2011\/01\/110103_Neujahrsempfang-_005-265x198.jpg 265w, https:\/\/www.fuldaernachrichten.de\/wp-content\/uploads\/2011\/01\/110103_Neujahrsempfang-_005.jpg 592w\" sizes=\"(max-width: 150px) 100vw, 150px\" \/><\/a>\n\t\t\t<\/dt><\/dl><dl class='gallery-item'>\n\t\t\t<dt class='gallery-icon landscape'>\n\t\t\t\t<a href='https:\/\/www.fuldaernachrichten.de\/wp-content\/uploads\/2011\/01\/110103_Neujahrsempfang-_006.jpg'><img loading=\"lazy\" decoding=\"async\" width=\"150\" height=\"112\" src=\"https:\/\/www.fuldaernachrichten.de\/wp-content\/uploads\/2011\/01\/110103_Neujahrsempfang-_006-265x198.jpg\" class=\"attachment-thumbnail size-thumbnail\" alt=\"\" srcset=\"https:\/\/www.fuldaernachrichten.de\/wp-content\/uploads\/2011\/01\/110103_Neujahrsempfang-_006-265x198.jpg 265w, https:\/\/www.fuldaernachrichten.de\/wp-content\/uploads\/2011\/01\/110103_Neujahrsempfang-_006.jpg 592w\" sizes=\"(max-width: 150px) 100vw, 150px\" \/><\/a>\n\t\t\t<\/dt><\/dl><br style=\"clear: both\" \/><dl class='gallery-item'>\n\t\t\t<dt class='gallery-icon landscape'>\n\t\t\t\t<a href='https:\/\/www.fuldaernachrichten.de\/wp-content\/uploads\/2011\/01\/110103_Neujahrsempfang-_007.jpg'><img loading=\"lazy\" decoding=\"async\" width=\"150\" height=\"112\" src=\"https:\/\/www.fuldaernachrichten.de\/wp-content\/uploads\/2011\/01\/110103_Neujahrsempfang-_007-265x198.jpg\" class=\"attachment-thumbnail size-thumbnail\" alt=\"\" srcset=\"https:\/\/www.fuldaernachrichten.de\/wp-content\/uploads\/2011\/01\/110103_Neujahrsempfang-_007-265x198.jpg 265w, https:\/\/www.fuldaernachrichten.de\/wp-content\/uploads\/2011\/01\/110103_Neujahrsempfang-_007.jpg 592w\" sizes=\"(max-width: 150px) 100vw, 150px\" \/><\/a>\n\t\t\t<\/dt><\/dl><dl class='gallery-item'>\n\t\t\t<dt class='gallery-icon landscape'>\n\t\t\t\t<a href='https:\/\/www.fuldaernachrichten.de\/wp-content\/uploads\/2011\/01\/110103_Neujahrsempfang-_008.jpg'><img loading=\"lazy\" decoding=\"async\" width=\"150\" height=\"112\" src=\"https:\/\/www.fuldaernachrichten.de\/wp-content\/uploads\/2011\/01\/110103_Neujahrsempfang-_008-265x198.jpg\" class=\"attachment-thumbnail size-thumbnail\" alt=\"\" srcset=\"https:\/\/www.fuldaernachrichten.de\/wp-content\/uploads\/2011\/01\/110103_Neujahrsempfang-_008-265x198.jpg 265w, https:\/\/www.fuldaernachrichten.de\/wp-content\/uploads\/2011\/01\/110103_Neujahrsempfang-_008.jpg 592w\" sizes=\"(max-width: 150px) 100vw, 150px\" \/><\/a>\n\t\t\t<\/dt><\/dl><br style=\"clear: both\" \/><dl class='gallery-item'>\n\t\t\t<dt class='gallery-icon landscape'>\n\t\t\t\t<a href='https:\/\/www.fuldaernachrichten.de\/wp-content\/uploads\/2011\/01\/110103_Neujahrsempfang-_009.jpg'><img loading=\"lazy\" decoding=\"async\" width=\"150\" height=\"112\" src=\"https:\/\/www.fuldaernachrichten.de\/wp-content\/uploads\/2011\/01\/110103_Neujahrsempfang-_009-265x198.jpg\" class=\"attachment-thumbnail size-thumbnail\" alt=\"\" srcset=\"https:\/\/www.fuldaernachrichten.de\/wp-content\/uploads\/2011\/01\/110103_Neujahrsempfang-_009-265x198.jpg 265w, https:\/\/www.fuldaernachrichten.de\/wp-content\/uploads\/2011\/01\/110103_Neujahrsempfang-_009.jpg 592w\" sizes=\"(max-width: 150px) 100vw, 150px\" \/><\/a>\n\t\t\t<\/dt><\/dl><dl class='gallery-item'>\n\t\t\t<dt class='gallery-icon landscape'>\n\t\t\t\t<a href='https:\/\/www.fuldaernachrichten.de\/wp-content\/uploads\/2011\/01\/110103_Neujahrsempfang-_010.jpg'><img loading=\"lazy\" decoding=\"async\" width=\"150\" height=\"112\" src=\"https:\/\/www.fuldaernachrichten.de\/wp-content\/uploads\/2011\/01\/110103_Neujahrsempfang-_010-265x198.jpg\" class=\"attachment-thumbnail size-thumbnail\" alt=\"\" srcset=\"https:\/\/www.fuldaernachrichten.de\/wp-content\/uploads\/2011\/01\/110103_Neujahrsempfang-_010-265x198.jpg 265w, https:\/\/www.fuldaernachrichten.de\/wp-content\/uploads\/2011\/01\/110103_Neujahrsempfang-_010.jpg 592w\" sizes=\"(max-width: 150px) 100vw, 150px\" \/><\/a>\n\t\t\t<\/dt><\/dl><br style=\"clear: both\" \/><dl class='gallery-item'>\n\t\t\t<dt class='gallery-icon landscape'>\n\t\t\t\t<a href='https:\/\/www.fuldaernachrichten.de\/wp-content\/uploads\/2011\/01\/110103_Neujahrsempfang-_011.jpg'><img loading=\"lazy\" decoding=\"async\" width=\"150\" height=\"112\" src=\"https:\/\/www.fuldaernachrichten.de\/wp-content\/uploads\/2011\/01\/110103_Neujahrsempfang-_011-265x198.jpg\" class=\"attachment-thumbnail size-thumbnail\" alt=\"\" srcset=\"https:\/\/www.fuldaernachrichten.de\/wp-content\/uploads\/2011\/01\/110103_Neujahrsempfang-_011-265x198.jpg 265w, https:\/\/www.fuldaernachrichten.de\/wp-content\/uploads\/2011\/01\/110103_Neujahrsempfang-_011.jpg 592w\" sizes=\"(max-width: 150px) 100vw, 150px\" \/><\/a>\n\t\t\t<\/dt><\/dl><dl class='gallery-item'>\n\t\t\t<dt class='gallery-icon landscape'>\n\t\t\t\t<a href='https:\/\/www.fuldaernachrichten.de\/wp-content\/uploads\/2011\/01\/110103_Neujahrsempfang-_012.jpg'><img loading=\"lazy\" decoding=\"async\" width=\"150\" height=\"112\" src=\"https:\/\/www.fuldaernachrichten.de\/wp-content\/uploads\/2011\/01\/110103_Neujahrsempfang-_012-265x198.jpg\" class=\"attachment-thumbnail size-thumbnail\" alt=\"\" srcset=\"https:\/\/www.fuldaernachrichten.de\/wp-content\/uploads\/2011\/01\/110103_Neujahrsempfang-_012-265x198.jpg 265w, https:\/\/www.fuldaernachrichten.de\/wp-content\/uploads\/2011\/01\/110103_Neujahrsempfang-_012.jpg 592w\" sizes=\"(max-width: 150px) 100vw, 150px\" \/><\/a>\n\t\t\t<\/dt><\/dl><br style=\"clear: both\" \/><dl class='gallery-item'>\n\t\t\t<dt class='gallery-icon landscape'>\n\t\t\t\t<a href='https:\/\/www.fuldaernachrichten.de\/wp-content\/uploads\/2011\/01\/110103_Neujahrsempfang-_013.jpg'><img loading=\"lazy\" decoding=\"async\" width=\"150\" height=\"112\" src=\"https:\/\/www.fuldaernachrichten.de\/wp-content\/uploads\/2011\/01\/110103_Neujahrsempfang-_013-265x198.jpg\" class=\"attachment-thumbnail size-thumbnail\" alt=\"\" srcset=\"https:\/\/www.fuldaernachrichten.de\/wp-content\/uploads\/2011\/01\/110103_Neujahrsempfang-_013-265x198.jpg 265w, https:\/\/www.fuldaernachrichten.de\/wp-content\/uploads\/2011\/01\/110103_Neujahrsempfang-_013.jpg 592w\" sizes=\"(max-width: 150px) 100vw, 150px\" \/><\/a>\n\t\t\t<\/dt><\/dl><dl class='gallery-item'>\n\t\t\t<dt class='gallery-icon landscape'>\n\t\t\t\t<a href='https:\/\/www.fuldaernachrichten.de\/wp-content\/uploads\/2011\/01\/110103_Neujahrsempfang-_014.jpg'><img loading=\"lazy\" decoding=\"async\" width=\"150\" height=\"112\" src=\"https:\/\/www.fuldaernachrichten.de\/wp-content\/uploads\/2011\/01\/110103_Neujahrsempfang-_014-265x198.jpg\" class=\"attachment-thumbnail size-thumbnail\" alt=\"\" srcset=\"https:\/\/www.fuldaernachrichten.de\/wp-content\/uploads\/2011\/01\/110103_Neujahrsempfang-_014-265x198.jpg 265w, https:\/\/www.fuldaernachrichten.de\/wp-content\/uploads\/2011\/01\/110103_Neujahrsempfang-_014.jpg 592w\" sizes=\"(max-width: 150px) 100vw, 150px\" \/><\/a>\n\t\t\t<\/dt><\/dl><br style=\"clear: both\" \/><dl class='gallery-item'>\n\t\t\t<dt class='gallery-icon landscape'>\n\t\t\t\t<a href='https:\/\/www.fuldaernachrichten.de\/wp-content\/uploads\/2011\/01\/110103_Neujahrsempfang-_015.jpg'><img loading=\"lazy\" decoding=\"async\" width=\"150\" height=\"112\" src=\"https:\/\/www.fuldaernachrichten.de\/wp-content\/uploads\/2011\/01\/110103_Neujahrsempfang-_015-265x198.jpg\" class=\"attachment-thumbnail size-thumbnail\" alt=\"\" srcset=\"https:\/\/www.fuldaernachrichten.de\/wp-content\/uploads\/2011\/01\/110103_Neujahrsempfang-_015-265x198.jpg 265w, https:\/\/www.fuldaernachrichten.de\/wp-content\/uploads\/2011\/01\/110103_Neujahrsempfang-_015.jpg 592w\" sizes=\"(max-width: 150px) 100vw, 150px\" \/><\/a>\n\t\t\t<\/dt><\/dl><dl class='gallery-item'>\n\t\t\t<dt class='gallery-icon landscape'>\n\t\t\t\t<a href='https:\/\/www.fuldaernachrichten.de\/wp-content\/uploads\/2011\/01\/110103_Neujahrsempfang-_016.jpg'><img loading=\"lazy\" decoding=\"async\" width=\"150\" height=\"112\" src=\"https:\/\/www.fuldaernachrichten.de\/wp-content\/uploads\/2011\/01\/110103_Neujahrsempfang-_016-265x198.jpg\" class=\"attachment-thumbnail size-thumbnail\" alt=\"\" srcset=\"https:\/\/www.fuldaernachrichten.de\/wp-content\/uploads\/2011\/01\/110103_Neujahrsempfang-_016-265x198.jpg 265w, https:\/\/www.fuldaernachrichten.de\/wp-content\/uploads\/2011\/01\/110103_Neujahrsempfang-_016.jpg 592w\" sizes=\"(max-width: 150px) 100vw, 150px\" \/><\/a>\n\t\t\t<\/dt><\/dl><br style=\"clear: both\" \/><dl class='gallery-item'>\n\t\t\t<dt class='gallery-icon landscape'>\n\t\t\t\t<a href='https:\/\/www.fuldaernachrichten.de\/wp-content\/uploads\/2011\/01\/110103_Neujahrsempfang-_017.jpg'><img loading=\"lazy\" decoding=\"async\" width=\"150\" height=\"112\" src=\"https:\/\/www.fuldaernachrichten.de\/wp-content\/uploads\/2011\/01\/110103_Neujahrsempfang-_017-265x198.jpg\" class=\"attachment-thumbnail size-thumbnail\" alt=\"\" srcset=\"https:\/\/www.fuldaernachrichten.de\/wp-content\/uploads\/2011\/01\/110103_Neujahrsempfang-_017-265x198.jpg 265w, https:\/\/www.fuldaernachrichten.de\/wp-content\/uploads\/2011\/01\/110103_Neujahrsempfang-_017.jpg 592w\" sizes=\"(max-width: 150px) 100vw, 150px\" \/><\/a>\n\t\t\t<\/dt><\/dl><dl class='gallery-item'>\n\t\t\t<dt class='gallery-icon landscape'>\n\t\t\t\t<a href='https:\/\/www.fuldaernachrichten.de\/wp-content\/uploads\/2011\/01\/110103_Neujahrsempfang-_018.jpg'><img loading=\"lazy\" decoding=\"async\" width=\"150\" height=\"112\" src=\"https:\/\/www.fuldaernachrichten.de\/wp-content\/uploads\/2011\/01\/110103_Neujahrsempfang-_018-265x198.jpg\" class=\"attachment-thumbnail size-thumbnail\" alt=\"\" srcset=\"https:\/\/www.fuldaernachrichten.de\/wp-content\/uploads\/2011\/01\/110103_Neujahrsempfang-_018-265x198.jpg 265w, https:\/\/www.fuldaernachrichten.de\/wp-content\/uploads\/2011\/01\/110103_Neujahrsempfang-_018.jpg 592w\" sizes=\"(max-width: 150px) 100vw, 150px\" \/><\/a>\n\t\t\t<\/dt><\/dl><br style=\"clear: both\" \/><dl class='gallery-item'>\n\t\t\t<dt class='gallery-icon landscape'>\n\t\t\t\t<a href='https:\/\/www.fuldaernachrichten.de\/wp-content\/uploads\/2011\/01\/110103_Neujahrsempfang-_019.jpg'><img loading=\"lazy\" decoding=\"async\" width=\"150\" height=\"112\" src=\"https:\/\/www.fuldaernachrichten.de\/wp-content\/uploads\/2011\/01\/110103_Neujahrsempfang-_019-265x198.jpg\" class=\"attachment-thumbnail size-thumbnail\" alt=\"\" srcset=\"https:\/\/www.fuldaernachrichten.de\/wp-content\/uploads\/2011\/01\/110103_Neujahrsempfang-_019-265x198.jpg 265w, https:\/\/www.fuldaernachrichten.de\/wp-content\/uploads\/2011\/01\/110103_Neujahrsempfang-_019.jpg 592w\" sizes=\"(max-width: 150px) 100vw, 150px\" \/><\/a>\n\t\t\t<\/dt><\/dl><dl class='gallery-item'>\n\t\t\t<dt class='gallery-icon landscape'>\n\t\t\t\t<a href='https:\/\/www.fuldaernachrichten.de\/wp-content\/uploads\/2011\/01\/110103_Neujahrsempfang-_020.jpg'><img loading=\"lazy\" decoding=\"async\" width=\"150\" height=\"112\" src=\"https:\/\/www.fuldaernachrichten.de\/wp-content\/uploads\/2011\/01\/110103_Neujahrsempfang-_020-265x198.jpg\" class=\"attachment-thumbnail size-thumbnail\" alt=\"\" srcset=\"https:\/\/www.fuldaernachrichten.de\/wp-content\/uploads\/2011\/01\/110103_Neujahrsempfang-_020-265x198.jpg 265w, https:\/\/www.fuldaernachrichten.de\/wp-content\/uploads\/2011\/01\/110103_Neujahrsempfang-_020.jpg 592w\" sizes=\"(max-width: 150px) 100vw, 150px\" \/><\/a>\n\t\t\t<\/dt><\/dl><br style=\"clear: both\" \/><dl class='gallery-item'>\n\t\t\t<dt class='gallery-icon landscape'>\n\t\t\t\t<a href='https:\/\/www.fuldaernachrichten.de\/wp-content\/uploads\/2011\/01\/110103_Neujahrsempfang-_021.jpg'><img loading=\"lazy\" decoding=\"async\" width=\"150\" height=\"112\" src=\"https:\/\/www.fuldaernachrichten.de\/wp-content\/uploads\/2011\/01\/110103_Neujahrsempfang-_021-265x198.jpg\" class=\"attachment-thumbnail size-thumbnail\" alt=\"\" srcset=\"https:\/\/www.fuldaernachrichten.de\/wp-content\/uploads\/2011\/01\/110103_Neujahrsempfang-_021-265x198.jpg 265w, https:\/\/www.fuldaernachrichten.de\/wp-content\/uploads\/2011\/01\/110103_Neujahrsempfang-_021.jpg 592w\" sizes=\"(max-width: 150px) 100vw, 150px\" \/><\/a>\n\t\t\t<\/dt><\/dl><dl class='gallery-item'>\n\t\t\t<dt class='gallery-icon landscape'>\n\t\t\t\t<a href='https:\/\/www.fuldaernachrichten.de\/wp-content\/uploads\/2011\/01\/110103_Neujahrsempfang-_022.jpg'><img loading=\"lazy\" decoding=\"async\" width=\"150\" height=\"112\" src=\"https:\/\/www.fuldaernachrichten.de\/wp-content\/uploads\/2011\/01\/110103_Neujahrsempfang-_022-265x198.jpg\" class=\"attachment-thumbnail size-thumbnail\" alt=\"\" srcset=\"https:\/\/www.fuldaernachrichten.de\/wp-content\/uploads\/2011\/01\/110103_Neujahrsempfang-_022-265x198.jpg 265w, https:\/\/www.fuldaernachrichten.de\/wp-content\/uploads\/2011\/01\/110103_Neujahrsempfang-_022.jpg 592w\" sizes=\"(max-width: 150px) 100vw, 150px\" \/><\/a>\n\t\t\t<\/dt><\/dl><br style=\"clear: both\" \/><dl class='gallery-item'>\n\t\t\t<dt class='gallery-icon landscape'>\n\t\t\t\t<a href='https:\/\/www.fuldaernachrichten.de\/wp-content\/uploads\/2011\/01\/110103_Neujahrsempfang-_023.jpg'><img loading=\"lazy\" decoding=\"async\" width=\"150\" height=\"112\" src=\"https:\/\/www.fuldaernachrichten.de\/wp-content\/uploads\/2011\/01\/110103_Neujahrsempfang-_023-265x198.jpg\" class=\"attachment-thumbnail size-thumbnail\" alt=\"\" srcset=\"https:\/\/www.fuldaernachrichten.de\/wp-content\/uploads\/2011\/01\/110103_Neujahrsempfang-_023-265x198.jpg 265w, https:\/\/www.fuldaernachrichten.de\/wp-content\/uploads\/2011\/01\/110103_Neujahrsempfang-_023.jpg 592w\" sizes=\"(max-width: 150px) 100vw, 150px\" \/><\/a>\n\t\t\t<\/dt><\/dl><dl class='gallery-item'>\n\t\t\t<dt class='gallery-icon landscape'>\n\t\t\t\t<a href='https:\/\/www.fuldaernachrichten.de\/wp-content\/uploads\/2011\/01\/110103_Neujahrsempfang-_024.jpg'><img loading=\"lazy\" decoding=\"async\" width=\"150\" height=\"112\" src=\"https:\/\/www.fuldaernachrichten.de\/wp-content\/uploads\/2011\/01\/110103_Neujahrsempfang-_024-265x198.jpg\" class=\"attachment-thumbnail size-thumbnail\" alt=\"\" srcset=\"https:\/\/www.fuldaernachrichten.de\/wp-content\/uploads\/2011\/01\/110103_Neujahrsempfang-_024-265x198.jpg 265w, https:\/\/www.fuldaernachrichten.de\/wp-content\/uploads\/2011\/01\/110103_Neujahrsempfang-_024.jpg 592w\" sizes=\"(max-width: 150px) 100vw, 150px\" \/><\/a>\n\t\t\t<\/dt><\/dl><br style=\"clear: both\" \/><dl class='gallery-item'>\n\t\t\t<dt class='gallery-icon landscape'>\n\t\t\t\t<a href='https:\/\/www.fuldaernachrichten.de\/wp-content\/uploads\/2011\/01\/110103_Neujahrsempfang-_025.jpg'><img loading=\"lazy\" decoding=\"async\" width=\"150\" height=\"112\" src=\"https:\/\/www.fuldaernachrichten.de\/wp-content\/uploads\/2011\/01\/110103_Neujahrsempfang-_025-265x198.jpg\" class=\"attachment-thumbnail size-thumbnail\" alt=\"\" srcset=\"https:\/\/www.fuldaernachrichten.de\/wp-content\/uploads\/2011\/01\/110103_Neujahrsempfang-_025-265x198.jpg 265w, https:\/\/www.fuldaernachrichten.de\/wp-content\/uploads\/2011\/01\/110103_Neujahrsempfang-_025.jpg 592w\" sizes=\"(max-width: 150px) 100vw, 150px\" \/><\/a>\n\t\t\t<\/dt><\/dl><dl class='gallery-item'>\n\t\t\t<dt class='gallery-icon landscape'>\n\t\t\t\t<a href='https:\/\/www.fuldaernachrichten.de\/wp-content\/uploads\/2011\/01\/110103_Neujahrsempfang-_026.jpg'><img loading=\"lazy\" decoding=\"async\" width=\"150\" height=\"112\" src=\"https:\/\/www.fuldaernachrichten.de\/wp-content\/uploads\/2011\/01\/110103_Neujahrsempfang-_026-265x198.jpg\" class=\"attachment-thumbnail size-thumbnail\" alt=\"\" srcset=\"https:\/\/www.fuldaernachrichten.de\/wp-content\/uploads\/2011\/01\/110103_Neujahrsempfang-_026-265x198.jpg 265w, https:\/\/www.fuldaernachrichten.de\/wp-content\/uploads\/2011\/01\/110103_Neujahrsempfang-_026.jpg 592w\" sizes=\"(max-width: 150px) 100vw, 150px\" \/><\/a>\n\t\t\t<\/dt><\/dl><br style=\"clear: both\" \/><dl class='gallery-item'>\n\t\t\t<dt class='gallery-icon landscape'>\n\t\t\t\t<a href='https:\/\/www.fuldaernachrichten.de\/wp-content\/uploads\/2011\/01\/110103_Neujahrsempfang-_027.jpg'><img loading=\"lazy\" decoding=\"async\" width=\"150\" height=\"112\" src=\"https:\/\/www.fuldaernachrichten.de\/wp-content\/uploads\/2011\/01\/110103_Neujahrsempfang-_027-265x198.jpg\" class=\"attachment-thumbnail size-thumbnail\" alt=\"\" srcset=\"https:\/\/www.fuldaernachrichten.de\/wp-content\/uploads\/2011\/01\/110103_Neujahrsempfang-_027-265x198.jpg 265w, https:\/\/www.fuldaernachrichten.de\/wp-content\/uploads\/2011\/01\/110103_Neujahrsempfang-_027.jpg 592w\" sizes=\"(max-width: 150px) 100vw, 150px\" \/><\/a>\n\t\t\t<\/dt><\/dl><dl class='gallery-item'>\n\t\t\t<dt class='gallery-icon landscape'>\n\t\t\t\t<a href='https:\/\/www.fuldaernachrichten.de\/wp-content\/uploads\/2011\/01\/110103_Neujahrsempfang-_028.jpg'><img loading=\"lazy\" decoding=\"async\" width=\"150\" height=\"112\" src=\"https:\/\/www.fuldaernachrichten.de\/wp-content\/uploads\/2011\/01\/110103_Neujahrsempfang-_028-265x198.jpg\" class=\"attachment-thumbnail size-thumbnail\" alt=\"\" srcset=\"https:\/\/www.fuldaernachrichten.de\/wp-content\/uploads\/2011\/01\/110103_Neujahrsempfang-_028-265x198.jpg 265w, https:\/\/www.fuldaernachrichten.de\/wp-content\/uploads\/2011\/01\/110103_Neujahrsempfang-_028.jpg 592w\" sizes=\"(max-width: 150px) 100vw, 150px\" \/><\/a>\n\t\t\t<\/dt><\/dl><br style=\"clear: both\" \/>\n\t\t<\/div>\n\n","protected":false},"excerpt":{"rendered":"<div class=\"tmnf_excerpt\"><p>Fulda\/Hanau\/Kassel\/Marburg. \u201eWas Leben und W\u00fcrde eines Menschen wert sind, h\u00e4ngt nicht davon ab, welche Rolle im Beruf jemand spielt und welches Einkommen auf dem Gehaltsbogen steht \u2013 die W\u00fcrde als Mensch und der Wert eines Lebens sind davon ganz und gar unabh\u00e4ngig, sie sind uns von Gott gegeben.\u201c Dies betonte der Fuldaer Bischof Heinz Josef &hellip;<\/p>\n<\/div>","protected":false},"author":1,"featured_media":0,"comment_status":"closed","ping_status":"closed","sticky":false,"template":"","format":"standard","meta":{"footnotes":""},"categories":[1,50],"tags":[],"class_list":["post-80115","post","type-post","status-publish","format-standard","hentry","category-startseite","category-kirche"],"_links":{"self":[{"href":"https:\/\/www.fuldaernachrichten.de\/index.php?rest_route=\/wp\/v2\/posts\/80115","targetHints":{"allow":["GET"]}}],"collection":[{"href":"https:\/\/www.fuldaernachrichten.de\/index.php?rest_route=\/wp\/v2\/posts"}],"about":[{"href":"https:\/\/www.fuldaernachrichten.de\/index.php?rest_route=\/wp\/v2\/types\/post"}],"author":[{"embeddable":true,"href":"https:\/\/www.fuldaernachrichten.de\/index.php?rest_route=\/wp\/v2\/users\/1"}],"replies":[{"embeddable":true,"href":"https:\/\/www.fuldaernachrichten.de\/index.php?rest_route=%2Fwp%2Fv2%2Fcomments&post=80115"}],"version-history":[{"count":4,"href":"https:\/\/www.fuldaernachrichten.de\/index.php?rest_route=\/wp\/v2\/posts\/80115\/revisions"}],"predecessor-version":[{"id":80176,"href":"https:\/\/www.fuldaernachrichten.de\/index.php?rest_route=\/wp\/v2\/posts\/80115\/revisions\/80176"}],"wp:attachment":[{"href":"https:\/\/www.fuldaernachrichten.de\/index.php?rest_route=%2Fwp%2Fv2%2Fmedia&parent=80115"}],"wp:term":[{"taxonomy":"category","embeddable":true,"href":"https:\/\/www.fuldaernachrichten.de\/index.php?rest_route=%2Fwp%2Fv2%2Fcategories&post=80115"},{"taxonomy":"post_tag","embeddable":true,"href":"https:\/\/www.fuldaernachrichten.de\/index.php?rest_route=%2Fwp%2Fv2%2Ftags&post=80115"}],"curies":[{"name":"wp","href":"https:\/\/api.w.org\/{rel}","templated":true}]}}