{"id":8004,"date":"2008-02-26T00:48:12","date_gmt":"2008-02-25T23:48:12","guid":{"rendered":"http:\/\/www.schoene-nachrichten.de\/?p=8004"},"modified":"2008-02-25T23:44:44","modified_gmt":"2008-02-25T22:44:44","slug":"engere-zusammenarbeit-mit-bauern-in-franken","status":"publish","type":"post","link":"https:\/\/www.fuldaernachrichten.de\/?p=8004","title":{"rendered":"Engere Zusammenarbeit mit Bauern in Franken"},"content":{"rendered":"<p><strong>Bad Neustadt\/Rh\u00f6n.<\/strong> Zu einem Informationsaustausch trafen sich Michael Diestel, Gesch\u00e4ftsf\u00fchrer des Kreisbauernverbandes Rh\u00f6n-Grabfeld, Dr. Hubert Baier, Gesch\u00e4ftsf\u00fchrer des Kreisbauernverbandes Fulda-H\u00fcnfeld, Otto Evers, Fachbereichsleiter Natur und Landschaft beim Landkreis Fulda, sowie Martin Kremer, Gesch\u00e4ftsf\u00fchrer des Vereins Natur- und Lebensraum Rh\u00f6n, in Bad Neustadt. Bei dem Gespr\u00e4ch ging es vor allem um M\u00f6glichkeiten einer engeren Kooperation. Auch wurden die Leistungen des Bauernverbandes im Rh\u00f6n-Grabfeld-Kreis vorgestellt.<!--more--><\/p>\n<p>Sehr erfolgreich ist man dort in dem Segment \u201eFreiwilliger Landtausch\u201c. Dr. Hubert Beier macht in diesem Zusammenhang deutlich, dass die fr\u00e4nkische Vorgehensweise durchaus auch f\u00fcr Hessen interessant sei. \u00dcberrascht waren die Vertreter aus Hessen, dass die fr\u00e4nkischen Kollegen ein kleines Reiseb\u00fcro betreiben, um durchaus profitable Exkursionen und Reisen f\u00fcr ihr Klientel zu organisieren.<\/p>\n<p>Eine partnerschaftliche Zusammenarbeit gibt es bereits beim Projekt \u201eGro\u00dffl\u00e4chige Beweidung\u201c. Die beiden, ma\u00dfgeblich \u00fcber Mitteln der Bundesstiftung Umwelt finanzierte Projektmanager haben ihren Sitz in den beiden Gesch\u00e4ftsstellen der Bauernverb\u00e4nde in Bad Neustadt und H\u00fcnfeld. Am Erfolg dieses Projektes sind auch der Landkreis Fulda und das Biosph\u00e4renreservat Rh\u00f6n interessiert.<\/p>\n<p><strong>Landwirte als Energiewirte<\/strong><\/p>\n<p>Einen besonderen Stellenwert nahm das Thema \u201eLandwirte als Energiewirte\u201c ein. Hier hat der Neust\u00e4dter Bauernverband gemeinsam mit dem Maschinenring die Agrokraft GmbH gegr\u00fcndet. Diese GmbH ber\u00e4t, plant und realisiert \u00fcberaus erfolgreiche Projekte im Bereich der regenerativen Energieerzeugung.<\/p>\n<p>So wurden unter dem Dach der Agrokraft zahlreiche landwirtschaftliche Geb\u00e4ude mit Fotovoltaik ausgestattet, es entstand ein erstes, \u00fcber vier Hektar gro\u00dfes Fotovoltaik-Energiefeld bei Gro\u00dfbardorf und die dritte Biogasanlage ist im Bau. Das besondere Markenzeichen der Agrokraft ist, dass keine fremden Investoren zum Zug kommen, sondern die Projekte aus den d\u00f6rflichen Gemeinschaften und den Landwirten mit deren Eigenkapital ma\u00dfgeblich finanziert werden.<\/p>\n<p><strong>L\u00e4nder\u00fcbergreifendes Vorgehen<\/strong><\/p>\n<p>Eindrucksvoll dokumentierte Gesch\u00e4ftsf\u00fchrer Michael Diestel, dass mit der Biogastechnik Geld verdient werden k\u00f6nne, wenn eine vern\u00fcnftige W\u00e4rmenutzung gesichert sei, \u00f6ffentliche Zusch\u00fcssen clever genutzt w\u00fcrden und viele Landwirte sich nicht nur mit Geld sondern auch mit der Lieferung von Rohstoffen einbr\u00e4chten. L\u00e4ngst seien auch die Abfallprodukte der Biogasanlagen als hochwertige Wirtschaftsd\u00fcnger geldwert. Im Rahmen einer k\u00fcnftigen engeren Zusammenarbeit sollen gerade diese Energieprojekte bei einer Fachexkursion, die gemeinsam von Biosph\u00e4renreservat und den Bauernverb\u00e4nden organisiert wird, hessischen Interessenten vorgestellt werden.<\/p>\n<p>Beeindruckend in Bad Neustadt war auch, dass der dortige Maschinenring, die Agrokraft GmbH, die Buchstelle, die die Steuerberatung f\u00fcr die Landwirte wahrnimmt, und die Gesch\u00e4ftsstelle des Bauernverbandes in einem Geb\u00e4ude de facto eine Einheit bilden und dadurch viele Synergieeffekte genutzt werden k\u00f6nnen. Michael Diestel brachte sein Anliegen mit der Aussage auf den Punkt: \u201eWenn wir alle unser Wissen und K\u00f6nnen einbringen, wird aus eins und eins drei! Wir m\u00fcssen Strukturen und Rahmenbedingungen schaffen, dass unsere Landwirte in der Region Geld verdienen k\u00f6nnen statt dass Externe an der Rh\u00f6n Geld verdienen.\u201c<\/p>\n<p>\u00dcbereinstimmung bei den Gespr\u00e4chsteilnehmern bestand darin, dass trotz vieler Ans\u00e4tze und den Bem\u00fchungen des Biosph\u00e4renreservats nach wie vor viel zu viele gute Projekte an den Landesgrenzen enden. Ein weiterer Informationsaustausch ist f\u00fcr das kommende Fr\u00fchjahr geplant.<\/p>\n","protected":false},"excerpt":{"rendered":"<div class=\"tmnf_excerpt\"><p>Bad Neustadt\/Rh\u00f6n. Zu einem Informationsaustausch trafen sich Michael Diestel, Gesch\u00e4ftsf\u00fchrer des Kreisbauernverbandes Rh\u00f6n-Grabfeld, Dr. Hubert Baier, Gesch\u00e4ftsf\u00fchrer des Kreisbauernverbandes Fulda-H\u00fcnfeld, Otto Evers, Fachbereichsleiter Natur und Landschaft beim Landkreis Fulda, sowie Martin Kremer, Gesch\u00e4ftsf\u00fchrer des Vereins Natur- und Lebensraum Rh\u00f6n, in Bad Neustadt. Bei dem Gespr\u00e4ch ging es vor allem um M\u00f6glichkeiten einer engeren Kooperation. Auch &hellip;<\/p>\n<\/div>","protected":false},"author":1,"featured_media":0,"comment_status":"closed","ping_status":"closed","sticky":false,"template":"","format":"standard","meta":{"footnotes":""},"categories":[1],"tags":[],"class_list":["post-8004","post","type-post","status-publish","format-standard","hentry","category-startseite"],"_links":{"self":[{"href":"https:\/\/www.fuldaernachrichten.de\/index.php?rest_route=\/wp\/v2\/posts\/8004","targetHints":{"allow":["GET"]}}],"collection":[{"href":"https:\/\/www.fuldaernachrichten.de\/index.php?rest_route=\/wp\/v2\/posts"}],"about":[{"href":"https:\/\/www.fuldaernachrichten.de\/index.php?rest_route=\/wp\/v2\/types\/post"}],"author":[{"embeddable":true,"href":"https:\/\/www.fuldaernachrichten.de\/index.php?rest_route=\/wp\/v2\/users\/1"}],"replies":[{"embeddable":true,"href":"https:\/\/www.fuldaernachrichten.de\/index.php?rest_route=%2Fwp%2Fv2%2Fcomments&post=8004"}],"version-history":[{"count":0,"href":"https:\/\/www.fuldaernachrichten.de\/index.php?rest_route=\/wp\/v2\/posts\/8004\/revisions"}],"wp:attachment":[{"href":"https:\/\/www.fuldaernachrichten.de\/index.php?rest_route=%2Fwp%2Fv2%2Fmedia&parent=8004"}],"wp:term":[{"taxonomy":"category","embeddable":true,"href":"https:\/\/www.fuldaernachrichten.de\/index.php?rest_route=%2Fwp%2Fv2%2Fcategories&post=8004"},{"taxonomy":"post_tag","embeddable":true,"href":"https:\/\/www.fuldaernachrichten.de\/index.php?rest_route=%2Fwp%2Fv2%2Ftags&post=8004"}],"curies":[{"name":"wp","href":"https:\/\/api.w.org\/{rel}","templated":true}]}}