{"id":7991,"date":"2008-02-26T00:55:59","date_gmt":"2008-02-25T23:55:59","guid":{"rendered":"http:\/\/www.schoene-nachrichten.de\/?p=7991"},"modified":"2008-02-26T00:18:33","modified_gmt":"2008-02-25T23:18:33","slug":"ueber-300-starter-aus-6-nationen-nehmen-an-den-fulda-kanu-rennen-teil","status":"publish","type":"post","link":"https:\/\/www.fuldaernachrichten.de\/?p=7991","title":{"rendered":"\u00dcber 300 Starter aus 6 Nationen nehmen an den \u201eFulda-Kanu-Rennen\u201c teil"},"content":{"rendered":"<p><strong>Fulda.<\/strong> Wie jedes Jahr Anfang M\u00e4rz wird die Saison der Wildwasserkanuten mit den 39. Kanu-Abfahrtsrennen auf der Oberen Fulda am 01. und 02. M\u00e4rz in unserer\u00c2\u00a0 Domstadt er\u00f6ffnet. Und das gleich mit einem Paukenschlag! Z\u00e4hlen die Rennen doch als Hessische Meisterschaft, Jugendranglisten- und Deutschlandcuprennen.<\/p>\n<p><strong>Fotos (46):<\/strong> Harald Piaskowski<\/p>\n<p><a rel=\"lightbox[roadtrip]\" target=\"_blank\" href=\"http:\/\/www.schoene-nachrichten.de\/wp-content\/uploads\/2008\/02\/080226_Kanu_33.jpg\" title=\"Foto: Harald Piaskowski\"><img decoding=\"async\" width=\"128\" src=\"http:\/\/www.schoene-nachrichten.de\/wp-content\/uploads\/2008\/02\/080226_Kanu_33.thumbnail.jpg\" alt=\"080226_Kanu_33.jpg\" \/><\/a>\u00c2\u00a0<a rel=\"lightbox[roadtrip]\" target=\"_blank\" href=\"http:\/\/www.schoene-nachrichten.de\/wp-content\/uploads\/2008\/02\/080226_Kanu_05.jpg\" title=\"Foto: Harald Piaskowski\"><img decoding=\"async\" width=\"128\" src=\"http:\/\/www.schoene-nachrichten.de\/wp-content\/uploads\/2008\/02\/080226_Kanu_05.thumbnail.jpg\" alt=\"080226_Kanu_05.jpg\" \/><\/a>\u00c2\u00a0<a rel=\"lightbox[roadtrip]\" target=\"_blank\" href=\"http:\/\/www.schoene-nachrichten.de\/wp-content\/uploads\/2008\/02\/080226_Kanu_42.jpg\" title=\"Foto: Harald Piaskowski\"><img decoding=\"async\" width=\"128\" src=\"http:\/\/www.schoene-nachrichten.de\/wp-content\/uploads\/2008\/02\/080226_Kanu_42.thumbnail.jpg\" alt=\"080226_Kanu_42.jpg\" \/><\/a><\/p>\n<p><a rel=\"lightbox[roadtrip]\" target=\"_blank\" href=\"http:\/\/www.schoene-nachrichten.de\/wp-content\/uploads\/2008\/02\/080226_Kanu_10.jpg\" title=\"Foto: Harald Piaskowski\"><img decoding=\"async\" width=\"128\" src=\"http:\/\/www.schoene-nachrichten.de\/wp-content\/uploads\/2008\/02\/080226_Kanu_10.thumbnail.jpg\" alt=\"080226_Kanu_10.jpg\" \/><\/a> <a rel=\"lightbox[roadtrip]\" target=\"_blank\" href=\"http:\/\/www.schoene-nachrichten.de\/wp-content\/uploads\/2008\/02\/080226_Kanu_11.jpg\" title=\"Foto: Harald Piaskowski\"><img decoding=\"async\" width=\"128\" src=\"http:\/\/www.schoene-nachrichten.de\/wp-content\/uploads\/2008\/02\/080226_Kanu_11.thumbnail.jpg\" alt=\"080226_Kanu_11.jpg\" \/><\/a> <a rel=\"lightbox[roadtrip]\" target=\"_blank\" href=\"http:\/\/www.schoene-nachrichten.de\/wp-content\/uploads\/2008\/02\/080226_Kanu_12.jpg\" title=\"Foto: Harald Piaskowski\"><img decoding=\"async\" width=\"128\" src=\"http:\/\/www.schoene-nachrichten.de\/wp-content\/uploads\/2008\/02\/080226_Kanu_12.thumbnail.jpg\" alt=\"080226_Kanu_12.jpg\" \/><\/a><\/p>\n<p><!--more-->Und wieder wird\u00c2\u00a0 die Creme de la Creme des Deutschen und des internationalem Wildwasserrennsports erwartet. So sind mit Sebastian Verhoef, Stephan Stiefenh\u00f6fer, Julian Rohn und Normen Weber gleich mehrere Welt- und Vizeweltmeister auf der Fulda am Start. Und auch die Tschechische Nationalmannschaft ist mit \u00fcber 30 Sportlern vertreten, um sich mit der Konkurrenz zu messen. Daneben sind Sportler aus der Schweiz, Luxemburg, den Niederlanden und Belgien f\u00fcr die Fulda-Rennen gemeldet.<\/p>\n<p><a rel=\"lightbox[roadtrip]\" target=\"_blank\" href=\"http:\/\/www.schoene-nachrichten.de\/wp-content\/uploads\/2008\/02\/080226_Kanu_01.jpg\" title=\"Foto: Harald Piaskowski\"><img decoding=\"async\" width=\"128\" src=\"http:\/\/www.schoene-nachrichten.de\/wp-content\/uploads\/2008\/02\/080226_Kanu_01.thumbnail.jpg\" alt=\"080226_Kanu_01.jpg\" \/><\/a> <a rel=\"lightbox[roadtrip]\" target=\"_blank\" href=\"http:\/\/www.schoene-nachrichten.de\/wp-content\/uploads\/2008\/02\/080226_Kanu_02.jpg\" title=\"Foto: Harald Piaskowski\"><img decoding=\"async\" width=\"128\" src=\"http:\/\/www.schoene-nachrichten.de\/wp-content\/uploads\/2008\/02\/080226_Kanu_02.thumbnail.jpg\" alt=\"080226_Kanu_02.jpg\" \/><\/a> <a rel=\"lightbox[roadtrip]\" target=\"_blank\" href=\"http:\/\/www.schoene-nachrichten.de\/wp-content\/uploads\/2008\/02\/080226_Kanu_03.jpg\" title=\"Foto: Harald Piaskowski\"><img decoding=\"async\" width=\"128\" src=\"http:\/\/www.schoene-nachrichten.de\/wp-content\/uploads\/2008\/02\/080226_Kanu_03.thumbnail.jpg\" alt=\"080226_Kanu_03.jpg\" \/><\/a><\/p>\n<p>Ziel unserer heimischen Sportler um Kaspar Zoth und Janina Piaskowski (Sportler des Jahres 2007 in Fulda und jeweils Gewinner der Silbermedaille bei den Juniorenweltmeisterschaften 2007) ist es, m\u00f6glichst viele Hessenmeistertitel zu ergattern und wie in den vergangenen Jahren auch erfolgreichster hessischer Verein zu werden. Waren doch Fuldas Kanuten bei den letzt j\u00e4hrigen Deutschen Meisterschaften erfolgreichster Verein. Die Erwartungen sind also hoch gesteckt.<br \/>\nOb die Sportler des Kanu-Club Fulda (KCF) diese auch erf\u00fcllen k\u00f6nnen, dahinter steht ein Fragezeichen.<\/p>\n<p><a rel=\"lightbox[roadtrip]\" target=\"_blank\" href=\"http:\/\/www.schoene-nachrichten.de\/wp-content\/uploads\/2008\/02\/080226_Kanu_07.jpg\" title=\"Foto: Harald Piaskowski\"><img decoding=\"async\" width=\"128\" src=\"http:\/\/www.schoene-nachrichten.de\/wp-content\/uploads\/2008\/02\/080226_Kanu_07.thumbnail.jpg\" alt=\"080226_Kanu_07.jpg\" \/><\/a> <a rel=\"lightbox[roadtrip]\" target=\"_blank\" href=\"http:\/\/www.schoene-nachrichten.de\/wp-content\/uploads\/2008\/02\/080226_Kanu_08.jpg\" title=\"Foto: Harald Piaskowski\"><img decoding=\"async\" width=\"128\" src=\"http:\/\/www.schoene-nachrichten.de\/wp-content\/uploads\/2008\/02\/080226_Kanu_08.thumbnail.jpg\" alt=\"080226_Kanu_08.jpg\" \/><\/a> <a rel=\"lightbox[roadtrip]\" target=\"_blank\" href=\"http:\/\/www.schoene-nachrichten.de\/wp-content\/uploads\/2008\/02\/080226_Kanu_09.jpg\" title=\"Foto: Harald Piaskowski\"><img decoding=\"async\" width=\"128\" src=\"http:\/\/www.schoene-nachrichten.de\/wp-content\/uploads\/2008\/02\/080226_Kanu_09.thumbnail.jpg\" alt=\"080226_Kanu_09.jpg\" \/><\/a><\/p>\n<p>Zum einen ist der Saisonauftakt und somit die Hessenmeisterschaft sehr fr\u00fch und Fuldas Kanuten sind\u00c2\u00a0 allgemein als \u201eSp\u00e4tz\u00fcnder\u201c bekannt. Zum anderen wurden einige Sportler in der unmittelbaren Vorbereitung auch noch vom Krankheits- und Verletzungspech heimgesucht. Der KCF-Trainerrat mit Andreas Dajek, Heiko Kalkofen, Lothar Funk, Kaspar Zoth und David und Elke Piaskowski, darf auf die Leistungen im nationalen und internationalen Vergleich gespannt sein. (dp)<\/p>\n<p><a rel=\"lightbox[roadtrip]\" target=\"_blank\" href=\"http:\/\/www.schoene-nachrichten.de\/wp-content\/uploads\/2008\/02\/080226_Kanu_13.jpg\" title=\"Foto: Harald Piaskowski\"><img decoding=\"async\" width=\"128\" src=\"http:\/\/www.schoene-nachrichten.de\/wp-content\/uploads\/2008\/02\/080226_Kanu_13.thumbnail.jpg\" alt=\"080226_Kanu_13.jpg\" \/><\/a> <a rel=\"lightbox[roadtrip]\" target=\"_blank\" href=\"http:\/\/www.schoene-nachrichten.de\/wp-content\/uploads\/2008\/02\/080226_Kanu_14.jpg\" title=\"Foto: Harald Piaskowski\"><img decoding=\"async\" width=\"128\" src=\"http:\/\/www.schoene-nachrichten.de\/wp-content\/uploads\/2008\/02\/080226_Kanu_14.thumbnail.jpg\" alt=\"080226_Kanu_14.jpg\" \/><\/a> <a rel=\"lightbox[roadtrip]\" target=\"_blank\" href=\"http:\/\/www.schoene-nachrichten.de\/wp-content\/uploads\/2008\/02\/080226_Kanu_15.jpg\" title=\"Foto: Harald Piaskowski\"><img decoding=\"async\" width=\"128\" src=\"http:\/\/www.schoene-nachrichten.de\/wp-content\/uploads\/2008\/02\/080226_Kanu_15.thumbnail.jpg\" alt=\"080226_Kanu_15.jpg\" \/><\/a><\/p>\n<p>Zu den Favoriten aus Fuldaer Sicht z\u00e4hlt Julius Stark, der in der Klasse der m\u00e4nnlichen Sch\u00fcler A startet. \u201eJulius hat den Winter \u00fcber wirklich viel und gut trainiert. Im traue ich zu, ganz vorne mitzumischen\u201c, glauben die Mitglieder des Trainerrates.<\/p>\n<p><a rel=\"lightbox[roadtrip]\" target=\"_blank\" href=\"http:\/\/www.schoene-nachrichten.de\/wp-content\/uploads\/2008\/02\/080226_Kanu_16.jpg\" title=\"Foto: Harald Piaskowski\"><img decoding=\"async\" width=\"128\" src=\"http:\/\/www.schoene-nachrichten.de\/wp-content\/uploads\/2008\/02\/080226_Kanu_16.thumbnail.jpg\" alt=\"080226_Kanu_16.jpg\" \/><\/a> <a rel=\"lightbox[roadtrip]\" target=\"_blank\" href=\"http:\/\/www.schoene-nachrichten.de\/wp-content\/uploads\/2008\/02\/080226_Kanu_17.jpg\" title=\"Foto: Harald Piaskowski\"><img decoding=\"async\" width=\"128\" src=\"http:\/\/www.schoene-nachrichten.de\/wp-content\/uploads\/2008\/02\/080226_Kanu_17.thumbnail.jpg\" alt=\"080226_Kanu_17.jpg\" \/><\/a> <a rel=\"lightbox[roadtrip]\" target=\"_blank\" href=\"http:\/\/www.schoene-nachrichten.de\/wp-content\/uploads\/2008\/02\/080226_Kanu_18.jpg\" title=\"Foto: Harald Piaskowski\"><img decoding=\"async\" width=\"128\" src=\"http:\/\/www.schoene-nachrichten.de\/wp-content\/uploads\/2008\/02\/080226_Kanu_18.thumbnail.jpg\" alt=\"080226_Kanu_18.jpg\" \/><\/a><\/p>\n<p>Ebenfalls Hoffnungstr\u00e4ger ist die Juniorenfahrerin Janina Piaskowski. Letztes Jahr noch in der Jugendklasse unterwegs, wurde sie direkt Vizeweltmeisterin. Wenn die Entwicklung so weitergeht, trauen ihr die Trainer dieses Jahr einiges zu. Auf der Fulda muss sie sich mit der starken Konkurrenz aus Tschechien messen. Der Hessenmeistertitel d\u00fcrfte f\u00fcr sie kein Problem sein, da ihr Ziel ist, unbedingt als schnellste Deutsche \u00fcber die Ziellinie zu fahren.<\/p>\n<p><a rel=\"lightbox[roadtrip]\" target=\"_blank\" href=\"http:\/\/www.schoene-nachrichten.de\/wp-content\/uploads\/2008\/02\/080226_Kanu_25.jpg\" title=\"Foto: Harald Piaskowski\"><img decoding=\"async\" width=\"128\" src=\"http:\/\/www.schoene-nachrichten.de\/wp-content\/uploads\/2008\/02\/080226_Kanu_25.thumbnail.jpg\" alt=\"080226_Kanu_25.jpg\" \/><\/a> <a rel=\"lightbox[roadtrip]\" target=\"_blank\" href=\"http:\/\/www.schoene-nachrichten.de\/wp-content\/uploads\/2008\/02\/080226_Kanu_26.jpg\" title=\"Foto: Harald Piaskowski\"><img decoding=\"async\" width=\"128\" src=\"http:\/\/www.schoene-nachrichten.de\/wp-content\/uploads\/2008\/02\/080226_Kanu_26.thumbnail.jpg\" alt=\"080226_Kanu_26.jpg\" \/><\/a> <a rel=\"lightbox[roadtrip]\" target=\"_blank\" href=\"http:\/\/www.schoene-nachrichten.de\/wp-content\/uploads\/2008\/02\/080226_Kanu_27.jpg\" title=\"Foto: Harald Piaskowski\"><img decoding=\"async\" width=\"128\" src=\"http:\/\/www.schoene-nachrichten.de\/wp-content\/uploads\/2008\/02\/080226_Kanu_27.thumbnail.jpg\" alt=\"080226_Kanu_27.jpg\" \/><\/a><\/p>\n<p>W\u00e4hrend der Wettk\u00e4mpfe bringen die Veranstalter ein Mammutprogramm \u00fcber die B\u00fchne. Mit\u00c2\u00a0 jeweils \u00fcber 300 Starts an beiden Renntagen z\u00e4hlen die Fulda-Kanu-Rennen zu den gr\u00f6\u00dften Events in Deutschland. Am Samstag steht in Fulda-Kohlhaus ein aus zwei L\u00e4ufen bestehender Sprint mit einer Streckenl\u00e4nge von ca. 500m \u2013 2 Minuten Fahrtzeit, auf dem Programm. Start ist oberhalb der Johannesberger Br\u00fccke, die sich optimal zum Anschauen und Anfeuern der Sportler anbietet. Die Johannesberger Allee wird f\u00fcr den Durchgangsverkehr am Samstag von 08.00 bis 18.00 Uhr gesperrt.<\/p>\n<p><a rel=\"lightbox[roadtrip]\" target=\"_blank\" href=\"http:\/\/www.schoene-nachrichten.de\/wp-content\/uploads\/2008\/02\/080226_Kanu_19.jpg\" title=\"Foto: Harald Piaskowski\"><img decoding=\"async\" width=\"128\" src=\"http:\/\/www.schoene-nachrichten.de\/wp-content\/uploads\/2008\/02\/080226_Kanu_19.thumbnail.jpg\" alt=\"080226_Kanu_19.jpg\" \/><\/a> <a rel=\"lightbox[roadtrip]\" target=\"_blank\" href=\"http:\/\/www.schoene-nachrichten.de\/wp-content\/uploads\/2008\/02\/080226_Kanu_20.jpg\" title=\"Foto: Harald Piaskowski\"><img decoding=\"async\" width=\"128\" src=\"http:\/\/www.schoene-nachrichten.de\/wp-content\/uploads\/2008\/02\/080226_Kanu_20.thumbnail.jpg\" alt=\"080226_Kanu_20.jpg\" \/><\/a> <a rel=\"lightbox[roadtrip]\" target=\"_blank\" href=\"http:\/\/www.schoene-nachrichten.de\/wp-content\/uploads\/2008\/02\/080226_Kanu_21.jpg\" title=\"Foto: Harald Piaskowski\"><img decoding=\"async\" width=\"128\" src=\"http:\/\/www.schoene-nachrichten.de\/wp-content\/uploads\/2008\/02\/080226_Kanu_21.thumbnail.jpg\" alt=\"080226_Kanu_21.jpg\" \/><\/a><\/p>\n<p>Am Sonntag steht die Hessische Meisterschaft an. Der Start ist in Eichenzell, beziehungsweise f\u00fcr die Sch\u00fcler in L\u00f6schenrod; das Ziel befindet sich in Ziegel.<\/p>\n<p><a rel=\"lightbox[roadtrip]\" target=\"_blank\" href=\"http:\/\/www.schoene-nachrichten.de\/wp-content\/uploads\/2008\/02\/080226_Kanu_22.jpg\" title=\"Foto: Harald Piaskowski\"><img decoding=\"async\" width=\"128\" src=\"http:\/\/www.schoene-nachrichten.de\/wp-content\/uploads\/2008\/02\/080226_Kanu_22.thumbnail.jpg\" alt=\"080226_Kanu_22.jpg\" \/><\/a> <a rel=\"lightbox[roadtrip]\" target=\"_blank\" href=\"http:\/\/www.schoene-nachrichten.de\/wp-content\/uploads\/2008\/02\/080226_Kanu_23.jpg\" title=\"Foto: Harald Piaskowski\"><img decoding=\"async\" width=\"128\" src=\"http:\/\/www.schoene-nachrichten.de\/wp-content\/uploads\/2008\/02\/080226_Kanu_23.thumbnail.jpg\" alt=\"080226_Kanu_23.jpg\" \/><\/a> <a rel=\"lightbox[roadtrip]\" target=\"_blank\" href=\"http:\/\/www.schoene-nachrichten.de\/wp-content\/uploads\/2008\/02\/080226_Kanu_24.jpg\" title=\"Foto: Harald Piaskowski\"><img decoding=\"async\" width=\"128\" src=\"http:\/\/www.schoene-nachrichten.de\/wp-content\/uploads\/2008\/02\/080226_Kanu_24.thumbnail.jpg\" alt=\"080226_Kanu_24.jpg\" \/><\/a><\/p>\n<p>An beiden Tagen ist f\u00fcr die Verpflegung im Zielbereich bestens gesorgt! Der Kanu-Club-Fulda freut sich auf ihren Besuch. Nutzen Sie die Chance und schauen sie sich die Fulda-Kanu-Rennen 2008 live vor Ort an.<\/p>\n<p><a rel=\"lightbox[roadtrip]\" target=\"_blank\" href=\"http:\/\/www.schoene-nachrichten.de\/wp-content\/uploads\/2008\/02\/080226_Kanu_04.jpg\" title=\"Foto: Harald Piaskowski\"><img decoding=\"async\" width=\"128\" src=\"http:\/\/www.schoene-nachrichten.de\/wp-content\/uploads\/2008\/02\/080226_Kanu_04.thumbnail.jpg\" alt=\"080226_Kanu_04.jpg\" \/><\/a>\u00c2\u00a0<a rel=\"lightbox[roadtrip]\" target=\"_blank\" href=\"http:\/\/www.schoene-nachrichten.de\/wp-content\/uploads\/2008\/02\/080226_Kanu_06.jpg\" title=\"Foto: Harald Piaskowski\"><img decoding=\"async\" width=\"128\" src=\"http:\/\/www.schoene-nachrichten.de\/wp-content\/uploads\/2008\/02\/080226_Kanu_06.thumbnail.jpg\" alt=\"080226_Kanu_06.jpg\" \/><\/a>\u00c2\u00a0<a rel=\"lightbox[roadtrip]\" target=\"_blank\" href=\"http:\/\/www.schoene-nachrichten.de\/wp-content\/uploads\/2008\/02\/080226_Kanu_32.jpg\" title=\"Foto: Harald Piaskowski\"><img decoding=\"async\" width=\"128\" src=\"http:\/\/www.schoene-nachrichten.de\/wp-content\/uploads\/2008\/02\/080226_Kanu_32.thumbnail.jpg\" alt=\"080226_Kanu_32.jpg\" \/><\/a>\u00c2\u00a0<\/p>\n<p><a rel=\"lightbox[roadtrip]\" target=\"_blank\" href=\"http:\/\/www.schoene-nachrichten.de\/wp-content\/uploads\/2008\/02\/080226_Kanu_28.jpg\" title=\"Foto: Harald Piaskowski\"><img decoding=\"async\" width=\"128\" src=\"http:\/\/www.schoene-nachrichten.de\/wp-content\/uploads\/2008\/02\/080226_Kanu_28.thumbnail.jpg\" alt=\"080226_Kanu_28.jpg\" \/><\/a> <a rel=\"lightbox[roadtrip]\" target=\"_blank\" href=\"http:\/\/www.schoene-nachrichten.de\/wp-content\/uploads\/2008\/02\/080226_Kanu_29.jpg\" title=\"Foto: Harald Piaskowski\"><img decoding=\"async\" width=\"128\" src=\"http:\/\/www.schoene-nachrichten.de\/wp-content\/uploads\/2008\/02\/080226_Kanu_29.thumbnail.jpg\" alt=\"080226_Kanu_29.jpg\" \/><\/a> <a rel=\"lightbox[roadtrip]\" target=\"_blank\" href=\"http:\/\/www.schoene-nachrichten.de\/wp-content\/uploads\/2008\/02\/080226_Kanu_30.jpg\" title=\"Foto: Harald Piaskowski\"><img decoding=\"async\" width=\"128\" src=\"http:\/\/www.schoene-nachrichten.de\/wp-content\/uploads\/2008\/02\/080226_Kanu_30.thumbnail.jpg\" alt=\"080226_Kanu_30.jpg\" \/><\/a><\/p>\n<p><a rel=\"lightbox[roadtrip]\" target=\"_blank\" href=\"http:\/\/www.schoene-nachrichten.de\/wp-content\/uploads\/2008\/02\/080226_Kanu_34.jpg\" title=\"Foto: Harald Piaskowski\"><img decoding=\"async\" width=\"128\" src=\"http:\/\/www.schoene-nachrichten.de\/wp-content\/uploads\/2008\/02\/080226_Kanu_34.thumbnail.jpg\" alt=\"080226_Kanu_34.jpg\" \/><\/a> <a rel=\"lightbox[roadtrip]\" target=\"_blank\" href=\"http:\/\/www.schoene-nachrichten.de\/wp-content\/uploads\/2008\/02\/080226_Kanu_35.jpg\" title=\"Foto: Harald Piaskowski\"><img decoding=\"async\" width=\"128\" src=\"http:\/\/www.schoene-nachrichten.de\/wp-content\/uploads\/2008\/02\/080226_Kanu_35.thumbnail.jpg\" alt=\"080226_Kanu_35.jpg\" \/><\/a> <a rel=\"lightbox[roadtrip]\" target=\"_blank\" href=\"http:\/\/www.schoene-nachrichten.de\/wp-content\/uploads\/2008\/02\/080226_Kanu_36.jpg\" title=\"Foto: Harald Piaskowski\"><img decoding=\"async\" width=\"128\" src=\"http:\/\/www.schoene-nachrichten.de\/wp-content\/uploads\/2008\/02\/080226_Kanu_36.thumbnail.jpg\" alt=\"080226_Kanu_36.jpg\" \/><\/a><\/p>\n<p><a rel=\"lightbox[roadtrip]\" target=\"_blank\" href=\"http:\/\/www.schoene-nachrichten.de\/wp-content\/uploads\/2008\/02\/080226_Kanu_37.jpg\" title=\"Foto: Harald Piaskowski\"><img decoding=\"async\" width=\"128\" src=\"http:\/\/www.schoene-nachrichten.de\/wp-content\/uploads\/2008\/02\/080226_Kanu_37.thumbnail.jpg\" alt=\"080226_Kanu_37.jpg\" \/><\/a> <a rel=\"lightbox[roadtrip]\" target=\"_blank\" href=\"http:\/\/www.schoene-nachrichten.de\/wp-content\/uploads\/2008\/02\/080226_Kanu_38.jpg\" title=\"Foto: Harald Piaskowski\"><img decoding=\"async\" width=\"128\" src=\"http:\/\/www.schoene-nachrichten.de\/wp-content\/uploads\/2008\/02\/080226_Kanu_38.thumbnail.jpg\" alt=\"080226_Kanu_38.jpg\" \/><\/a> <a rel=\"lightbox[roadtrip]\" target=\"_blank\" href=\"http:\/\/www.schoene-nachrichten.de\/wp-content\/uploads\/2008\/02\/080226_Kanu_39.jpg\" title=\"Foto: Harald Piaskowski\"><img decoding=\"async\" width=\"128\" src=\"http:\/\/www.schoene-nachrichten.de\/wp-content\/uploads\/2008\/02\/080226_Kanu_39.thumbnail.jpg\" alt=\"080226_Kanu_39.jpg\" \/><\/a><\/p>\n<p><a rel=\"lightbox[roadtrip]\" target=\"_blank\" href=\"http:\/\/www.schoene-nachrichten.de\/wp-content\/uploads\/2008\/02\/080226_Kanu_40.jpg\" title=\"Foto: Harald Piaskowski\"><img decoding=\"async\" width=\"128\" src=\"http:\/\/www.schoene-nachrichten.de\/wp-content\/uploads\/2008\/02\/080226_Kanu_40.thumbnail.jpg\" alt=\"080226_Kanu_40.jpg\" \/><\/a> <a rel=\"lightbox[roadtrip]\" target=\"_blank\" href=\"http:\/\/www.schoene-nachrichten.de\/wp-content\/uploads\/2008\/02\/080226_Kanu_41.jpg\" title=\"Foto: Harald Piaskowski\"><img decoding=\"async\" width=\"128\" src=\"http:\/\/www.schoene-nachrichten.de\/wp-content\/uploads\/2008\/02\/080226_Kanu_41.thumbnail.jpg\" alt=\"080226_Kanu_41.jpg\" \/><\/a> <a rel=\"lightbox[roadtrip]\" target=\"_blank\" href=\"http:\/\/www.schoene-nachrichten.de\/wp-content\/uploads\/2008\/02\/080226_Kanu_46.jpg\" title=\"Foto: Harald Piaskowski\"><img decoding=\"async\" width=\"128\" src=\"http:\/\/www.schoene-nachrichten.de\/wp-content\/uploads\/2008\/02\/080226_Kanu_46.thumbnail.jpg\" alt=\"080226_Kanu_46.jpg\" \/><\/a>\u00c2\u00a0<\/p>\n<p><a rel=\"lightbox[roadtrip]\" target=\"_blank\" href=\"http:\/\/www.schoene-nachrichten.de\/wp-content\/uploads\/2008\/02\/080226_Kanu_43.jpg\" title=\"Foto: Harald Piaskowski\"><img decoding=\"async\" width=\"128\" src=\"http:\/\/www.schoene-nachrichten.de\/wp-content\/uploads\/2008\/02\/080226_Kanu_43.thumbnail.jpg\" alt=\"080226_Kanu_43.jpg\" \/><\/a> <a rel=\"lightbox[roadtrip]\" target=\"_blank\" href=\"http:\/\/www.schoene-nachrichten.de\/wp-content\/uploads\/2008\/02\/080226_Kanu_44.jpg\" title=\"Foto: Harald Piaskowski\"><img decoding=\"async\" width=\"128\" src=\"http:\/\/www.schoene-nachrichten.de\/wp-content\/uploads\/2008\/02\/080226_Kanu_44.thumbnail.jpg\" alt=\"080226_Kanu_44.jpg\" \/><\/a> <a rel=\"lightbox[roadtrip]\" target=\"_blank\" href=\"http:\/\/www.schoene-nachrichten.de\/wp-content\/uploads\/2008\/02\/080226_Kanu_45.jpg\" title=\"Foto: Harald Piaskowski\"><img decoding=\"async\" width=\"128\" src=\"http:\/\/www.schoene-nachrichten.de\/wp-content\/uploads\/2008\/02\/080226_Kanu_45.thumbnail.jpg\" alt=\"080226_Kanu_45.jpg\" \/><\/a><\/p>\n<p><a rel=\"lightbox[roadtrip]\" target=\"_blank\" href=\"http:\/\/www.schoene-nachrichten.de\/wp-content\/uploads\/2008\/02\/080226_Kanu_31.jpg\" title=\"Foto: Harald Piaskowski\"><img decoding=\"async\" width=\"128\" src=\"http:\/\/www.schoene-nachrichten.de\/wp-content\/uploads\/2008\/02\/080226_Kanu_31.thumbnail.jpg\" alt=\"080226_Kanu_31.jpg\" \/><\/a>\u00c2\u00a0<\/p>\n","protected":false},"excerpt":{"rendered":"<div class=\"tmnf_excerpt\"><p>Fulda. Wie jedes Jahr Anfang M\u00e4rz wird die Saison der Wildwasserkanuten mit den 39. Kanu-Abfahrtsrennen auf der Oberen Fulda am 01. und 02. M\u00e4rz in unserer\u00c2\u00a0 Domstadt er\u00f6ffnet. Und das gleich mit einem Paukenschlag! Z\u00e4hlen die Rennen doch als Hessische Meisterschaft, Jugendranglisten- und Deutschlandcuprennen. Fotos (46): Harald Piaskowski \u00c2\u00a0\u00c2\u00a0<\/p>\n<\/div>","protected":false},"author":1,"featured_media":0,"comment_status":"closed","ping_status":"closed","sticky":false,"template":"","format":"standard","meta":{"footnotes":""},"categories":[1,54,72,46],"tags":[],"class_list":["post-7991","post","type-post","status-publish","format-standard","hentry","category-startseite","category-bildergalerien","category-jugend","category-sport"],"_links":{"self":[{"href":"https:\/\/www.fuldaernachrichten.de\/index.php?rest_route=\/wp\/v2\/posts\/7991","targetHints":{"allow":["GET"]}}],"collection":[{"href":"https:\/\/www.fuldaernachrichten.de\/index.php?rest_route=\/wp\/v2\/posts"}],"about":[{"href":"https:\/\/www.fuldaernachrichten.de\/index.php?rest_route=\/wp\/v2\/types\/post"}],"author":[{"embeddable":true,"href":"https:\/\/www.fuldaernachrichten.de\/index.php?rest_route=\/wp\/v2\/users\/1"}],"replies":[{"embeddable":true,"href":"https:\/\/www.fuldaernachrichten.de\/index.php?rest_route=%2Fwp%2Fv2%2Fcomments&post=7991"}],"version-history":[{"count":0,"href":"https:\/\/www.fuldaernachrichten.de\/index.php?rest_route=\/wp\/v2\/posts\/7991\/revisions"}],"wp:attachment":[{"href":"https:\/\/www.fuldaernachrichten.de\/index.php?rest_route=%2Fwp%2Fv2%2Fmedia&parent=7991"}],"wp:term":[{"taxonomy":"category","embeddable":true,"href":"https:\/\/www.fuldaernachrichten.de\/index.php?rest_route=%2Fwp%2Fv2%2Fcategories&post=7991"},{"taxonomy":"post_tag","embeddable":true,"href":"https:\/\/www.fuldaernachrichten.de\/index.php?rest_route=%2Fwp%2Fv2%2Ftags&post=7991"}],"curies":[{"name":"wp","href":"https:\/\/api.w.org\/{rel}","templated":true}]}}