{"id":7990,"date":"2008-02-25T23:39:13","date_gmt":"2008-02-25T22:39:13","guid":{"rendered":"http:\/\/www.schoene-nachrichten.de\/?p=7990"},"modified":"2008-02-25T23:39:13","modified_gmt":"2008-02-25T22:39:13","slug":"2000-besucher-bei-reisemesse-in-flieden","status":"publish","type":"post","link":"https:\/\/www.fuldaernachrichten.de\/?p=7990","title":{"rendered":"2000 Besucher bei Reisemesse in Flieden"},"content":{"rendered":"<p><strong><a rel=\"lightbox[roadtrip]\" target=\"_blank\" href=\"http:\/\/www.schoene-nachrichten.de\/wp-content\/uploads\/2008\/02\/080225_reisemesse.jpg\" title=\"080225_reisemesse.jpg\"><img decoding=\"async\" align=\"left\" src=\"http:\/\/www.schoene-nachrichten.de\/wp-content\/uploads\/2008\/02\/080225_reisemesse.thumbnail.jpg\" hspace=\"5\" alt=\"080225_reisemesse.jpg\" \/><\/a>Flieden.<\/strong> Bei herrlichem Sonntagswetter lockte die 2. Reiseb\u00fcro-Happ-Messe \u201eReisefieber 2008\u201c \u00fcber 2000 Besucher in die TV-Turnhalle Flieden. Zwischen 11.00 Uhr und 18.00 Uhr stellte der Fliedener Reiseveranstalter Urlaubsziele und Reistrends f\u00fcr die aktuelle Saison vor. Zudem pr\u00e4sentierten verschiedene Partnerunternehmen ihre Produktpalette, wie z. B. die Raiffeisenbank eG Flieden, die Kelterei Elm, das Hotel \u201eQuehenberger\u201c aus dem Salzburger Land, das Musical \u201eElisabeth\u201c in Eisenach und AIDA-Kreuzfahrten.<!--more--><\/p>\n<p>Sehr gefragt waren vor allem die angebotenen Fachvortr\u00e4ge. Mittels Dias oder Multimediapr\u00e4sentationen wurden u. a. die Reiseziele Mallorca, die Ostseek\u00fcste von Stettin bis nach St. Petersburg, der Gardasee, S\u00fcdtirol und Rom sowie weitere St\u00e4dtereisen in Europa vorgestellt. F\u00fcr jeden Geschmack war etwas dabei. Besonders beeindruckende Bilder gab es aus S\u00fcdafrika und den Vereinigten Arabischen Emiraten zu sehen. Die lebhaften Schilderungen der Referenten weckten das Reisefieber bei den Messebesuchern.<\/p>\n<p>Auch f\u00fcr das leibliche Wohl war bestens gesorgt. Der Erl\u00f6s einer gro\u00dfen Tombola kommt der FZ-Spendenaktion \u201eIch brauche Deine Hilfe\u201c zu Gute. Den Hauptpreis, eine 5-t\u00e4gige Flugreise nach Rom am 17.03.2008 gewann Horst Wetterau aus Flieden. Die weiteren Gewinner der Reisepreise waren: J\u00fcrgen Krack aus Flieden (Busreise ins Salzburger Land), Linda Sperzel aus Sinntal (Busreise nach Dresden), Waltraud Appel aus Neuhof (Hotelgutschein Berlin), Engelbert Auth aus Flieden (Hotelgutschein Erzgebirge), Natascha Grosser aus Flieden (Hotelgutschein Zillertal), Ramona Elm aus Flieden (TUI-Gutschein), Sigrid M\u00f6ller aus Eichenzell (Tagesfahrt), Johann Schmeisl aus Flieden (Tagesfahrt) und Paul Odenwald aus Gro\u00dfenl\u00fcder (Tagesfahrt).<\/p>\n","protected":false},"excerpt":{"rendered":"<div class=\"tmnf_excerpt\"><p>Flieden. Bei herrlichem Sonntagswetter lockte die 2. Reiseb\u00fcro-Happ-Messe \u201eReisefieber 2008\u201c \u00fcber 2000 Besucher in die TV-Turnhalle Flieden. Zwischen 11.00 Uhr und 18.00 Uhr stellte der Fliedener Reiseveranstalter Urlaubsziele und Reistrends f\u00fcr die aktuelle Saison vor. Zudem pr\u00e4sentierten verschiedene Partnerunternehmen ihre Produktpalette, wie z. B. die Raiffeisenbank eG Flieden, die Kelterei Elm, das Hotel \u201eQuehenberger\u201c aus &hellip;<\/p>\n<\/div>","protected":false},"author":1,"featured_media":0,"comment_status":"closed","ping_status":"closed","sticky":false,"template":"","format":"standard","meta":{"footnotes":""},"categories":[1],"tags":[],"class_list":["post-7990","post","type-post","status-publish","format-standard","hentry","category-startseite"],"_links":{"self":[{"href":"https:\/\/www.fuldaernachrichten.de\/index.php?rest_route=\/wp\/v2\/posts\/7990","targetHints":{"allow":["GET"]}}],"collection":[{"href":"https:\/\/www.fuldaernachrichten.de\/index.php?rest_route=\/wp\/v2\/posts"}],"about":[{"href":"https:\/\/www.fuldaernachrichten.de\/index.php?rest_route=\/wp\/v2\/types\/post"}],"author":[{"embeddable":true,"href":"https:\/\/www.fuldaernachrichten.de\/index.php?rest_route=\/wp\/v2\/users\/1"}],"replies":[{"embeddable":true,"href":"https:\/\/www.fuldaernachrichten.de\/index.php?rest_route=%2Fwp%2Fv2%2Fcomments&post=7990"}],"version-history":[{"count":0,"href":"https:\/\/www.fuldaernachrichten.de\/index.php?rest_route=\/wp\/v2\/posts\/7990\/revisions"}],"wp:attachment":[{"href":"https:\/\/www.fuldaernachrichten.de\/index.php?rest_route=%2Fwp%2Fv2%2Fmedia&parent=7990"}],"wp:term":[{"taxonomy":"category","embeddable":true,"href":"https:\/\/www.fuldaernachrichten.de\/index.php?rest_route=%2Fwp%2Fv2%2Fcategories&post=7990"},{"taxonomy":"post_tag","embeddable":true,"href":"https:\/\/www.fuldaernachrichten.de\/index.php?rest_route=%2Fwp%2Fv2%2Ftags&post=7990"}],"curies":[{"name":"wp","href":"https:\/\/api.w.org\/{rel}","templated":true}]}}