{"id":7958,"date":"2008-02-22T00:20:36","date_gmt":"2008-02-21T23:20:36","guid":{"rendered":"http:\/\/www.schoene-nachrichten.de\/?p=7958"},"modified":"2008-02-22T00:34:58","modified_gmt":"2008-02-21T23:34:58","slug":"fortbildung-fuer-stomatraeger-am-hjk","status":"publish","type":"post","link":"https:\/\/www.fuldaernachrichten.de\/?p=7958","title":{"rendered":"Fortbildung f\u00fcr Stomatr\u00e4ger am HJK"},"content":{"rendered":"<p><strong>Termin.<\/strong>\u00c2\u00a0Das Herz-Jesu-Krankenhaus in Fulda veranstaltet am Freitag, dem 29. Februar 2008, eine Fortbildung f\u00fcr Stomatr\u00e4ger (Patienten mit k\u00fcnstlichem Darmausgang) und deren Angeh\u00f6rige. Enterostomatherapeutin Claudia Fritsch und Wundexpertin ICW Marietta Schmitt informieren \u00fcber aktuelle Themen aus der Stomaversorgung, geben Ern\u00e4hrungstipps und beantworten alle Fragen zur Nachsorge. Die Veranstaltung unter der Leitung von PD Dr. Carolin Tonus, Chef\u00e4rztin der Allgemein- und Viszeralchirurgie, beginnt um 17.00 Uhr in der Cafeteria und endet voraussichtlich gegen 19.30 Uhr. Eine Anmeldung ist nicht erforderlich.<\/p>\n","protected":false},"excerpt":{"rendered":"<div class=\"tmnf_excerpt\"><p>Termin.\u00c2\u00a0Das Herz-Jesu-Krankenhaus in Fulda veranstaltet am Freitag, dem 29. Februar 2008, eine Fortbildung f\u00fcr Stomatr\u00e4ger (Patienten mit k\u00fcnstlichem Darmausgang) und deren Angeh\u00f6rige. Enterostomatherapeutin Claudia Fritsch und Wundexpertin ICW Marietta Schmitt informieren \u00fcber aktuelle Themen aus der Stomaversorgung, geben Ern\u00e4hrungstipps und beantworten alle Fragen zur Nachsorge. Die Veranstaltung unter der Leitung von PD Dr. Carolin Tonus, &hellip;<\/p>\n<\/div>","protected":false},"author":1,"featured_media":0,"comment_status":"closed","ping_status":"closed","sticky":false,"template":"","format":"standard","meta":{"footnotes":""},"categories":[1,51],"tags":[],"class_list":["post-7958","post","type-post","status-publish","format-standard","hentry","category-startseite","category-medizin"],"_links":{"self":[{"href":"https:\/\/www.fuldaernachrichten.de\/index.php?rest_route=\/wp\/v2\/posts\/7958","targetHints":{"allow":["GET"]}}],"collection":[{"href":"https:\/\/www.fuldaernachrichten.de\/index.php?rest_route=\/wp\/v2\/posts"}],"about":[{"href":"https:\/\/www.fuldaernachrichten.de\/index.php?rest_route=\/wp\/v2\/types\/post"}],"author":[{"embeddable":true,"href":"https:\/\/www.fuldaernachrichten.de\/index.php?rest_route=\/wp\/v2\/users\/1"}],"replies":[{"embeddable":true,"href":"https:\/\/www.fuldaernachrichten.de\/index.php?rest_route=%2Fwp%2Fv2%2Fcomments&post=7958"}],"version-history":[{"count":0,"href":"https:\/\/www.fuldaernachrichten.de\/index.php?rest_route=\/wp\/v2\/posts\/7958\/revisions"}],"wp:attachment":[{"href":"https:\/\/www.fuldaernachrichten.de\/index.php?rest_route=%2Fwp%2Fv2%2Fmedia&parent=7958"}],"wp:term":[{"taxonomy":"category","embeddable":true,"href":"https:\/\/www.fuldaernachrichten.de\/index.php?rest_route=%2Fwp%2Fv2%2Fcategories&post=7958"},{"taxonomy":"post_tag","embeddable":true,"href":"https:\/\/www.fuldaernachrichten.de\/index.php?rest_route=%2Fwp%2Fv2%2Ftags&post=7958"}],"curies":[{"name":"wp","href":"https:\/\/api.w.org\/{rel}","templated":true}]}}