{"id":79530,"date":"2010-12-21T00:40:54","date_gmt":"2010-12-21T00:40:54","guid":{"rendered":"http:\/\/www.fuldaer-nachrichten.de\/?p=79530"},"modified":"2010-12-21T07:41:01","modified_gmt":"2010-12-21T07:41:01","slug":"stimmungsvolle-weihnachtsfeier-mit-anita-burck-im-altenheim-gersfeld","status":"publish","type":"post","link":"https:\/\/www.fuldaernachrichten.de\/?p=79530","title":{"rendered":"Stimmungsvolle Weihnachtsfeier mit Anita Burck im Altenheim Gersfeld"},"content":{"rendered":"<p><strong><a href=\"http:\/\/www.fuldaer-nachrichten.de\/wp-content\/uploads\/2010\/12\/101220_Gersfeld.jpg\"><img fetchpriority=\"high\" decoding=\"async\" class=\"alignleft size-thumbnail wp-image-79531\" title=\"101220_Gersfeld\" src=\"http:\/\/www.fuldaer-nachrichten.de\/wp-content\/uploads\/2010\/12\/101220_Gersfeld-265x198.jpg\" alt=\"\" width=\"265\" height=\"198\" srcset=\"https:\/\/www.fuldaernachrichten.de\/wp-content\/uploads\/2010\/12\/101220_Gersfeld-265x198.jpg 265w, https:\/\/www.fuldaernachrichten.de\/wp-content\/uploads\/2010\/12\/101220_Gersfeld.jpg 592w\" sizes=\"(max-width: 265px) 100vw, 265px\" \/><\/a>Gersfeld. <\/strong>Am 15.12.2010 fand im Evang. Altenheim Gersfeld eine stimmungsvolle Weihnachtsfeier statt, zu der alle Bewohnerinnen und Bewohner gerne gekommen waren. Viele Angeh\u00f6rige konnten begr\u00fc\u00dft werden, so dass ein reger Austausch bei Kaffee und Kuchen gegeben war. Als besonderer Gast war die Schlagers\u00e4ngerin Anita Burck aus K\u00fcnzell engagiert worden, die ihr weihnachtliches Repertoire zu Geh\u00f6r brachte. In den liebevoll weihnachtlich dekorierten R\u00e4umen des Altenheims war ein Hauch von Weihnachten zu sp\u00fcren. Kaffeeduft, dazu leckerer Kuchen und eine freudige Stimmung bei den Bewohnern und G\u00e4sten, die durch den Auftritt der S\u00e4ngerin verst\u00e4rkt wurde, waren im ganzen Haus zu sp\u00fcren.<!--more--><\/p>\n<p>Anita Burck konnte durch ihre positive und optimistische Haltung den Anwesenden Licht und Lebensfreude vermitteln. Mit ihren Liedern \u00c2\u00a0\u201eWeihnacht und Glockenklang\u201c weckte sie so manche Erinnerung an die l\u00e4ngst vergangenen Kindertage und beim Kalenderlied lud sie die Bewohner zum Mitsingen ein. Aber auch das von ihr vorgetragene Gedicht \u201eChristkinds Boten\u201c lie\u00df alle sp\u00fcren, wie nah das Weihnachtsfest schon ist. Mit lang anhaltendem Applaus dankten die Bewohner und G\u00e4ste der S\u00e4ngerin f\u00fcr ihren Auftritt. Im Verlauf der Veranstaltung erfreute der 7-J\u00e4hrige Felix Niebling mit seinem Fl\u00f6tenspiel die Bewohner. Traditionelle Weihnachtslieder wurden von ihm vorgetragen. Zu Beginn hatte der Gesch\u00e4ftsf\u00fchrer der neu vom Tanner Diakoniezentrum \u00fcbernommenen Einrichtung, Stefan Burkard, die Bewohner, Angeh\u00f6rigen und Mitarbeiter begr\u00fc\u00dft.<\/p>\n","protected":false},"excerpt":{"rendered":"<div class=\"tmnf_excerpt\"><p>Gersfeld. Am 15.12.2010 fand im Evang. Altenheim Gersfeld eine stimmungsvolle Weihnachtsfeier statt, zu der alle Bewohnerinnen und Bewohner gerne gekommen waren. Viele Angeh\u00f6rige konnten begr\u00fc\u00dft werden, so dass ein reger Austausch bei Kaffee und Kuchen gegeben war. Als besonderer Gast war die Schlagers\u00e4ngerin Anita Burck aus K\u00fcnzell engagiert worden, die ihr weihnachtliches Repertoire zu Geh\u00f6r &hellip;<\/p>\n<\/div>","protected":false},"author":1,"featured_media":0,"comment_status":"closed","ping_status":"closed","sticky":false,"template":"","format":"standard","meta":{"footnotes":""},"categories":[1],"tags":[],"class_list":["post-79530","post","type-post","status-publish","format-standard","hentry","category-startseite"],"_links":{"self":[{"href":"https:\/\/www.fuldaernachrichten.de\/index.php?rest_route=\/wp\/v2\/posts\/79530","targetHints":{"allow":["GET"]}}],"collection":[{"href":"https:\/\/www.fuldaernachrichten.de\/index.php?rest_route=\/wp\/v2\/posts"}],"about":[{"href":"https:\/\/www.fuldaernachrichten.de\/index.php?rest_route=\/wp\/v2\/types\/post"}],"author":[{"embeddable":true,"href":"https:\/\/www.fuldaernachrichten.de\/index.php?rest_route=\/wp\/v2\/users\/1"}],"replies":[{"embeddable":true,"href":"https:\/\/www.fuldaernachrichten.de\/index.php?rest_route=%2Fwp%2Fv2%2Fcomments&post=79530"}],"version-history":[{"count":2,"href":"https:\/\/www.fuldaernachrichten.de\/index.php?rest_route=\/wp\/v2\/posts\/79530\/revisions"}],"predecessor-version":[{"id":79539,"href":"https:\/\/www.fuldaernachrichten.de\/index.php?rest_route=\/wp\/v2\/posts\/79530\/revisions\/79539"}],"wp:attachment":[{"href":"https:\/\/www.fuldaernachrichten.de\/index.php?rest_route=%2Fwp%2Fv2%2Fmedia&parent=79530"}],"wp:term":[{"taxonomy":"category","embeddable":true,"href":"https:\/\/www.fuldaernachrichten.de\/index.php?rest_route=%2Fwp%2Fv2%2Fcategories&post=79530"},{"taxonomy":"post_tag","embeddable":true,"href":"https:\/\/www.fuldaernachrichten.de\/index.php?rest_route=%2Fwp%2Fv2%2Ftags&post=79530"}],"curies":[{"name":"wp","href":"https:\/\/api.w.org\/{rel}","templated":true}]}}