{"id":79522,"date":"2010-12-21T03:41:57","date_gmt":"2010-12-21T03:41:57","guid":{"rendered":"http:\/\/www.fuldaer-nachrichten.de\/?p=79522"},"modified":"2010-12-21T07:43:05","modified_gmt":"2010-12-21T07:43:05","slug":"seestern-leuchtturm-moeve-neue-namen-fuer-die-stationen-der-kinderklinik","status":"publish","type":"post","link":"https:\/\/www.fuldaernachrichten.de\/?p=79522","title":{"rendered":"Seestern, Leuchtturm, M\u00f6ve: Neue Namen f\u00fcr die Stationen der Kinderklinik"},"content":{"rendered":"<p><strong><a href=\"http:\/\/www.fuldaer-nachrichten.de\/wp-content\/uploads\/2010\/12\/101220_Kinderklinik.jpg\"><img decoding=\"async\" class=\"alignleft size-thumbnail wp-image-79523\" title=\"101220_Kinderklinik\" src=\"http:\/\/www.fuldaer-nachrichten.de\/wp-content\/uploads\/2010\/12\/101220_Kinderklinik-265x174.jpg\" alt=\"\" width=\"265\" height=\"174\" srcset=\"https:\/\/www.fuldaernachrichten.de\/wp-content\/uploads\/2010\/12\/101220_Kinderklinik-265x174.jpg 265w, https:\/\/www.fuldaernachrichten.de\/wp-content\/uploads\/2010\/12\/101220_Kinderklinik.jpg 592w\" sizes=\"(max-width: 265px) 100vw, 265px\" \/><\/a>Fulda. <\/strong>Die neuen Namen der drei Station der Kinderklinik des Klinikums Fulda\u00c2\u00a0 stehen fest: Seestern, Leuchtturm und M\u00f6ve. Im Rahmen des Umzugs der Klinik f\u00fcr Kinder- und Jugendmedizin des Klinikums Fulda in den Neubau des Mutter-Kind-Zentrums wurde ein Namenswettbewerb f\u00fcr die drei Stationen der Kinderklinik ins Leben gerufen. Als Siegerin des Namenswettbewerbs gewann Andrea Kowalczyk einen 5-Sterne-Kinogutschein, da sie die Anregungen f\u00fcr die kinderfreundlichen Namen gegeben hatte. Den jeweils zweiten Platz belegten Sonja Freund und Ira Magerhans.\u00c2\u00a0 Demnach erh\u00e4lt die Station der \u201eFr\u00fch- und Neugeborenen sowie Kinderintensiv\u201c den \u00c2\u00a0Namen \u201eSeestern\u201c. <!--more--><\/p>\n<p>Die Station der \u201eKinder und Jugendlichen\u201c f\u00fcr Patienten im Alter von 7-18 Jahren erh\u00e4lt den Namen \u201eLeuchtturm\u201c und die Station der \u201eS\u00e4uglinge und Kleinkinder\u201c f\u00fcr Patienten im Alter zwischen 0-6 Jahren den Namen \u201eM\u00f6ve\u201c. \u201eAm schwierigsten war es, einen Namen f\u00fcr die Station der Kinder und Jugendlichen zu finden, da er f\u00fcr Kleinkinder ebenso attraktiv sein muss wie f\u00fcr Jugendliche\u201c, erl\u00e4uterte Prof. Dr. Reinald Repp, Direktor der Klinik f\u00fcr Kinder- und Jugendmedizin. Das engte einige der eingereichten Vorschl\u00e4ge ein. Die ausgew\u00e4hlten Bezeichnungen sind nun f\u00fcr alle Altersklassen verwendbar und dem Design der Wandgestaltung der drei Stationen angepasst.<\/p>\n<p>Die Namen passen zu den Boden- und Wandmotiven in der Kinderklinik, die an vielen Stellen die Themen Wasser, Meer und Strand aufnehmen. \u201eDie neuen Namen sind griffig und vor allem f\u00fcr Kinder gut auszusprechen\u201c, erg\u00e4nzte Prof. Repp. Derzeit basteln Patienten in der Ergotherapie die Symbole \u201eSeestern\u201c, \u201eLeuchtturm\u201c und \u201eM\u00f6ve\u201c aus Holz, damit die Kinder die Stationen auch bildlich zuordnen k\u00f6nnen.\u00c2\u00a0 \u201eWir bedanken uns bei allen, die an dem Namenswettbewerb teilgenommen haben\u201c, so Prof. Dr. Repp weiter.<\/p>\n","protected":false},"excerpt":{"rendered":"<div class=\"tmnf_excerpt\"><p>Fulda. Die neuen Namen der drei Station der Kinderklinik des Klinikums Fulda\u00c2\u00a0 stehen fest: Seestern, Leuchtturm und M\u00f6ve. Im Rahmen des Umzugs der Klinik f\u00fcr Kinder- und Jugendmedizin des Klinikums Fulda in den Neubau des Mutter-Kind-Zentrums wurde ein Namenswettbewerb f\u00fcr die drei Stationen der Kinderklinik ins Leben gerufen. Als Siegerin des Namenswettbewerbs gewann Andrea Kowalczyk &hellip;<\/p>\n<\/div>","protected":false},"author":1,"featured_media":0,"comment_status":"closed","ping_status":"closed","sticky":false,"template":"","format":"standard","meta":{"footnotes":""},"categories":[1],"tags":[],"class_list":["post-79522","post","type-post","status-publish","format-standard","hentry","category-startseite"],"_links":{"self":[{"href":"https:\/\/www.fuldaernachrichten.de\/index.php?rest_route=\/wp\/v2\/posts\/79522","targetHints":{"allow":["GET"]}}],"collection":[{"href":"https:\/\/www.fuldaernachrichten.de\/index.php?rest_route=\/wp\/v2\/posts"}],"about":[{"href":"https:\/\/www.fuldaernachrichten.de\/index.php?rest_route=\/wp\/v2\/types\/post"}],"author":[{"embeddable":true,"href":"https:\/\/www.fuldaernachrichten.de\/index.php?rest_route=\/wp\/v2\/users\/1"}],"replies":[{"embeddable":true,"href":"https:\/\/www.fuldaernachrichten.de\/index.php?rest_route=%2Fwp%2Fv2%2Fcomments&post=79522"}],"version-history":[{"count":2,"href":"https:\/\/www.fuldaernachrichten.de\/index.php?rest_route=\/wp\/v2\/posts\/79522\/revisions"}],"predecessor-version":[{"id":79542,"href":"https:\/\/www.fuldaernachrichten.de\/index.php?rest_route=\/wp\/v2\/posts\/79522\/revisions\/79542"}],"wp:attachment":[{"href":"https:\/\/www.fuldaernachrichten.de\/index.php?rest_route=%2Fwp%2Fv2%2Fmedia&parent=79522"}],"wp:term":[{"taxonomy":"category","embeddable":true,"href":"https:\/\/www.fuldaernachrichten.de\/index.php?rest_route=%2Fwp%2Fv2%2Fcategories&post=79522"},{"taxonomy":"post_tag","embeddable":true,"href":"https:\/\/www.fuldaernachrichten.de\/index.php?rest_route=%2Fwp%2Fv2%2Ftags&post=79522"}],"curies":[{"name":"wp","href":"https:\/\/api.w.org\/{rel}","templated":true}]}}