{"id":79501,"date":"2010-12-21T00:45:53","date_gmt":"2010-12-21T00:45:53","guid":{"rendered":"http:\/\/www.fuldaer-nachrichten.de\/?p=79501"},"modified":"2010-12-21T07:46:20","modified_gmt":"2010-12-21T07:46:20","slug":"bewegungs-und-talentcheck-kuenftig-an-den-grundschulen-im-landkreis-und-in-der-stadt-fulda","status":"publish","type":"post","link":"https:\/\/www.fuldaernachrichten.de\/?p=79501","title":{"rendered":"Bewegungs- und Talentcheck: K\u00fcnftig an den Grundschulen im Landkreis und in der Stadt Fulda"},"content":{"rendered":"<p><strong>Fulda.<\/strong> K\u00fcnftig soll es an allen zweiten Grundschulklassen im Landkreis und in der Stadt Fulda eine j\u00e4hrliche Bestandsaufnahme der sportmotorischen F\u00e4higkeiten geben. Dieses Ziel verfolgen die Initiatoren der Kampagne zur nachhaltigen Bewegungs- und Gesundheitsf\u00f6rderung in der Bildungsregion Fulda. Gemeinsam mit dem Lehrstuhl f\u00fcr Trainings- und Bewegungswissenschaft der Universit\u00e4t Bayreuth haben Landkreis und Stadt unter Einbindung des Staatlichen Schulamtes den Fuldaer Bewegungs- und Talentcheck ins Leben gerufen. \u00dcbergeordnetes Leitziel ist es, Kinder und mittelbar deren Eltern zu mehr Bewegung und einem ges\u00fcnderen Lebensstil zu motivieren.<!--more--><\/p>\n<p>Bei dem in diesem Jahr an einigen Schulen durchgef\u00fchrten Screening haben sich die Sch\u00fclerinnen und Sch\u00fcler der ausgew\u00e4hlten Grundschulklassen als motorisch \u00fcberdurchschnittlich leistungsf\u00e4hig erwiesen. Zum \u00fcberwiegenden Teil lagen die erreichten Ergebnisse speziell im Bereich Koordination und Laufausdauer deutlich \u00fcber den bundesweiten Vergleichswerten. Um k\u00fcnftig allen den 1.500 in Frage kommenden Grundsch\u00fclern der zweiten Jahrgangsstufe die Teilnahme zu erm\u00f6glichen, soll der Bewegungs-Check dauerhaft und fl\u00e4chendeckend angeboten werden. Die j\u00e4hrlichen Gesamtkosten des Projekts betragen 10.000 Euro. Hiervon \u00fcbernimmt die Stiftung der Sparkasse Fulda 5.000 Euro. Der wird unter anderem durch Sponsoring getragen.<\/p>\n","protected":false},"excerpt":{"rendered":"<div class=\"tmnf_excerpt\"><p>Fulda. K\u00fcnftig soll es an allen zweiten Grundschulklassen im Landkreis und in der Stadt Fulda eine j\u00e4hrliche Bestandsaufnahme der sportmotorischen F\u00e4higkeiten geben. Dieses Ziel verfolgen die Initiatoren der Kampagne zur nachhaltigen Bewegungs- und Gesundheitsf\u00f6rderung in der Bildungsregion Fulda. Gemeinsam mit dem Lehrstuhl f\u00fcr Trainings- und Bewegungswissenschaft der Universit\u00e4t Bayreuth haben Landkreis und Stadt unter Einbindung &hellip;<\/p>\n<\/div>","protected":false},"author":1,"featured_media":0,"comment_status":"closed","ping_status":"closed","sticky":false,"template":"","format":"standard","meta":{"footnotes":""},"categories":[1],"tags":[],"class_list":["post-79501","post","type-post","status-publish","format-standard","hentry","category-startseite"],"_links":{"self":[{"href":"https:\/\/www.fuldaernachrichten.de\/index.php?rest_route=\/wp\/v2\/posts\/79501","targetHints":{"allow":["GET"]}}],"collection":[{"href":"https:\/\/www.fuldaernachrichten.de\/index.php?rest_route=\/wp\/v2\/posts"}],"about":[{"href":"https:\/\/www.fuldaernachrichten.de\/index.php?rest_route=\/wp\/v2\/types\/post"}],"author":[{"embeddable":true,"href":"https:\/\/www.fuldaernachrichten.de\/index.php?rest_route=\/wp\/v2\/users\/1"}],"replies":[{"embeddable":true,"href":"https:\/\/www.fuldaernachrichten.de\/index.php?rest_route=%2Fwp%2Fv2%2Fcomments&post=79501"}],"version-history":[{"count":2,"href":"https:\/\/www.fuldaernachrichten.de\/index.php?rest_route=\/wp\/v2\/posts\/79501\/revisions"}],"predecessor-version":[{"id":79547,"href":"https:\/\/www.fuldaernachrichten.de\/index.php?rest_route=\/wp\/v2\/posts\/79501\/revisions\/79547"}],"wp:attachment":[{"href":"https:\/\/www.fuldaernachrichten.de\/index.php?rest_route=%2Fwp%2Fv2%2Fmedia&parent=79501"}],"wp:term":[{"taxonomy":"category","embeddable":true,"href":"https:\/\/www.fuldaernachrichten.de\/index.php?rest_route=%2Fwp%2Fv2%2Fcategories&post=79501"},{"taxonomy":"post_tag","embeddable":true,"href":"https:\/\/www.fuldaernachrichten.de\/index.php?rest_route=%2Fwp%2Fv2%2Ftags&post=79501"}],"curies":[{"name":"wp","href":"https:\/\/api.w.org\/{rel}","templated":true}]}}