{"id":79463,"date":"2010-12-20T00:03:47","date_gmt":"2010-12-20T00:03:47","guid":{"rendered":"http:\/\/www.fuldaer-nachrichten.de\/?p=79463"},"modified":"2010-12-20T09:04:37","modified_gmt":"2010-12-20T09:04:37","slug":"last-minute-geschenk-tanner-weihnachts-cd","status":"publish","type":"post","link":"https:\/\/www.fuldaernachrichten.de\/?p=79463","title":{"rendered":"Last-Minute-Geschenk: Tanner Weihnachts-CD"},"content":{"rendered":"<p><strong>Tann. <\/strong>Noch immer kein Weihnachtsgeschenk? Dann k\u00f6nnte \u201eZu Bethlehem geboren\u00e2\u20ac\u00a6\u201c \u2013 die gemeinsame Weihnachts-CD aller Tanner Ch\u00f6re \u2013 vielleicht ein sch\u00f6nes Geschenk sein. Frauenchor \u201eMagic Voices\u201c, Gospelchor Hilders, Kinderchor \u201eTanner Goldkehlchen\u201c, Kirchenchor Tann, weitere Solisten und die Tanner Pfarrer bezeugen die Weihnachtsbotschaft auf eine wunderbare musikalische Art und Weise. Dazu vereinen sich die Orgeln von Lahrbach, Neuswarts, Tann und Theobaldshof und die Glocken von Habel, Lahrbach, Neuswarts, Tann und Theobaldshof zu einem gro\u00dfen Weihnachtsjubel, den man anderen und getrost auch sich selbst g\u00f6nnen kann.<!--more--><\/p>\n<p>Wer auf die Schnelle an Heiligabend oder an den Weihnachtsfeiertagen noch ein Geschenk ben\u00f6tigt, dem bietet der Kirchenchor Tann eine besondere M\u00f6glichkeit: Nach allen Gottesdiensten in der Tanner Stadtkirche besteht die M\u00f6glichkeit, dort die CD auch als Geschenk zu erwerben. Bei rechtzeitiger Benachrichtigung per eMail (mail@tannermusiksommer.de) oder Telefon bei einer der Vorverkaufsstellen kann die CD auch zugesandt werden.<\/p>\n<p>Weiterhin ist die CD aber auch f\u00fcr 12,95 erh\u00e4ltlich im Erlebniskaufhaus Rh\u00f6ndorf (Hauptstra\u00dfe 6, Wendershausen), bei \u201eHenry\u00e2\u20ac\u2122s PC &amp; more\u201c (Steinweg 15, Tann), im Ochsenb\u00e4ckerHaus (Marktstra\u00dfe 9, Tann, Tel: 06682-919393), bei Sport Walter (Steinweg 31, Tann), im Pfarramt Tann (Annastra\u00dfe 6, Tel: 06682-266), in der Sakristei der Stadtkirche, bei allen S\u00e4ngerinnen und S\u00e4ngern des Kirchenchores Tann und per Mail: mail@tannermusiksommer.de.<\/p>\n","protected":false},"excerpt":{"rendered":"<div class=\"tmnf_excerpt\"><p>Tann. Noch immer kein Weihnachtsgeschenk? Dann k\u00f6nnte \u201eZu Bethlehem geboren\u00e2\u20ac\u00a6\u201c \u2013 die gemeinsame Weihnachts-CD aller Tanner Ch\u00f6re \u2013 vielleicht ein sch\u00f6nes Geschenk sein. Frauenchor \u201eMagic Voices\u201c, Gospelchor Hilders, Kinderchor \u201eTanner Goldkehlchen\u201c, Kirchenchor Tann, weitere Solisten und die Tanner Pfarrer bezeugen die Weihnachtsbotschaft auf eine wunderbare musikalische Art und Weise. Dazu vereinen sich die Orgeln von &hellip;<\/p>\n<\/div>","protected":false},"author":1,"featured_media":0,"comment_status":"closed","ping_status":"closed","sticky":false,"template":"","format":"standard","meta":{"footnotes":""},"categories":[1],"tags":[],"class_list":["post-79463","post","type-post","status-publish","format-standard","hentry","category-startseite"],"_links":{"self":[{"href":"https:\/\/www.fuldaernachrichten.de\/index.php?rest_route=\/wp\/v2\/posts\/79463","targetHints":{"allow":["GET"]}}],"collection":[{"href":"https:\/\/www.fuldaernachrichten.de\/index.php?rest_route=\/wp\/v2\/posts"}],"about":[{"href":"https:\/\/www.fuldaernachrichten.de\/index.php?rest_route=\/wp\/v2\/types\/post"}],"author":[{"embeddable":true,"href":"https:\/\/www.fuldaernachrichten.de\/index.php?rest_route=\/wp\/v2\/users\/1"}],"replies":[{"embeddable":true,"href":"https:\/\/www.fuldaernachrichten.de\/index.php?rest_route=%2Fwp%2Fv2%2Fcomments&post=79463"}],"version-history":[{"count":2,"href":"https:\/\/www.fuldaernachrichten.de\/index.php?rest_route=\/wp\/v2\/posts\/79463\/revisions"}],"predecessor-version":[{"id":79474,"href":"https:\/\/www.fuldaernachrichten.de\/index.php?rest_route=\/wp\/v2\/posts\/79463\/revisions\/79474"}],"wp:attachment":[{"href":"https:\/\/www.fuldaernachrichten.de\/index.php?rest_route=%2Fwp%2Fv2%2Fmedia&parent=79463"}],"wp:term":[{"taxonomy":"category","embeddable":true,"href":"https:\/\/www.fuldaernachrichten.de\/index.php?rest_route=%2Fwp%2Fv2%2Fcategories&post=79463"},{"taxonomy":"post_tag","embeddable":true,"href":"https:\/\/www.fuldaernachrichten.de\/index.php?rest_route=%2Fwp%2Fv2%2Ftags&post=79463"}],"curies":[{"name":"wp","href":"https:\/\/api.w.org\/{rel}","templated":true}]}}