{"id":79438,"date":"2010-12-18T09:03:15","date_gmt":"2010-12-18T09:03:15","guid":{"rendered":"http:\/\/www.fuldaer-nachrichten.de\/?p=79438"},"modified":"2010-12-20T09:03:41","modified_gmt":"2010-12-20T09:03:41","slug":"rumaenien-tagebuch-des-teams-das-kunterbunte-kinderzelt","status":"publish","type":"post","link":"https:\/\/www.fuldaernachrichten.de\/?p=79438","title":{"rendered":"Rum\u00e4nien-Tagebuch des Teams &#8220;Das kunterbunte Kinderzelt&#8221;"},"content":{"rendered":"<p><strong><a href=\"http:\/\/www.fuldaer-nachrichten.de\/wp-content\/uploads\/2010\/12\/101220_Ruamenien_004.jpg\"><img decoding=\"async\" class=\"alignleft size-thumbnail wp-image-79439\" title=\"101220_Ruamenien_004\" src=\"http:\/\/www.fuldaer-nachrichten.de\/wp-content\/uploads\/2010\/12\/101220_Ruamenien_004-265x177.jpg\" alt=\"\" width=\"265\" height=\"177\" srcset=\"https:\/\/www.fuldaernachrichten.de\/wp-content\/uploads\/2010\/12\/101220_Ruamenien_004-265x177.jpg 265w, https:\/\/www.fuldaernachrichten.de\/wp-content\/uploads\/2010\/12\/101220_Ruamenien_004.jpg 592w\" sizes=\"(max-width: 265px) 100vw, 265px\" \/><\/a>Fulda. <\/strong>Hallo nach Deutschland, wir sind nun &#8211; 6:00 Uhr morgens &#8211; am Koffer packen f\u00fcr die Heimreise. Ich versuche, zwischen diesem gesch\u00e4ftigen Treiben, einen Moment Ruhe zu finden, um Euch noch schnell meine Eindr\u00fccke vom gestrigen Tag zu schicken. Mechthild sagte: &#8220;Gestern war der sch\u00f6nste Tag!&#8221; Damit ist eigentlich schon alles gesagt, oder? Doch was war so sch\u00f6n?? Wir waren schon fr\u00fch um 8:30 Uhr in der Turnhalle. Ein letztes Mal die Autos voll mit Pakete laden. Wir mussten noch auf Bernd und Eddi warten, und haben uns die Zeit sehr sinnvoll vertrieben: Wir haben die Ballonb\u00f6gen abgebaut, die Ballons in gro\u00dfe Kartons gepackt und dann am Schulhof ausgeleert &#8211; das war f\u00fcr uns und vor allem die Kids ein Riesenspa\u00df.<!--more--><\/p>\n<p>Dann brachen wir auf nach Gheorgheni. Dort begannen wir bei einer Zigeunersiedlung, die nur aus f\u00fcnf Familien besteht. Entsprechend ruhig lief hier die \u00dcbergabe ab. Dann sind wir zur Karpatenstra\u00dfe gefahren. So hei\u00dft die mittlere der drei Zigeunersiedlungen. Hier wohnen rund 25 Familien und alles war gleich etwas wuseliger. Hier haben wir zun\u00e4chst Patenpakete verteilt &#8211; also Geschenke f\u00fcr Kinder, deren Paten in Deutschland ein Extrapaket mit auf den Transport geschickt haben. Das Kind bekommt das Geschenk zus\u00e4tzlich zu seinem monatlichen Essenspaket. Begr\u00fc\u00dft wurden wir nat\u00fcrlich wieder von Josef &#8211; dem Patenkind von Kai. Er ist ein so toller, treuer Junge, und ich glaube, es geht ihm schon wieder viel besser!!<\/p>\n<p><a href=\"http:\/\/www.fuldaer-nachrichten.de\/wp-content\/uploads\/2010\/12\/101220_Ruamenien_001.jpg\"><img fetchpriority=\"high\" decoding=\"async\" class=\"alignnone size-thumbnail wp-image-79440\" title=\"101220_Ruamenien_001\" src=\"http:\/\/www.fuldaer-nachrichten.de\/wp-content\/uploads\/2010\/12\/101220_Ruamenien_001-265x199.jpg\" alt=\"\" width=\"265\" height=\"194\" \/><\/a> <a href=\"http:\/\/www.fuldaer-nachrichten.de\/wp-content\/uploads\/2010\/12\/101220_Ruamenien_008.jpg\"><img decoding=\"async\" class=\"alignnone size-thumbnail wp-image-79442\" title=\"101220_Ruamenien_008\" src=\"http:\/\/www.fuldaer-nachrichten.de\/wp-content\/uploads\/2010\/12\/101220_Ruamenien_008-265x177.jpg\" alt=\"\" width=\"265\" height=\"193\" \/><\/a><\/p>\n<p>Dann sind wir von Haus zu Haus und haben die P\u00e4ckchen \u00fcberreicht. Das ging auch sehr gut und hat uns allen viel Freude gemacht. Au\u00dferdem bekommen wir so einen viel besseren Eindruck von den Lebens- umst\u00e4nden der einzelnen Familien und Eddi wird in den n\u00e4chsten Wochen sicher einiges zum Nacharbeiten haben. Ein besonders &#8220;Anh\u00e4ngsel&#8221; hatte Lena ergattert &#8211; das M\u00e4dchen, das auf dem Weihnachtsp\u00e4ckchen- Flyer der Metzgerei Robert M\u00fcller abgebildet ist. Sie ist nicht mehr von Lenas Seite gewichen.<\/p>\n<p><a href=\"http:\/\/www.fuldaer-nachrichten.de\/wp-content\/uploads\/2010\/12\/101220_Ruamenien_006.jpg\"><img loading=\"lazy\" decoding=\"async\" class=\"alignnone size-thumbnail wp-image-79443\" title=\"101220_Ruamenien_006\" src=\"http:\/\/www.fuldaer-nachrichten.de\/wp-content\/uploads\/2010\/12\/101220_Ruamenien_006-265x177.jpg\" alt=\"\" width=\"265\" height=\"177\" srcset=\"https:\/\/www.fuldaernachrichten.de\/wp-content\/uploads\/2010\/12\/101220_Ruamenien_006-265x177.jpg 265w, https:\/\/www.fuldaernachrichten.de\/wp-content\/uploads\/2010\/12\/101220_Ruamenien_006.jpg 592w\" sizes=\"(max-width: 265px) 100vw, 265px\" \/><\/a> <a href=\"http:\/\/www.fuldaer-nachrichten.de\/wp-content\/uploads\/2010\/12\/101220_Ruamenien_005.jpg\"><img loading=\"lazy\" decoding=\"async\" class=\"alignnone size-thumbnail wp-image-79444\" title=\"101220_Ruamenien_005\" src=\"http:\/\/www.fuldaer-nachrichten.de\/wp-content\/uploads\/2010\/12\/101220_Ruamenien_005-265x177.jpg\" alt=\"\" width=\"265\" height=\"177\" srcset=\"https:\/\/www.fuldaernachrichten.de\/wp-content\/uploads\/2010\/12\/101220_Ruamenien_005-265x177.jpg 265w, https:\/\/www.fuldaernachrichten.de\/wp-content\/uploads\/2010\/12\/101220_Ruamenien_005.jpg 592w\" sizes=\"(max-width: 265px) 100vw, 265px\" \/><\/a><\/p>\n<p>Dann haben wir uns eine kleine Kaffeepause geg\u00f6nnt und haben uns dann auf den Weg zu meinem Patenkind gemacht. Sie lebt abseits der Zigeunerd\u00f6rfer und bei meinem Besuch im Sommer habe ich sie in einem zeltartigen Verschlag vorgefunden. Es ging etwa 20 Minuten steil den Berg hinauf, bevor wir auf einer Anh\u00f6he ein winziges H\u00fcttchen entdeckten. Ich schicke zwei Bilder mit, die sagen mehr als Worte. Doch trotz der widrigen Umst\u00e4nde ist sie ein fr\u00f6hliches, aufgewecktes M\u00e4dchen. Wir hoffen, dass sich kurzfristig eine L\u00f6sung f\u00fcr die Familie ergibt. Ich w\u00fcnsche Euch im Namen den ganzen Teams ein frohes und<br \/>\ngesegnetes Weihnachtsfest.<\/p>\n<p><a href=\"http:\/\/www.fuldaer-nachrichten.de\/wp-content\/uploads\/2010\/12\/101220_Ruamenien_007.jpg\"><img loading=\"lazy\" decoding=\"async\" class=\"alignnone size-thumbnail wp-image-79446\" title=\"101220_Ruamenien_007\" src=\"http:\/\/www.fuldaer-nachrichten.de\/wp-content\/uploads\/2010\/12\/101220_Ruamenien_007-265x177.jpg\" alt=\"\" width=\"265\" height=\"177\" srcset=\"https:\/\/www.fuldaernachrichten.de\/wp-content\/uploads\/2010\/12\/101220_Ruamenien_007-265x177.jpg 265w, https:\/\/www.fuldaernachrichten.de\/wp-content\/uploads\/2010\/12\/101220_Ruamenien_007.jpg 592w\" sizes=\"(max-width: 265px) 100vw, 265px\" \/><\/a> <a href=\"http:\/\/www.fuldaer-nachrichten.de\/wp-content\/uploads\/2010\/12\/101220_Ruamenien_009.jpg\"><img loading=\"lazy\" decoding=\"async\" class=\"alignnone size-thumbnail wp-image-79447\" title=\"101220_Ruamenien_009\" src=\"http:\/\/www.fuldaer-nachrichten.de\/wp-content\/uploads\/2010\/12\/101220_Ruamenien_009-265x177.jpg\" alt=\"\" width=\"265\" height=\"177\" srcset=\"https:\/\/www.fuldaernachrichten.de\/wp-content\/uploads\/2010\/12\/101220_Ruamenien_009-265x177.jpg 265w, https:\/\/www.fuldaernachrichten.de\/wp-content\/uploads\/2010\/12\/101220_Ruamenien_009.jpg 592w\" sizes=\"(max-width: 265px) 100vw, 265px\" \/><\/a><\/p>\n","protected":false},"excerpt":{"rendered":"<div class=\"tmnf_excerpt\"><p>Fulda. Hallo nach Deutschland, wir sind nun &#8211; 6:00 Uhr morgens &#8211; am Koffer packen f\u00fcr die Heimreise. Ich versuche, zwischen diesem gesch\u00e4ftigen Treiben, einen Moment Ruhe zu finden, um Euch noch schnell meine Eindr\u00fccke vom gestrigen Tag zu schicken. Mechthild sagte: &#8220;Gestern war der sch\u00f6nste Tag!&#8221; Damit ist eigentlich schon alles gesagt, oder? Doch &hellip;<\/p>\n<\/div>","protected":false},"author":1,"featured_media":0,"comment_status":"closed","ping_status":"closed","sticky":false,"template":"","format":"standard","meta":{"footnotes":""},"categories":[1],"tags":[],"class_list":["post-79438","post","type-post","status-publish","format-standard","hentry","category-startseite"],"_links":{"self":[{"href":"https:\/\/www.fuldaernachrichten.de\/index.php?rest_route=\/wp\/v2\/posts\/79438","targetHints":{"allow":["GET"]}}],"collection":[{"href":"https:\/\/www.fuldaernachrichten.de\/index.php?rest_route=\/wp\/v2\/posts"}],"about":[{"href":"https:\/\/www.fuldaernachrichten.de\/index.php?rest_route=\/wp\/v2\/types\/post"}],"author":[{"embeddable":true,"href":"https:\/\/www.fuldaernachrichten.de\/index.php?rest_route=\/wp\/v2\/users\/1"}],"replies":[{"embeddable":true,"href":"https:\/\/www.fuldaernachrichten.de\/index.php?rest_route=%2Fwp%2Fv2%2Fcomments&post=79438"}],"version-history":[{"count":2,"href":"https:\/\/www.fuldaernachrichten.de\/index.php?rest_route=\/wp\/v2\/posts\/79438\/revisions"}],"predecessor-version":[{"id":79472,"href":"https:\/\/www.fuldaernachrichten.de\/index.php?rest_route=\/wp\/v2\/posts\/79438\/revisions\/79472"}],"wp:attachment":[{"href":"https:\/\/www.fuldaernachrichten.de\/index.php?rest_route=%2Fwp%2Fv2%2Fmedia&parent=79438"}],"wp:term":[{"taxonomy":"category","embeddable":true,"href":"https:\/\/www.fuldaernachrichten.de\/index.php?rest_route=%2Fwp%2Fv2%2Fcategories&post=79438"},{"taxonomy":"post_tag","embeddable":true,"href":"https:\/\/www.fuldaernachrichten.de\/index.php?rest_route=%2Fwp%2Fv2%2Ftags&post=79438"}],"curies":[{"name":"wp","href":"https:\/\/api.w.org\/{rel}","templated":true}]}}