{"id":7943,"date":"2008-02-21T01:00:15","date_gmt":"2008-02-21T00:00:15","guid":{"rendered":"http:\/\/www.schoene-nachrichten.de\/?p=7943"},"modified":"2008-02-21T01:02:57","modified_gmt":"2008-02-21T00:02:57","slug":"fachbereich-angewandte-informatik-verabschiedet-47-absolventen","status":"publish","type":"post","link":"https:\/\/www.fuldaernachrichten.de\/?p=7943","title":{"rendered":"Fachbereich Angewandte Informatik verabschiedet 47 Absolventen"},"content":{"rendered":"<p><strong><a rel=\"lightbox[roadtrip]\" target=\"_blank\" href=\"http:\/\/www.schoene-nachrichten.de\/wp-content\/uploads\/2008\/02\/080220_aiabsolv.jpg\" title=\"080220_aiabsolv.jpg\"><img decoding=\"async\" align=\"left\" src=\"http:\/\/www.schoene-nachrichten.de\/wp-content\/uploads\/2008\/02\/080220_aiabsolv.thumbnail.jpg\" hspace=\"5\" alt=\"080220_aiabsolv.jpg\" \/><\/a>Fulda.<\/strong> 47 Absolventinnen und Absolventen des Fachbereichs Angewandte wurden in der Aula der Alten Universit\u00e4t Fulda verabschiedet. Zu diesem Anlass hatten sich zahlreiche Angeh\u00f6rige des Fachbereichs, Familienmitglieder sowie Freunde und Bekannte der Absolventinnen und Absolventen eingefunden.<!--more--><\/p>\n<p>Die Feierstunde wurde musikalisch begleitet von Olga Zarytovska und Thomas H\u00f6hl, die den Abend mit einer Darbietung am Klavier er\u00f6ffneten. Nach einer Begr\u00fc\u00dfung und Ansprache durch den Dekan des Fachbereichs Angewandte Informatik, Prof. Dr. Werner Winzerling, gratulierte dann der Pr\u00e4sident der Hochschule Fulda, Prof. Dr. Roland Schopf, den Absolventinnen und Absolventen.<\/p>\n<p>In seiner Rede ging er haupts\u00e4chlich auf die Weiterentwicklung der Hochschule Fulda, insbesondere auch auf die zuk\u00fcnftige Entwicklungsplanung des Fachbereiches Angewandte Informatik ein. Au\u00dferdem kam er kurz \u2013 wie zuvor der Dekan \u2013 auf die hochschulpolitische Situation und dabei insbesondere auf das Thema \u201eStudiengeb\u00fchren\u201c zu sprechen.<\/p>\n<p>Anschlie\u00dfend hob Prof. Dr. Weba in Vertretung des Pr\u00fcfungsausschussvorsitzenden des Fachbereichs die gute Durchschnittsnote der m\u00fcndlichen Diplompr\u00fcfungen von gerundet 2,2 hervor. Die besten m\u00fcndlichen Diplompr\u00fcfungen absolvierten Sina Herbert und Clemens Conrad mit einer Note von jeweils 1,0. F\u00fcr die Absolventinnen und Absolventen blickte Diplom-Informatiker Jens Michelsons auf das Studium zur\u00fcck.<\/p>\n<p><a rel=\"lightbox[roadtrip]\" target=\"_blank\" href=\"http:\/\/www.schoene-nachrichten.de\/wp-content\/uploads\/2008\/02\/080220_preis.jpg\" title=\"080220_preis.jpg\"><img decoding=\"async\" align=\"left\" src=\"http:\/\/www.schoene-nachrichten.de\/wp-content\/uploads\/2008\/02\/080220_preis.thumbnail.jpg\" hspace=\"5\" alt=\"080220_preis.jpg\" \/><\/a>Anschlie\u00dfend verlieh Roland Vollmer von der Ewald Vollmer-Stiftung den \u00e2\u20ac\u0161Ewald Vollmer-Preis\u00e2\u20ac\u2122 2008. Der mit 500 Euro dotierte Preis f\u00fcr den besten Absolventen mit dem Studienabschluss Diplom-Informatiker (FH) ging diesmal an Marco Trabert, der mit durchweg sehr guten Leistungen das Informatikstudium absolvierte. In seiner Rede hob Roland Vollmer u. a. die Lebensphilosophie seines Vaters, Ewald Vollmer, hervor \u2013 \u201eLeistung soll sich lohnen\u201c. Mit diesem Grundsatz w\u00fcnschte er Marco Trabert sowie den anderen Absolventinnen und Absolventen viel Erfolg f\u00fcr den weiteren Berufsweg sowie pers\u00f6nlich Gesundheit und alles Gute. (v.l.n.r.: Prof Dr. Roland Schopf (Pr\u00e4sident der Hochschule Fulda), Roland Vollmer, Marco Trabert und Prof. Dr. Werner Winzerling (Dekan des Fachbereichs Angewandte Informatik)<\/p>\n<p>Zum Schluss und H\u00f6hepunkt des Abends \u00fcbergaben der Pr\u00e4sident, der Dekan sowie Herr Vollmer die Diplomurkunden. Im Rahmen dieser \u00dcbergabe erhielten ebenfalls Merete Hirth und Peter Berthold ihre Masterurkunde des Studiengangs \u201eMaster of Science in Electronic Business\u201c.<\/p>\n<p><strong>Diplomiert wurden:<br \/>\n<\/strong>David Ambros, Natalie Bayer, Kristina Birkenbeul, Martin Bornemann, Sabine Br\u00e4hler, Clemens Conrad, Rene Dressler, Mounir El-Bekri, Dirk Fidorski, Tobias Firsching, Patrick Fleckenstein, Michael Gerhardt, Martin Glagla, Adam Glura, Andreas G\u00f6hring, Tobias Goldbach, Roman Gombert, Sina Herbert, Klaus Jaworski, Andreas Koch, Matthias Koch, Silke Kraus, Martin Kreutz, Jan Lingelbach, Daniel Lukas, Stefan Meinlschmidt, Anja Messerschmidt, Jens Michelsons, Christoph Mohr, Christian M\u00f6ller, Peter M\u00fcller, Vitali Neubauer, Pierre Nosek, Cristina Petre, Martin Pl\u00fc\u00df, Peter Preu\u00df, Thorsten Roth, Thorsten Sander, Christoph Schwalbach, Benjamin Steinke, Harald Stier, Sascha St\u00f6lzel, Marco Trabert, Patrycja Tulinska, Daniel Weyer, Christian Winkler, Mike Zaschka.<\/p>\n","protected":false},"excerpt":{"rendered":"<div class=\"tmnf_excerpt\"><p>Fulda. 47 Absolventinnen und Absolventen des Fachbereichs Angewandte wurden in der Aula der Alten Universit\u00e4t Fulda verabschiedet. Zu diesem Anlass hatten sich zahlreiche Angeh\u00f6rige des Fachbereichs, Familienmitglieder sowie Freunde und Bekannte der Absolventinnen und Absolventen eingefunden.<\/p>\n<\/div>","protected":false},"author":1,"featured_media":0,"comment_status":"closed","ping_status":"closed","sticky":false,"template":"","format":"standard","meta":{"footnotes":""},"categories":[1,53,48],"tags":[],"class_list":["post-7943","post","type-post","status-publish","format-standard","hentry","category-startseite","category-bildung","category-forschung"],"_links":{"self":[{"href":"https:\/\/www.fuldaernachrichten.de\/index.php?rest_route=\/wp\/v2\/posts\/7943","targetHints":{"allow":["GET"]}}],"collection":[{"href":"https:\/\/www.fuldaernachrichten.de\/index.php?rest_route=\/wp\/v2\/posts"}],"about":[{"href":"https:\/\/www.fuldaernachrichten.de\/index.php?rest_route=\/wp\/v2\/types\/post"}],"author":[{"embeddable":true,"href":"https:\/\/www.fuldaernachrichten.de\/index.php?rest_route=\/wp\/v2\/users\/1"}],"replies":[{"embeddable":true,"href":"https:\/\/www.fuldaernachrichten.de\/index.php?rest_route=%2Fwp%2Fv2%2Fcomments&post=7943"}],"version-history":[{"count":0,"href":"https:\/\/www.fuldaernachrichten.de\/index.php?rest_route=\/wp\/v2\/posts\/7943\/revisions"}],"wp:attachment":[{"href":"https:\/\/www.fuldaernachrichten.de\/index.php?rest_route=%2Fwp%2Fv2%2Fmedia&parent=7943"}],"wp:term":[{"taxonomy":"category","embeddable":true,"href":"https:\/\/www.fuldaernachrichten.de\/index.php?rest_route=%2Fwp%2Fv2%2Fcategories&post=7943"},{"taxonomy":"post_tag","embeddable":true,"href":"https:\/\/www.fuldaernachrichten.de\/index.php?rest_route=%2Fwp%2Fv2%2Ftags&post=7943"}],"curies":[{"name":"wp","href":"https:\/\/api.w.org\/{rel}","templated":true}]}}