{"id":79309,"date":"2010-12-18T00:23:22","date_gmt":"2010-12-18T00:23:22","guid":{"rendered":"http:\/\/www.fuldaer-nachrichten.de\/?p=79309"},"modified":"2010-12-18T08:23:33","modified_gmt":"2010-12-18T08:23:33","slug":"jusos-aus-fuldahuenfeld-besuchten-das-eu-parlament-in-strassburg","status":"publish","type":"post","link":"https:\/\/www.fuldaernachrichten.de\/?p=79309","title":{"rendered":"Jusos aus Fulda\/H\u00fcnfeld besuchten das EU-Parlament in Stra\u00dfburg"},"content":{"rendered":"<p><strong><a href=\"http:\/\/www.fuldaer-nachrichten.de\/wp-content\/uploads\/2010\/12\/101217_Parlament.jpg\"><img decoding=\"async\" class=\"alignleft size-thumbnail wp-image-79310\" title=\"101217_Parlament\" src=\"http:\/\/www.fuldaer-nachrichten.de\/wp-content\/uploads\/2010\/12\/101217_Parlament-265x176.jpg\" alt=\"\" width=\"265\" height=\"176\" srcset=\"https:\/\/www.fuldaernachrichten.de\/wp-content\/uploads\/2010\/12\/101217_Parlament-265x176.jpg 265w, https:\/\/www.fuldaernachrichten.de\/wp-content\/uploads\/2010\/12\/101217_Parlament.jpg 592w\" sizes=\"(max-width: 265px) 100vw, 265px\" \/><\/a>Fulda. <\/strong>Drei spannende Tage erlebten die Jungsozialisten aus Fulda\/H\u00fcnfeld vom 12. bis 15. Dezember in Stra\u00dfburg. Auf Einladung der SPD-Europaabgeordneten Barbara Weiler besuchten sie das Europ\u00e4ische Parlament, wo sie zuerst eine F\u00fchrung durch das imposante Geb\u00e4ude erwartete. \u201eBesonders spannend ist die Pressearbeit. Alle bekannten Nachrichtenagenturen sind dort vertreten. So ist eine zeitnahe Berichterstattung \u00fcber die politischen Entscheidungen gew\u00e4hrleistet\u201c, fasst Juso-Mitglied Vincenz Blanquett seine Eindr\u00fccke zusammen. Im Anschluss gab Barbara Weiler den jungen Genossen einen Einblick in ihre Arbeit im Parlament und den Aussch\u00fcssen. Danach hatten die Besucher die Gelegenheit, ihrer Abgeordneten Fragen zu stellen und Anregungen mitzugeben. <!--more--><\/p>\n<p>Diskutiert wurde unter anderem \u00fcber den Sinn der zwei Parlaments-Standorte in Br\u00fcssel und Stra\u00dfburg. Barbara Weiler erkl\u00e4rte, dass sie einen st\u00e4ndigen Aufenthalt in Br\u00fcssel vorziehen w\u00fcrde. Allerdings verf\u00fcge auch Deutschland mit Berlin und Bonn \u00fcber zwei Regierungssitze. Nach dem angeregten Gespr\u00e4ch nahmen die Jusos an einer Plenarsitzung teil. Von der Besuchertrib\u00fcne aus verfolgten sie eine Diskussion \u00fcber die Internetplattform \u201eWikiLeaks\u201c und deren Gr\u00fcnder Julian Assange. Kommissionspr\u00e4sident Jos\u00e9 Manuel Barroso musste sich dazu den kritischen Fragen des Plenums stellen. \u201eEs war spannend und interessant, die Arbeit des Europ\u00e4ischen Parlaments vor Ort zu erleben\u201c, sagt Vincenz Blanquett zum Abschluss der Reise.<\/p>\n","protected":false},"excerpt":{"rendered":"<div class=\"tmnf_excerpt\"><p>Fulda. Drei spannende Tage erlebten die Jungsozialisten aus Fulda\/H\u00fcnfeld vom 12. bis 15. Dezember in Stra\u00dfburg. Auf Einladung der SPD-Europaabgeordneten Barbara Weiler besuchten sie das Europ\u00e4ische Parlament, wo sie zuerst eine F\u00fchrung durch das imposante Geb\u00e4ude erwartete. \u201eBesonders spannend ist die Pressearbeit. Alle bekannten Nachrichtenagenturen sind dort vertreten. So ist eine zeitnahe Berichterstattung \u00fcber die &hellip;<\/p>\n<\/div>","protected":false},"author":1,"featured_media":0,"comment_status":"closed","ping_status":"closed","sticky":false,"template":"","format":"standard","meta":{"footnotes":""},"categories":[1],"tags":[],"class_list":["post-79309","post","type-post","status-publish","format-standard","hentry","category-startseite"],"_links":{"self":[{"href":"https:\/\/www.fuldaernachrichten.de\/index.php?rest_route=\/wp\/v2\/posts\/79309","targetHints":{"allow":["GET"]}}],"collection":[{"href":"https:\/\/www.fuldaernachrichten.de\/index.php?rest_route=\/wp\/v2\/posts"}],"about":[{"href":"https:\/\/www.fuldaernachrichten.de\/index.php?rest_route=\/wp\/v2\/types\/post"}],"author":[{"embeddable":true,"href":"https:\/\/www.fuldaernachrichten.de\/index.php?rest_route=\/wp\/v2\/users\/1"}],"replies":[{"embeddable":true,"href":"https:\/\/www.fuldaernachrichten.de\/index.php?rest_route=%2Fwp%2Fv2%2Fcomments&post=79309"}],"version-history":[{"count":2,"href":"https:\/\/www.fuldaernachrichten.de\/index.php?rest_route=\/wp\/v2\/posts\/79309\/revisions"}],"predecessor-version":[{"id":79378,"href":"https:\/\/www.fuldaernachrichten.de\/index.php?rest_route=\/wp\/v2\/posts\/79309\/revisions\/79378"}],"wp:attachment":[{"href":"https:\/\/www.fuldaernachrichten.de\/index.php?rest_route=%2Fwp%2Fv2%2Fmedia&parent=79309"}],"wp:term":[{"taxonomy":"category","embeddable":true,"href":"https:\/\/www.fuldaernachrichten.de\/index.php?rest_route=%2Fwp%2Fv2%2Fcategories&post=79309"},{"taxonomy":"post_tag","embeddable":true,"href":"https:\/\/www.fuldaernachrichten.de\/index.php?rest_route=%2Fwp%2Fv2%2Ftags&post=79309"}],"curies":[{"name":"wp","href":"https:\/\/api.w.org\/{rel}","templated":true}]}}