{"id":79299,"date":"2010-12-18T00:23:47","date_gmt":"2010-12-18T00:23:47","guid":{"rendered":"http:\/\/www.fuldaer-nachrichten.de\/?p=79299"},"modified":"2010-12-18T08:24:05","modified_gmt":"2010-12-18T08:24:05","slug":"adventskonzert-in-kuenzell","status":"publish","type":"post","link":"https:\/\/www.fuldaernachrichten.de\/?p=79299","title":{"rendered":"Adventskonzert in K\u00fcnzell"},"content":{"rendered":"<p><strong>K\u00fcnzell.<\/strong><strong> <\/strong>Zu einer besinnlichen Stunde mit Elke G\u00f6tz und Christoph M\u00fcller l\u00e4dt die katholische Kirchengemeinde am morgigen Sonntag um 17 Uhr in die Pfarrkirche St. Antonius in K\u00fcnzell ein. Vorweihnachtliche Stimmung verspricht das musikalische Angebot des Pianisten und Klarinettisten Christoph M\u00fcller und der Fl\u00f6tistin und S\u00e4ngerin Elke G\u00f6tz am Sonntag Nachmittag in K\u00fcnzell. In der adventlichen Hektik sind viele Menschen gerne gestresst und schnell \u201cvon Null auf Hundert\u201c. <!--more--><\/p>\n<p>Musik und Texte in der Ruhe der Pfarrkirche bieten die Gelegenheit, wieder zu einer vorweihnachtlichen Ruhe zu kommen. Die beiden Musiker pr\u00e4sentieren dabei bekannte und unbekannte Kirchenlieder, weltliche Melodien \u2013 zum Beispiel aus Musicals oder St\u00fccke von Reinhard Mey. Der Eintritt ist frei. Das Konzert beginnt am Sonntag, 19. Dezember, um 17 Uhr in der Pfarrkirche St. Antonius in K\u00fcnzell.<\/p>\n","protected":false},"excerpt":{"rendered":"<div class=\"tmnf_excerpt\"><p>K\u00fcnzell. Zu einer besinnlichen Stunde mit Elke G\u00f6tz und Christoph M\u00fcller l\u00e4dt die katholische Kirchengemeinde am morgigen Sonntag um 17 Uhr in die Pfarrkirche St. Antonius in K\u00fcnzell ein. Vorweihnachtliche Stimmung verspricht das musikalische Angebot des Pianisten und Klarinettisten Christoph M\u00fcller und der Fl\u00f6tistin und S\u00e4ngerin Elke G\u00f6tz am Sonntag Nachmittag in K\u00fcnzell. In der &hellip;<\/p>\n<\/div>","protected":false},"author":1,"featured_media":0,"comment_status":"closed","ping_status":"closed","sticky":false,"template":"","format":"standard","meta":{"footnotes":""},"categories":[1],"tags":[],"class_list":["post-79299","post","type-post","status-publish","format-standard","hentry","category-startseite"],"_links":{"self":[{"href":"https:\/\/www.fuldaernachrichten.de\/index.php?rest_route=\/wp\/v2\/posts\/79299","targetHints":{"allow":["GET"]}}],"collection":[{"href":"https:\/\/www.fuldaernachrichten.de\/index.php?rest_route=\/wp\/v2\/posts"}],"about":[{"href":"https:\/\/www.fuldaernachrichten.de\/index.php?rest_route=\/wp\/v2\/types\/post"}],"author":[{"embeddable":true,"href":"https:\/\/www.fuldaernachrichten.de\/index.php?rest_route=\/wp\/v2\/users\/1"}],"replies":[{"embeddable":true,"href":"https:\/\/www.fuldaernachrichten.de\/index.php?rest_route=%2Fwp%2Fv2%2Fcomments&post=79299"}],"version-history":[{"count":2,"href":"https:\/\/www.fuldaernachrichten.de\/index.php?rest_route=\/wp\/v2\/posts\/79299\/revisions"}],"predecessor-version":[{"id":79379,"href":"https:\/\/www.fuldaernachrichten.de\/index.php?rest_route=\/wp\/v2\/posts\/79299\/revisions\/79379"}],"wp:attachment":[{"href":"https:\/\/www.fuldaernachrichten.de\/index.php?rest_route=%2Fwp%2Fv2%2Fmedia&parent=79299"}],"wp:term":[{"taxonomy":"category","embeddable":true,"href":"https:\/\/www.fuldaernachrichten.de\/index.php?rest_route=%2Fwp%2Fv2%2Fcategories&post=79299"},{"taxonomy":"post_tag","embeddable":true,"href":"https:\/\/www.fuldaernachrichten.de\/index.php?rest_route=%2Fwp%2Fv2%2Ftags&post=79299"}],"curies":[{"name":"wp","href":"https:\/\/api.w.org\/{rel}","templated":true}]}}