{"id":79293,"date":"2010-12-18T00:05:49","date_gmt":"2010-12-18T00:05:49","guid":{"rendered":"http:\/\/www.fuldaer-nachrichten.de\/?p=79293"},"modified":"2010-12-18T08:33:06","modified_gmt":"2010-12-18T08:33:06","slug":"zufall-kommt-nach-grossenlueder","status":"publish","type":"post","link":"https:\/\/www.fuldaernachrichten.de\/?p=79293","title":{"rendered":"ZUFALL kommt nach Gro\u00dfenl\u00fcder &#8211; Spezielle Kundenl\u00f6sungen, 30 neue Arbeitpl\u00e4tze"},"content":{"rendered":"<p><strong><a href=\"http:\/\/www.fuldaer-nachrichten.de\/wp-content\/uploads\/2010\/12\/101217_Zufall.jpg\"><img decoding=\"async\" class=\"alignleft size-thumbnail wp-image-79294\" title=\"101217_Zufall\" src=\"http:\/\/www.fuldaer-nachrichten.de\/wp-content\/uploads\/2010\/12\/101217_Zufall.jpg\" alt=\"\" width=\"560\" srcset=\"https:\/\/www.fuldaernachrichten.de\/wp-content\/uploads\/2010\/12\/101217_Zufall.jpg 592w, https:\/\/www.fuldaernachrichten.de\/wp-content\/uploads\/2010\/12\/101217_Zufall-265x164.jpg 265w\" sizes=\"(max-width: 592px) 100vw, 592px\" \/><\/a>Gro\u00dfenl\u00fcder.<\/strong><strong> <\/strong>Die ZUFALL logistics group und die heutigen Inhaber der ehemaligen DURAmotive-Immobilie haben gemeinsam vereinbart, dass der Kontraktlogistiker zu Jahresbeginn 2011 die komplette Werksanlage am Bahnhof in Gro\u00dfenl\u00fcder langfristig anmietet und als Logistikfl\u00e4che bewirtschaftet. \u201eIn Gro\u00dfenl\u00fcder werden mittelfristig etwa 30 Arbeitspl\u00e4tze entstehen &#8211; eventuell langfristig auch mehr. Das ist abh\u00e4ngig davon, welche speziellen Kundenl\u00f6sungen wir zuk\u00fcnftig in dem Logistik Center abwickeln werden.\u201c berichtet Christoph G\u00f6bel, Mitglied der Niederlassungsleitung, \u00fcber den neuen Standort.<!--more--><\/p>\n<p>Doch einige konkrete Gesch\u00e4fte gibt es bereits. F\u00fcr einen wichtigen Kunden in Lauterbach konfektioniert ZUFALL beispielsweise Brunnen, die anschlie\u00dfend an Baum\u00e4rkte verteilt werden. F\u00fcr einen weiteren Gro\u00dfkunden aus Alsfeld werden Leitern gelagert, kommissioniert und versendet. Zus\u00e4tzlich werden Kunden aus \u00dcbersee und dem europ\u00e4ischen Ausland in Gro\u00dfenl\u00fcder zusammengezogen. \u201eHeute betreiben wir diese Kontraktlogistik-Gesch\u00e4fte bereits in kleineren L\u00e4gern rund um Fulda. Gro\u00dfenl\u00fcder mit seinen riesigen Dimensionen &#8211; wir sprechen insgesamt von \u00fcber 21.000 qm Hallenfl\u00e4che &#8211; erm\u00f6glicht es uns, mehrere Standorte zusammen zu legen.<\/p>\n<p>Daraus entsteht nat\u00fcrlich auch neues Potenzial an Hallenfl\u00e4che rund um Fulda, welches weitere Wachstumschancen f\u00fcr unsere Kontraktlogistik bietet.\u201c erkl\u00e4rt Michael Hamperl, Mitglied der Niederlassungsleitung, die Beweggr\u00fcnde f\u00fcr die Entscheidung zu Gunsten des Areals am Bahnhof. Dieses wird ab sofort an einigen Stellen umgebaut und an die Bed\u00fcrfnisse des Kontraktlogistiklagers angepasst. Danach wird mit ersten Einlagerungen begonnen.<\/p>\n<p>Die ZUFALL logistics group \u00fcberschreitet damit die 200.000 Quadratmeter-Marke an \u00fcberdachter Hallenfl\u00e4che. Mit dem neuen Logistik Center in Gro\u00dfenl\u00fcder geh\u00f6ren davon mehr als 80.000 qm Lagerfl\u00e4che zum Standort Fulda. \u201eDass es uns gelingen w\u00fcrde nach dem spannenden Neubauprojekt mit 19.000 qm in Fulda-Rodges im letzten Jahr, schon in 2011 den n\u00e4chsten gro\u00dfen Logistikstandort zu er\u00f6ffnen, dar\u00fcber sind wir selbst ein bisschen \u00fcberrascht,\u201c freut sich Michael Hamperl.<\/p>\n<p>Werner Eckerle, Mitglied der Niederlassungsleitung, wohnt selbst in Gro\u00dfenl\u00fcder und erl\u00e4utert: \u201eBei dem Projekt gibt es nur Gewinner. Seitdem bekannt ist, dass die Teppichproduktion nicht weiter gef\u00fchrt wird, drohte die Gefahr, dass aus dem Gel\u00e4nde eine dauerhafte, riesige Industriebrache wird. Das w\u00e4re f\u00fcr die Gemeinde nicht gut gewesen.\u201c Nun freuen sich die Immobilieninhaber \u00fcber die langfristig vereinbarte Partnerschaft mit dem Kontraktlogistiker.<\/p>\n<p>Die ZUFALL logistics group st\u00e4rkt damit nachhaltig die Region und hat nach Fulda, Lauterbach und Neuenstein mit Gro\u00dfenl\u00fcder einen weiteren gro\u00dfen Lagerstandort vorzuweisen. Auch B\u00fcrgermeister Werner Dietrich zeigte sich hoch erfreut von der Nachricht \u00fcber den endg\u00fcltigen Abschluss der Vertr\u00e4ge und wird die Zusammenarbeit mit dem &#8220;Neuzugang&#8221; gerne unterst\u00fctzen. \u201eDas tat er bereits im Vorfeld, als die Gespr\u00e4che mit den \u00f6ffentlichen Gremien gef\u00fchrt wurden. Wir f\u00fchlten uns von Anfang an in Gro\u00dfenl\u00fcder willkommen.\u201c best\u00e4tigt Christoph G\u00f6bel.<\/p>\n<p>\u00dcber L\u00e4rm oder starken LKW-Verkehr muss sich indes niemand in Gro\u00dfenl\u00fcder wirklich Sorgen machen. Das Areal wird nur einen Bruchteil der bisherigen LKW-Be- und Entladungen haben, denn die Kontraktlogistik verfolgt den Gesch\u00e4ftszweck einer m\u00f6glichst langfristigen Warenlagerung und einer Erh\u00f6hung der Wertsch\u00f6pfung der gelagerten Produkte.<\/p>\n","protected":false},"excerpt":{"rendered":"<div class=\"tmnf_excerpt\"><p>Gro\u00dfenl\u00fcder. Die ZUFALL logistics group und die heutigen Inhaber der ehemaligen DURAmotive-Immobilie haben gemeinsam vereinbart, dass der Kontraktlogistiker zu Jahresbeginn 2011 die komplette Werksanlage am Bahnhof in Gro\u00dfenl\u00fcder langfristig anmietet und als Logistikfl\u00e4che bewirtschaftet. \u201eIn Gro\u00dfenl\u00fcder werden mittelfristig etwa 30 Arbeitspl\u00e4tze entstehen &#8211; eventuell langfristig auch mehr. Das ist abh\u00e4ngig davon, welche speziellen Kundenl\u00f6sungen wir &hellip;<\/p>\n<\/div>","protected":false},"author":1,"featured_media":0,"comment_status":"closed","ping_status":"closed","sticky":false,"template":"","format":"standard","meta":{"footnotes":""},"categories":[1,78],"tags":[],"class_list":["post-79293","post","type-post","status-publish","format-standard","hentry","category-startseite","category-topthema"],"_links":{"self":[{"href":"https:\/\/www.fuldaernachrichten.de\/index.php?rest_route=\/wp\/v2\/posts\/79293","targetHints":{"allow":["GET"]}}],"collection":[{"href":"https:\/\/www.fuldaernachrichten.de\/index.php?rest_route=\/wp\/v2\/posts"}],"about":[{"href":"https:\/\/www.fuldaernachrichten.de\/index.php?rest_route=\/wp\/v2\/types\/post"}],"author":[{"embeddable":true,"href":"https:\/\/www.fuldaernachrichten.de\/index.php?rest_route=\/wp\/v2\/users\/1"}],"replies":[{"embeddable":true,"href":"https:\/\/www.fuldaernachrichten.de\/index.php?rest_route=%2Fwp%2Fv2%2Fcomments&post=79293"}],"version-history":[{"count":4,"href":"https:\/\/www.fuldaernachrichten.de\/index.php?rest_route=\/wp\/v2\/posts\/79293\/revisions"}],"predecessor-version":[{"id":79382,"href":"https:\/\/www.fuldaernachrichten.de\/index.php?rest_route=\/wp\/v2\/posts\/79293\/revisions\/79382"}],"wp:attachment":[{"href":"https:\/\/www.fuldaernachrichten.de\/index.php?rest_route=%2Fwp%2Fv2%2Fmedia&parent=79293"}],"wp:term":[{"taxonomy":"category","embeddable":true,"href":"https:\/\/www.fuldaernachrichten.de\/index.php?rest_route=%2Fwp%2Fv2%2Fcategories&post=79293"},{"taxonomy":"post_tag","embeddable":true,"href":"https:\/\/www.fuldaernachrichten.de\/index.php?rest_route=%2Fwp%2Fv2%2Ftags&post=79293"}],"curies":[{"name":"wp","href":"https:\/\/api.w.org\/{rel}","templated":true}]}}