{"id":7927,"date":"2008-02-20T00:32:46","date_gmt":"2008-02-19T23:32:46","guid":{"rendered":"http:\/\/www.schoene-nachrichten.de\/?p=7927"},"modified":"2008-02-20T00:12:20","modified_gmt":"2008-02-19T23:12:20","slug":"landesehrenbrief-fuer-karin-wehner","status":"publish","type":"post","link":"https:\/\/www.fuldaernachrichten.de\/?p=7927","title":{"rendered":"Landesehrenbrief f\u00fcr Karin Wehner"},"content":{"rendered":"<p><strong><a rel=\"lightbox[roadtrip]\" target=\"_blank\" href=\"http:\/\/www.schoene-nachrichten.de\/wp-content\/uploads\/2008\/02\/080220_wehner.jpg\" title=\"080220_wehner.jpg\"><img decoding=\"async\" align=\"left\" src=\"http:\/\/www.schoene-nachrichten.de\/wp-content\/uploads\/2008\/02\/080220_wehner.thumbnail.jpg\" hspace=\"5\" alt=\"080220_wehner.jpg\" \/><\/a>Poppenhausen.<\/strong> Der RMV Rh\u00f6ntal 03 Poppenhausen hatte bereits zum 6. Mal\u00c2\u00a0 das 48-Stunden Hallen-Bike-Spezial in der Poppenhausener Kreissporthalle organisiert und ausgerichtet. Wie im vergangenen Jahr war mit 23 Teilnehmermannschaften das Interesse sehr gro\u00df. Jeder gab, was er konnte und ging an die pers\u00f6nliche Leistungsgrenze. Und am Sonntagnachmittag erlebten die vielen Zuschauer und Fans ein mit gro\u00dfer Begeisterung und viel Applaus getragenes Finale.<!--more--><\/p>\n<p>B\u00fcrgermeister Manfred Helfrich lobte im Rahmen der Siegerehrung die Organisatoren Elmar und Karin Wehner, die mit zahlreichen Helfern f\u00fcr das Gelingen der Veranstaltung verantwortlich waren. \u201eWenn auch beim 6. Mal eine gewisse Routine f\u00fcr eine z\u00fcgige Vorbereitung und perfekte Durchf\u00fchrung sorgt, so sind wir uns alle bewusst, dass dieser Erfolg einer harten Arbeit aller Beteiligten zu verdanken ist\u201c, so der B\u00fcrgermeister.<\/p>\n<p>Er bezeichnete das Hallen-Bike-Spezial als eines der Aush\u00e4ngeschilder, welches die Unverwechselbarkeit von Poppenhausen u.a. als \u201edie Natursportgemeinde der Rh\u00f6n\u201c ausmache. Besonders erfreulich sei es, dass sich mehrere einheimische Teams und vor allem die sportlichen Frauen von Poppenhausen diesem harten Wettkampf gestellt h\u00e4tten.<br \/>\nAls positiver Nebeneffekt konnte die Belegung von zahlreichen G\u00e4stebetten \u00fcber das Veranstaltungswochenende registriert werden. Als Vorsitzender des Verein f\u00fcr Tourismus \u2013 Poppenhausen (Wasserkuppe) e.V. bedankte sich der B\u00fcrgermeister im Namen der Vermieter f\u00fcr die Unterst\u00fctzung.<\/p>\n<p>Die Kulisse der Siegerehrung war schlie\u00dflich ein geeigneter und w\u00fcrdiger Rahmen, um die herausragende Leistung einer bestimmten Person besonders zu w\u00fcrdigen.\u00c2\u00a0 Im Auftrag des Hessischen Ministerpr\u00e4sidenten Roland Koch und in Vertretung von Landrat Bernd Woide zeichnete B\u00fcrgermeister Manfred Helfrich Frau Karin Wehner mit dem Landesehrenbrief aus. Dieser wird verliehen f\u00fcr besonders herausragendes und langj\u00e4hriges Engagement f\u00fcr die Verdienste um die Gemeinschaft.<\/p>\n<p>Um das Ehrenamt zu f\u00f6rdern, die Aktiven bei der Stange zu halten und diese zu motivieren, weiterzumachen, habe der Staat, das Land und auch die Gemeinde von Zeit zu Zeit die Aufgabe und die Pflicht, f\u00fcr besonders herausragendes ehrenamtliches Engagement Lob, Dank und Anerkennung auszusprechen. Deshalb habe er den Antrag des RMV, Karin Wehner auszuzeichnen, gerne nachhaltig unterst\u00fctzt.<\/p>\n<p>Karin Wehner, die man als Powerfrau bezeichnen k\u00f6nne, habe sich seit vielen Jahren mit Freude und Leidenschaft f\u00fcr den Vereinssport, den Rad- und Motorsportverein (RMV) Rh\u00f6ntal 03 Poppenhausen eingebracht. Dem Verein geh\u00f6re sie seit \u00fcber 30 Jahren an, 10 Jahre lang war sie aktive Kunstradfahrerin, wurde 1985 Hessenmeisterin, fungierte \u00fcber den langen Zeitraum von 26 Jahren als Trainerin im Sch\u00fcler- und Juniorenbereich, war \u00fcber 12 Jahre die Erste Vorsitzende des RMV und organisierte an vorderer Stelle im Jahr 2003 das 100-j\u00e4hrige Vereinsjubil\u00e4um. Vor wenigen Tagen wurden die Verdienste der scheidenden Vorsitzenden Karin Wehner w\u00e4hrend der Jahreshauptversammlung auf Vereinsebene gew\u00fcrdigt.<\/p>\n<p>Durch das Kunstradfahren werde die k\u00f6rperliche und pers\u00f6nliche Entwicklung von jungen Menschen besonders gef\u00f6rdert. Neben der K\u00f6rperschule, der Beweglichkeit, dem Gleichgewichtssinn, der Koordinationsf\u00e4higkeit w\u00fcrden auch Charaktereigenschaften wie Disziplin, Selbstbewusstsein und Verl\u00e4sslichkeit positiv beeinflusst und geformt.<br \/>\nKarin Wehner, die mit dieser Ehrung v\u00f6llig \u00fcberrascht wurde, zeigte sich ger\u00fchrt und machte deutlich, dass sie ihr Engagement f\u00fcr den Verein und die Gemeinschaft nie als Last empfunden habe, sondern stets mit Freude und Erf\u00fcllung genossen habe.<\/p>\n<p>Die vielen sportlichen Erfolge und die damit verbundenen gl\u00e4nzenden Augen ihrer Sch\u00fctzlinge seien f\u00fcr sie stets ein Ansporn f\u00fcr ein Weitermachen gewesen. Zur Ehrung, die in der gef\u00fcllten Turnhalle mit gro\u00dfem Jubel begleitet wurde, \u00fcberreichte B\u00fcrgermeister Manfred Helfrich die Urkunde des Landes Hessen, die Poppenhausener Armbanduhr und Blumen.<\/p>\n","protected":false},"excerpt":{"rendered":"<div class=\"tmnf_excerpt\"><p>Poppenhausen. Der RMV Rh\u00f6ntal 03 Poppenhausen hatte bereits zum 6. Mal\u00c2\u00a0 das 48-Stunden Hallen-Bike-Spezial in der Poppenhausener Kreissporthalle organisiert und ausgerichtet. Wie im vergangenen Jahr war mit 23 Teilnehmermannschaften das Interesse sehr gro\u00df. Jeder gab, was er konnte und ging an die pers\u00f6nliche Leistungsgrenze. Und am Sonntagnachmittag erlebten die vielen Zuschauer und Fans ein mit &hellip;<\/p>\n<\/div>","protected":false},"author":1,"featured_media":0,"comment_status":"closed","ping_status":"closed","sticky":false,"template":"","format":"standard","meta":{"footnotes":""},"categories":[1,46],"tags":[],"class_list":["post-7927","post","type-post","status-publish","format-standard","hentry","category-startseite","category-sport"],"_links":{"self":[{"href":"https:\/\/www.fuldaernachrichten.de\/index.php?rest_route=\/wp\/v2\/posts\/7927","targetHints":{"allow":["GET"]}}],"collection":[{"href":"https:\/\/www.fuldaernachrichten.de\/index.php?rest_route=\/wp\/v2\/posts"}],"about":[{"href":"https:\/\/www.fuldaernachrichten.de\/index.php?rest_route=\/wp\/v2\/types\/post"}],"author":[{"embeddable":true,"href":"https:\/\/www.fuldaernachrichten.de\/index.php?rest_route=\/wp\/v2\/users\/1"}],"replies":[{"embeddable":true,"href":"https:\/\/www.fuldaernachrichten.de\/index.php?rest_route=%2Fwp%2Fv2%2Fcomments&post=7927"}],"version-history":[{"count":0,"href":"https:\/\/www.fuldaernachrichten.de\/index.php?rest_route=\/wp\/v2\/posts\/7927\/revisions"}],"wp:attachment":[{"href":"https:\/\/www.fuldaernachrichten.de\/index.php?rest_route=%2Fwp%2Fv2%2Fmedia&parent=7927"}],"wp:term":[{"taxonomy":"category","embeddable":true,"href":"https:\/\/www.fuldaernachrichten.de\/index.php?rest_route=%2Fwp%2Fv2%2Fcategories&post=7927"},{"taxonomy":"post_tag","embeddable":true,"href":"https:\/\/www.fuldaernachrichten.de\/index.php?rest_route=%2Fwp%2Fv2%2Ftags&post=7927"}],"curies":[{"name":"wp","href":"https:\/\/api.w.org\/{rel}","templated":true}]}}