{"id":7925,"date":"2008-02-20T00:21:33","date_gmt":"2008-02-19T23:21:33","guid":{"rendered":"http:\/\/www.schoene-nachrichten.de\/?p=7925"},"modified":"2008-06-05T10:52:32","modified_gmt":"2008-06-05T08:52:32","slug":"kjg-gitarrenwochenende-begeistert-45-jugendliche","status":"publish","type":"post","link":"https:\/\/www.fuldaernachrichten.de\/?p=7925","title":{"rendered":"KjG Gitarrenwochenende begeistert 45 Jugendliche"},"content":{"rendered":"<p><strong><a title=\"080220_gitarre2.jpg\" rel=\"lightbox[roadtrip]\" href=\"http:\/\/www.schoene-nachrichten.de\/wp-content\/uploads\/2008\/02\/080220_gitarre2.jpg\" target=\"_blank\"><img decoding=\"async\" src=\"http:\/\/www.schoene-nachrichten.de\/wp-content\/uploads\/2008\/02\/080220_gitarre2.thumbnail.jpg\" alt=\"080220_gitarre2.jpg\" hspace=\"5\" align=\"left\" \/><\/a>Fulda\/Hilders. <\/strong>An einem Wochenende die Grundbegriffe des Gitarrenspiels erlernen &#8211; damit warb die Katholische Junge Gemeinde (KjG) Fulda f\u00fcr ihr mittlerweile traditionelles Gitarrenwochenende, das vom 15. bis 17. Februar im Thomas Morus Haus in Hilders am Buchschirm stattfand. Die 45 jugendlichen Teilnehmerinnen und Teilnehmer im Alter von 14 bis 20 Jahren nahmen das ganze Haus in Beschlag und lernten in Kleingruppen die Grundbegriffe der Akkordbegleitung f\u00fcr Gitarre.<!--more--><\/p>\n<p>In allen Ecken des Hauses h\u00f6rte man entsprechend das gesamte Wochenende einzelne Teilnehmer ihre neu erlernten Gitarrengriffe \u00fcben, bis sie einigerma\u00dfen fl\u00fcssig klappten und am Ende ganze Lieder begleitet werden konnten. &#8220;Ich h\u00e4tte nie gedacht, da\u00df ich an einem Wochenende so viel lerne, so da\u00df ich mir jetzt zutraue, meine Kindergruppe beim Singen auf der Gitarre zu begleiten&#8221;, berichtet Marcus Dombois, KjG Gruppenleiter aus Kassel, begeistert \u00fcber das Wochenende.<\/p>\n<p><a title=\"080220_gitarre3.jpg\" rel=\"lightbox[roadtrip]\" href=\"http:\/\/www.schoene-nachrichten.de\/wp-content\/uploads\/2008\/02\/080220_gitarre3.jpg\" target=\"_blank\"><img decoding=\"async\" src=\"http:\/\/www.schoene-nachrichten.de\/wp-content\/uploads\/2008\/02\/080220_gitarre3.thumbnail.jpg\" alt=\"080220_gitarre3.jpg\" hspace=\"5\" align=\"left\" \/><\/a>Angeleitet wurden die Teilnehmer von ge\u00fcbten Gitarristen, die zum Teil selbst ihre ersten Gitarrenkenntnisse bei einem vergangenen Gitarrenwochenende gemacht hatten. &#8220;2003 hatte ich noch keinen blassen Schimmer vom Gitarrespielen. Nach dem Gitarrenwochenende hat mich aber dann die Motivation gepackt und ab da habe ich mir Schritt f\u00fcr Schritt alles M\u00f6gliche \u00fcbers Gitarrespielen beigebracht! Das Gitarrenwochenende war f\u00fcr mich sozusagen die Initialz\u00fcndung! Ich glaube, da\u00df es den Teilnehmern hier genauso geht. Au\u00dferdem macht es total viel Spa\u00df mit so vielen anderen gemeinsam zu musizieren und Gitarre zu lernen&#8221;, so R\u00fcdiger Angelstein, KjG Regionalleiter in der Region Fulda und gleichzeitig verantwortlicher Leiter des Wochenendes.<\/p>\n<p>H\u00f6hepunkt des Wochenendes war ein kleines &#8220;Konzert&#8221;, bei dem jede Gruppe die gelernten Lieder vorspielte. Beim anschlie\u00dfenden gemeinsamen Gottesdienst wurde der Gesang nat\u00fcrlich auch von vielen Gitarren begleitet. Nach einem sehr kreativen und sch\u00f6nen Wochenende in der Rh\u00f6n freuen sich nun die Jugendlichen schon auf die weiteren Veranstaltungen, die die KjG in der n\u00e4chsten Zeit anbieten wird. Informationen hierzu im Internet unter www.kjg-fulda.de.<\/p>\n","protected":false},"excerpt":{"rendered":"<div class=\"tmnf_excerpt\"><p>Fulda\/Hilders. An einem Wochenende die Grundbegriffe des Gitarrenspiels erlernen &#8211; damit warb die Katholische Junge Gemeinde (KjG) Fulda f\u00fcr ihr mittlerweile traditionelles Gitarrenwochenende, das vom 15. bis 17. Februar im Thomas Morus Haus in Hilders am Buchschirm stattfand. Die 45 jugendlichen Teilnehmerinnen und Teilnehmer im Alter von 14 bis 20 Jahren nahmen das ganze Haus &hellip;<\/p>\n<\/div>","protected":false},"author":1,"featured_media":0,"comment_status":"closed","ping_status":"closed","sticky":false,"template":"","format":"standard","meta":{"footnotes":""},"categories":[1,53,72],"tags":[],"class_list":["post-7925","post","type-post","status-publish","format-standard","hentry","category-startseite","category-bildung","category-jugend"],"_links":{"self":[{"href":"https:\/\/www.fuldaernachrichten.de\/index.php?rest_route=\/wp\/v2\/posts\/7925","targetHints":{"allow":["GET"]}}],"collection":[{"href":"https:\/\/www.fuldaernachrichten.de\/index.php?rest_route=\/wp\/v2\/posts"}],"about":[{"href":"https:\/\/www.fuldaernachrichten.de\/index.php?rest_route=\/wp\/v2\/types\/post"}],"author":[{"embeddable":true,"href":"https:\/\/www.fuldaernachrichten.de\/index.php?rest_route=\/wp\/v2\/users\/1"}],"replies":[{"embeddable":true,"href":"https:\/\/www.fuldaernachrichten.de\/index.php?rest_route=%2Fwp%2Fv2%2Fcomments&post=7925"}],"version-history":[{"count":0,"href":"https:\/\/www.fuldaernachrichten.de\/index.php?rest_route=\/wp\/v2\/posts\/7925\/revisions"}],"wp:attachment":[{"href":"https:\/\/www.fuldaernachrichten.de\/index.php?rest_route=%2Fwp%2Fv2%2Fmedia&parent=7925"}],"wp:term":[{"taxonomy":"category","embeddable":true,"href":"https:\/\/www.fuldaernachrichten.de\/index.php?rest_route=%2Fwp%2Fv2%2Fcategories&post=7925"},{"taxonomy":"post_tag","embeddable":true,"href":"https:\/\/www.fuldaernachrichten.de\/index.php?rest_route=%2Fwp%2Fv2%2Ftags&post=7925"}],"curies":[{"name":"wp","href":"https:\/\/api.w.org\/{rel}","templated":true}]}}