{"id":79249,"date":"2010-12-17T00:32:59","date_gmt":"2010-12-17T00:32:59","guid":{"rendered":"http:\/\/www.fuldaer-nachrichten.de\/?p=79249"},"modified":"2010-12-16T13:52:26","modified_gmt":"2010-12-16T13:52:26","slug":"edag-group-eroeffnet-entwicklungsbuero-in-osnabrueck","status":"publish","type":"post","link":"https:\/\/www.fuldaernachrichten.de\/?p=79249","title":{"rendered":"EDAG Group er\u00f6ffnet Entwicklungsb\u00fcro in Osnabr\u00fcck\u00e2\u20ac\u00a8"},"content":{"rendered":"<p><strong><a href=\"http:\/\/www.fuldaer-nachrichten.de\/wp-content\/uploads\/2010\/12\/101216_EDAG.jpg\"><img fetchpriority=\"high\" decoding=\"async\" class=\"alignleft size-thumbnail wp-image-79250\" title=\"101216_EDAG\" src=\"http:\/\/www.fuldaer-nachrichten.de\/wp-content\/uploads\/2010\/12\/101216_EDAG-265x327.jpg\" alt=\"\" width=\"265\" height=\"327\" srcset=\"https:\/\/www.fuldaernachrichten.de\/wp-content\/uploads\/2010\/12\/101216_EDAG-265x327.jpg 265w, https:\/\/www.fuldaernachrichten.de\/wp-content\/uploads\/2010\/12\/101216_EDAG.jpg 399w\" sizes=\"(max-width: 265px) 100vw, 265px\" \/><\/a>Fulda. <\/strong>Die EDAG Group als weltweit gr\u00f6\u00dftes unabh\u00e4ngiges Engineering-Unternehmen wird in Osnabr\u00fcck ihr bundesweit 26. Entwicklungsb\u00fcro er\u00f6ffnen. Am automobilen Traditionsstandort Osnabr\u00fcck startet am 15. Dezember 2010 ein neu eingestelltes Team von zun\u00e4chst 18 hochqualifizierten Mitarbeiterinnen und Mitarbeitern, die prim\u00e4r im Bereich der Cabriolet-\u00e2\u20ac\u00a8entwicklung und in der Derivatentwicklung von Einzelmodulen bis zum Gesamtfahrzeug \u00e2\u20ac\u00a8arbeiten werden. \u201eMit dem neuen B\u00fcro im Osnabr\u00fcck erweitern wir nicht nur unsere Pr\u00e4senz im norddeutschen Raum, sondern komplettieren unser Leistungsangebot f\u00fcr Entwicklungsdienstleistungen f\u00fcr die Automobilindustrie. Wir freuen uns, dass wir aus der Region erfahrene und hochqualifizierte Mitarbeiterinnen und Mitarbeiter f\u00fcr die EDAG Group gewinnen konnten, die uns beim Ausbau unserer Cabriolet- und Derivatentwicklungskompetenz unterst\u00fctzen werden.\u201c, unterstreicht\u00c2\u00a0 J\u00f6rg Ohlsen, CEO der EDAG Group.<!--more--><\/p>\n<p>Das Unternehmen mit Hauptsitz in Fulda ist als anerkannter Komplettentwicklungspartner f\u00fcr Fahrzeuge und Produktionsanlagen -\u00fcberwiegend f\u00fcr die Automobilindustrie- positioniert. \u00e2\u20ac\u00a8In der Vergangenheit hat die EDAG Group zahlreiche Modul- und Derivatentwicklungen f\u00fcr neue Fahrzeugmodelle verantwortlich durchgef\u00fchrt. Schwerpunkte lagen bisher in der Entwicklung von SUV\u00c2\u00b4s, Kombis und Coup\u00e9s. \u00e2\u20ac\u00a8\u201eDie Kompetenz in der Cabrioletentwicklung war ein letzter, fehlender Baustein in unserem Portfolio, den wir mit unserem neuen Standort in Osnabr\u00fcck schlie\u00dfen werden. Daher ist f\u00fcr uns der weitere Ausbau der Niederlassung ein strategisches Unternehmensziel, um unseren Kunden ein durchg\u00e4ngiges Engineering-Angebot in der Karosserie-Entwicklung f\u00fcr nunmehr alle Fahrzeuggattungen anbieten zu k\u00f6nnen.\u201c, betont J\u00f6rg Ohlsen.<\/p>\n<p>Die EDAG Group plant bereits bis Ende des Jahres 2010 eine weitere Aufstockung um \u00e2\u20ac\u00a8weitere 22 Mitarbeiterinnen und Mitarbeiter. Bis 2015 soll der Standort Osnabr\u00fcck auf \u00e2\u20ac\u00a8insgesamt 80-100 Mitarbeiterinnen und Mitarbeiter anwachsen.\u00e2\u20ac\u00a8\u00e2\u20ac\u00a8\u00e2\u20ac\u00a8EDAG Group &#8211; Partner der internationalen Mobilit\u00e4tsindustrie. Als weltweit gr\u00f6\u00dfter unabh\u00e4ngiger Entwicklungspartner entwickelt die EDAG Group serienreife Konzepte und L\u00f6sungen f\u00fcr die nachhaltige Mobilit\u00e4t der Zukunft. Die Entwicklung kompletter Module, Fahrzeuge, Derivate und Produktionsanlagen geh\u00f6rt ebenso zum Leistungsspektrum wie der Modell-, Prototypen-, Sonderfahrzeugbau und die Kleinserienfertigung. \u00dcber die Entwicklungsleistung hinaus bietet die EDAG Group die Realisierung kompletter Produktionsanlagen f\u00fcr den Karosserierohbau und der Fahrzeugmontage bis hin zu Kleinserien von Modulen und Fahrzeug-Sonderserien aus einer Hand.<\/p>\n<p>Weltweit ist die EDAG Group an \u00fcber 35 Standorten in 21 L\u00e4ndern pr\u00e4sent. Das 1969 gegr\u00fcndete Unternehmen bietet mit seinen verzahnten Gesch\u00e4ftsfeldern serienreife und fertigungsoptimierte L\u00f6sungen. Die EDAG Group ist fokussiert auf die Automobil-, Luftfahrt-, Schienenindustrie sowie auf Anbieter \u201eErneuerbarer Energien\u201c. In 2009 setzt der Konzern ca. 570 Mio. Euro um und besch\u00e4ftigt weltweit \u00fcber 6.300 Mitarbeiter.<\/p>\n","protected":false},"excerpt":{"rendered":"<div class=\"tmnf_excerpt\"><p>Fulda. Die EDAG Group als weltweit gr\u00f6\u00dftes unabh\u00e4ngiges Engineering-Unternehmen wird in Osnabr\u00fcck ihr bundesweit 26. Entwicklungsb\u00fcro er\u00f6ffnen. Am automobilen Traditionsstandort Osnabr\u00fcck startet am 15. Dezember 2010 ein neu eingestelltes Team von zun\u00e4chst 18 hochqualifizierten Mitarbeiterinnen und Mitarbeitern, die prim\u00e4r im Bereich der Cabriolet-\u00e2\u20ac\u00a8entwicklung und in der Derivatentwicklung von Einzelmodulen bis zum Gesamtfahrzeug \u00e2\u20ac\u00a8arbeiten werden. \u201eMit &hellip;<\/p>\n<\/div>","protected":false},"author":1,"featured_media":0,"comment_status":"closed","ping_status":"closed","sticky":false,"template":"","format":"standard","meta":{"footnotes":""},"categories":[1],"tags":[],"class_list":["post-79249","post","type-post","status-publish","format-standard","hentry","category-startseite"],"_links":{"self":[{"href":"https:\/\/www.fuldaernachrichten.de\/index.php?rest_route=\/wp\/v2\/posts\/79249","targetHints":{"allow":["GET"]}}],"collection":[{"href":"https:\/\/www.fuldaernachrichten.de\/index.php?rest_route=\/wp\/v2\/posts"}],"about":[{"href":"https:\/\/www.fuldaernachrichten.de\/index.php?rest_route=\/wp\/v2\/types\/post"}],"author":[{"embeddable":true,"href":"https:\/\/www.fuldaernachrichten.de\/index.php?rest_route=\/wp\/v2\/users\/1"}],"replies":[{"embeddable":true,"href":"https:\/\/www.fuldaernachrichten.de\/index.php?rest_route=%2Fwp%2Fv2%2Fcomments&post=79249"}],"version-history":[{"count":2,"href":"https:\/\/www.fuldaernachrichten.de\/index.php?rest_route=\/wp\/v2\/posts\/79249\/revisions"}],"predecessor-version":[{"id":79270,"href":"https:\/\/www.fuldaernachrichten.de\/index.php?rest_route=\/wp\/v2\/posts\/79249\/revisions\/79270"}],"wp:attachment":[{"href":"https:\/\/www.fuldaernachrichten.de\/index.php?rest_route=%2Fwp%2Fv2%2Fmedia&parent=79249"}],"wp:term":[{"taxonomy":"category","embeddable":true,"href":"https:\/\/www.fuldaernachrichten.de\/index.php?rest_route=%2Fwp%2Fv2%2Fcategories&post=79249"},{"taxonomy":"post_tag","embeddable":true,"href":"https:\/\/www.fuldaernachrichten.de\/index.php?rest_route=%2Fwp%2Fv2%2Ftags&post=79249"}],"curies":[{"name":"wp","href":"https:\/\/api.w.org\/{rel}","templated":true}]}}