{"id":7923,"date":"2008-02-20T00:55:18","date_gmt":"2008-02-19T23:55:18","guid":{"rendered":"http:\/\/www.schoene-nachrichten.de\/?p=7923"},"modified":"2008-02-19T23:36:05","modified_gmt":"2008-02-19T22:36:05","slug":"autohaus-sorg-feiert-80-jaehriges-bestehen-kundenorientierung-ist-erfolgsrezept-und-hoechstes-ziel","status":"publish","type":"post","link":"https:\/\/www.fuldaernachrichten.de\/?p=7923","title":{"rendered":"Autohaus Sorg feiert 80-j\u00e4hriges Bestehen"},"content":{"rendered":"<p><strong>Fulda.<\/strong> Vor 80 Jahren von den Eltern der jetzigen gesch\u00e4ftsf\u00fchrenden Gesellschaftern Helmut Sorg und Klaus Sorg gegr\u00fcndet, ist das Autohaus Sorg heute ein Handels- und Dienstleistungsunternehmen mit Hauptsitz in Fulda, sechs Filialen und 13 Partnern im Umkreis von 75 km. Gestern wurde der runde Geburtstag gefeiert. Rund 350 G\u00e4ste kamen und genossen einen sch\u00f6nen Abend mit Essen, Trinken, Wolff &amp; Bleuel und einigen Ansprachen.<\/p>\n<p><strong>Fotos (63):<\/strong> Max Colin Heydenreich<\/p>\n<p><a href=\"http:\/\/www.schoene-nachrichten.de\/wp-content\/uploads\/2008\/02\/080219_Sorg_53.jpg\" rel=\"lightbox[roadtrip]\" target=\"_blank\" title=\"Foto: Max Colin Heydenreich\"><img decoding=\"async\" src=\"http:\/\/www.schoene-nachrichten.de\/wp-content\/uploads\/2008\/02\/080219_Sorg_53.thumbnail.jpg\" alt=\"080219_Sorg_53.jpg\" width=\"128\" \/><\/a> <a href=\"http:\/\/www.schoene-nachrichten.de\/wp-content\/uploads\/2008\/02\/080219_Sorg_09.jpg\" rel=\"lightbox[roadtrip]\" target=\"_blank\" title=\"Foto: Max Colin Heydenreich\"><img decoding=\"async\" src=\"http:\/\/www.schoene-nachrichten.de\/wp-content\/uploads\/2008\/02\/080219_Sorg_09.thumbnail.jpg\" alt=\"080219_Sorg_09.jpg\" width=\"128\" \/><\/a> <a href=\"http:\/\/www.schoene-nachrichten.de\/wp-content\/uploads\/2008\/02\/080219_Sorg_26.jpg\" rel=\"lightbox[roadtrip]\" target=\"_blank\" title=\"Foto: Max Colin Heydenreich\"><img decoding=\"async\" src=\"http:\/\/www.schoene-nachrichten.de\/wp-content\/uploads\/2008\/02\/080219_Sorg_26.thumbnail.jpg\" alt=\"080219_Sorg_26.jpg\" width=\"128\" \/><\/a><\/p>\n<p><a href=\"http:\/\/www.schoene-nachrichten.de\/wp-content\/uploads\/2008\/02\/080219_Sorg_49.jpg\" rel=\"lightbox[roadtrip]\" target=\"_blank\" title=\"Foto: Max Colin Heydenreich\"><img decoding=\"async\" src=\"http:\/\/www.schoene-nachrichten.de\/wp-content\/uploads\/2008\/02\/080219_Sorg_49.thumbnail.jpg\" alt=\"080219_Sorg_49.jpg\" width=\"128\" \/><\/a> <a href=\"http:\/\/www.schoene-nachrichten.de\/wp-content\/uploads\/2008\/02\/080219_Sorg_08.jpg\" rel=\"lightbox[roadtrip]\" target=\"_blank\" title=\"Foto: Max Colin Heydenreich\"><img decoding=\"async\" src=\"http:\/\/www.schoene-nachrichten.de\/wp-content\/uploads\/2008\/02\/080219_Sorg_08.thumbnail.jpg\" alt=\"080219_Sorg_08.jpg\" width=\"128\" \/><\/a> <a href=\"http:\/\/www.schoene-nachrichten.de\/wp-content\/uploads\/2008\/02\/080219_Sorg_02.jpg\" rel=\"lightbox[roadtrip]\" target=\"_blank\" title=\"Foto: Max Colin Heydenreich\"><img decoding=\"async\" src=\"http:\/\/www.schoene-nachrichten.de\/wp-content\/uploads\/2008\/02\/080219_Sorg_02.thumbnail.jpg\" alt=\"080219_Sorg_02.jpg\" width=\"128\" \/><\/a><\/p>\n<p><!--more--><\/p>\n<p>80 Jahre sind eine lange Zeit. Zun\u00e4chst spezialisierten sich die Firmengr\u00fcnder auf Automobile und  Motorr\u00e4der der Marken Hanomag, Gudbrodt, Victoria und Tornax, bevor das Autohaus 1952 den Ford-Haupth\u00e4ndler Vertrag \u00fcbernahm. 1963 erfolgte der Umzug auf das heutige Firmengel\u00e4nde in der Kreuzbergstra\u00dfe an der B 27. Dort vereinen sich unter dem Dach von Sorg Premium Cars nun auch die traditionsreichen britischen Automarken Jaguar und Land Rover.<\/p>\n<p><a href=\"http:\/\/www.schoene-nachrichten.de\/wp-content\/uploads\/2008\/02\/080219_Sorg_50.jpg\" rel=\"lightbox[roadtrip]\" target=\"_blank\" title=\"Foto: Max Colin Heydenreich\"><img decoding=\"async\" src=\"http:\/\/www.schoene-nachrichten.de\/wp-content\/uploads\/2008\/02\/080219_Sorg_50.thumbnail.jpg\" alt=\"080219_Sorg_50.jpg\" width=\"128\" \/><\/a> <a href=\"http:\/\/www.schoene-nachrichten.de\/wp-content\/uploads\/2008\/02\/080219_Sorg_03.jpg\" rel=\"lightbox[roadtrip]\" target=\"_blank\" title=\"Foto: Max Colin Heydenreich\"><img decoding=\"async\" src=\"http:\/\/www.schoene-nachrichten.de\/wp-content\/uploads\/2008\/02\/080219_Sorg_03.thumbnail.jpg\" alt=\"080219_Sorg_03.jpg\" width=\"128\" \/><\/a> <a href=\"http:\/\/www.schoene-nachrichten.de\/wp-content\/uploads\/2008\/02\/080219_Sorg_56.jpg\" rel=\"lightbox[roadtrip]\" target=\"_blank\" title=\"Foto: Max Colin Heydenreich\"><img decoding=\"async\" src=\"http:\/\/www.schoene-nachrichten.de\/wp-content\/uploads\/2008\/02\/080219_Sorg_56.thumbnail.jpg\" alt=\"080219_Sorg_56.jpg\" width=\"128\" \/><\/a><\/p>\n<p><a href=\"http:\/\/www.schoene-nachrichten.de\/wp-content\/uploads\/2008\/02\/080219_Sorg_37.jpg\" rel=\"lightbox[roadtrip]\" target=\"_blank\" title=\"Foto: Max Colin Heydenreich\"><img decoding=\"async\" src=\"http:\/\/www.schoene-nachrichten.de\/wp-content\/uploads\/2008\/02\/080219_Sorg_37.thumbnail.jpg\" alt=\"080219_Sorg_37.jpg\" width=\"128\" \/><\/a> <a href=\"http:\/\/www.schoene-nachrichten.de\/wp-content\/uploads\/2008\/02\/080219_Sorg_38.jpg\" rel=\"lightbox[roadtrip]\" target=\"_blank\" title=\"Foto: Max Colin Heydenreich\"><img decoding=\"async\" src=\"http:\/\/www.schoene-nachrichten.de\/wp-content\/uploads\/2008\/02\/080219_Sorg_38.thumbnail.jpg\" alt=\"080219_Sorg_38.jpg\" width=\"128\" \/><\/a> <a href=\"http:\/\/www.schoene-nachrichten.de\/wp-content\/uploads\/2008\/02\/080219_Sorg_39.jpg\" rel=\"lightbox[roadtrip]\" target=\"_blank\" title=\"Foto: Max Colin Heydenreich\"><img decoding=\"async\" src=\"http:\/\/www.schoene-nachrichten.de\/wp-content\/uploads\/2008\/02\/080219_Sorg_39.thumbnail.jpg\" alt=\"080219_Sorg_39.jpg\" width=\"128\" \/><\/a><\/p>\n<p>Die Sorg-Firmengruppe wird heute in zweiter Generation von den Br\u00fcdern Helmut Sorg und Dr. Klaus Sorg gef\u00fchrt: 250 Mitarbeiter, darunter 30 Auszubildende, erwirtschaften einen Umsatz von j\u00e4hrlich etwa 80 Millionen Euro. \u201eWir sind ein traditionelles Familienunternehmen\u201c, erkl\u00e4rt der gesch\u00e4ftsf\u00fchrende Gesellschafter Helmut Sorg, dessen Tochter Dr. Mascha Sorg gerade in dritter Generation in das Unternehmen eingetreten ist. \u201eUnsere Mitarbeiter sind unser Kapital. Die hohe Ausbildungsquote von 12% und eine geringe Fluktuation belegen, dass wir uns unseren Nachwuchs selbst ziehen \u2013 und diesem langfristig eine berufliche Perspektive mit guten Aufstiegschancen bieten\u201c, f\u00fchrt Sorg weiter aus.<\/p>\n<p><a href=\"http:\/\/www.schoene-nachrichten.de\/wp-content\/uploads\/2008\/02\/080219_Sorg_04.jpg\" rel=\"lightbox[roadtrip]\" target=\"_blank\" title=\"Foto: Max Colin Heydenreich\"><img decoding=\"async\" src=\"http:\/\/www.schoene-nachrichten.de\/wp-content\/uploads\/2008\/02\/080219_Sorg_04.thumbnail.jpg\" alt=\"080219_Sorg_04.jpg\" width=\"128\" \/><\/a> <a href=\"http:\/\/www.schoene-nachrichten.de\/wp-content\/uploads\/2008\/02\/080219_Sorg_05.jpg\" rel=\"lightbox[roadtrip]\" target=\"_blank\" title=\"Foto: Max Colin Heydenreich\"><img decoding=\"async\" src=\"http:\/\/www.schoene-nachrichten.de\/wp-content\/uploads\/2008\/02\/080219_Sorg_05.thumbnail.jpg\" alt=\"080219_Sorg_05.jpg\" width=\"128\" \/><\/a> <a href=\"http:\/\/www.schoene-nachrichten.de\/wp-content\/uploads\/2008\/02\/080219_Sorg_06.jpg\" rel=\"lightbox[roadtrip]\" target=\"_blank\" title=\"Foto: Max Colin Heydenreich\"><img decoding=\"async\" src=\"http:\/\/www.schoene-nachrichten.de\/wp-content\/uploads\/2008\/02\/080219_Sorg_06.thumbnail.jpg\" alt=\"080219_Sorg_06.jpg\" width=\"128\" \/><\/a><\/p>\n<p><a href=\"http:\/\/www.schoene-nachrichten.de\/wp-content\/uploads\/2008\/02\/080219_Sorg_40.jpg\" rel=\"lightbox[roadtrip]\" target=\"_blank\" title=\"Foto: Max Colin Heydenreich\"><img decoding=\"async\" src=\"http:\/\/www.schoene-nachrichten.de\/wp-content\/uploads\/2008\/02\/080219_Sorg_40.thumbnail.jpg\" alt=\"080219_Sorg_40.jpg\" width=\"128\" \/><\/a> <a href=\"http:\/\/www.schoene-nachrichten.de\/wp-content\/uploads\/2008\/02\/080219_Sorg_41.jpg\" rel=\"lightbox[roadtrip]\" target=\"_blank\" title=\"Foto: Max Colin Heydenreich\"><img decoding=\"async\" src=\"http:\/\/www.schoene-nachrichten.de\/wp-content\/uploads\/2008\/02\/080219_Sorg_41.thumbnail.jpg\" alt=\"080219_Sorg_41.jpg\" width=\"128\" \/><\/a> <a href=\"http:\/\/www.schoene-nachrichten.de\/wp-content\/uploads\/2008\/02\/080219_Sorg_42.jpg\" rel=\"lightbox[roadtrip]\" target=\"_blank\" title=\"Foto: Max Colin Heydenreich\"><img decoding=\"async\" src=\"http:\/\/www.schoene-nachrichten.de\/wp-content\/uploads\/2008\/02\/080219_Sorg_42.thumbnail.jpg\" alt=\"080219_Sorg_42.jpg\" width=\"128\" \/><\/a><\/p>\n<p>Neben einer attraktiven Neuwagen-Palette der Marken Ford, Land Rover und Jaguar und einem st\u00e4ndigen Angebot von ca. 500 Gebraucht-, Jahres- und Dienstwagen geh\u00f6ren ein umfassendes Zentralersatzteil- und Zubeh\u00f6r-Lager, Service- und Reparaturcenter, Finanzdienstleistungen, Flotten-Management und Mietwagen zum  heutigen Repertoire des Unternehmens.<\/p>\n<p><a href=\"http:\/\/www.schoene-nachrichten.de\/wp-content\/uploads\/2008\/02\/080219_Sorg_58.jpg\" rel=\"lightbox[roadtrip]\" target=\"_blank\" title=\"Foto: Max Colin Heydenreich\"><img decoding=\"async\" src=\"http:\/\/www.schoene-nachrichten.de\/wp-content\/uploads\/2008\/02\/080219_Sorg_58.thumbnail.jpg\" alt=\"080219_Sorg_58.jpg\" width=\"128\" \/><\/a> <a href=\"http:\/\/www.schoene-nachrichten.de\/wp-content\/uploads\/2008\/02\/080219_Sorg_61.jpg\" rel=\"lightbox[roadtrip]\" target=\"_blank\" title=\"Foto: Max Colin Heydenreich\"><img decoding=\"async\" src=\"http:\/\/www.schoene-nachrichten.de\/wp-content\/uploads\/2008\/02\/080219_Sorg_61.thumbnail.jpg\" alt=\"080219_Sorg_61.jpg\" width=\"128\" \/><\/a> <a href=\"http:\/\/www.schoene-nachrichten.de\/wp-content\/uploads\/2008\/02\/080219_Sorg_59.jpg\" rel=\"lightbox[roadtrip]\" target=\"_blank\" title=\"Foto: Max Colin Heydenreich\"><img decoding=\"async\" src=\"http:\/\/www.schoene-nachrichten.de\/wp-content\/uploads\/2008\/02\/080219_Sorg_59.thumbnail.jpg\" alt=\"080219_Sorg_59.jpg\" width=\"128\" \/><\/a><\/p>\n<p><a href=\"http:\/\/www.schoene-nachrichten.de\/wp-content\/uploads\/2008\/02\/080219_Sorg_28.jpg\" rel=\"lightbox[roadtrip]\" target=\"_blank\" title=\"Foto: Max Colin Heydenreich\"><img decoding=\"async\" src=\"http:\/\/www.schoene-nachrichten.de\/wp-content\/uploads\/2008\/02\/080219_Sorg_28.thumbnail.jpg\" alt=\"080219_Sorg_28.jpg\" width=\"128\" \/><\/a> <a href=\"http:\/\/www.schoene-nachrichten.de\/wp-content\/uploads\/2008\/02\/080219_Sorg_29.jpg\" rel=\"lightbox[roadtrip]\" target=\"_blank\" title=\"Foto: Max Colin Heydenreich\"><img decoding=\"async\" src=\"http:\/\/www.schoene-nachrichten.de\/wp-content\/uploads\/2008\/02\/080219_Sorg_29.thumbnail.jpg\" alt=\"080219_Sorg_29.jpg\" width=\"128\" \/><\/a> <a href=\"http:\/\/www.schoene-nachrichten.de\/wp-content\/uploads\/2008\/02\/080219_Sorg_30.jpg\" rel=\"lightbox[roadtrip]\" target=\"_blank\" title=\"Foto: Max Colin Heydenreich\"><img decoding=\"async\" src=\"http:\/\/www.schoene-nachrichten.de\/wp-content\/uploads\/2008\/02\/080219_Sorg_30.thumbnail.jpg\" alt=\"080219_Sorg_30.jpg\" width=\"128\" \/><\/a><\/p>\n<p>Zudem ist das Autohaus Sorg eines der 11 Ford \u201eNutzfahrzeug-Kompetenzzentren\u201c in der Bundesrepublik \u2013 ca. 400 neue und gebrauchte Transporter wechseln hier j\u00e4hrlich den Besitzer. \u201eWir gehen auf die W\u00fcnsche unserer Kunden ein und halten zuverl\u00e4ssig, was wir versprechen \u2013 engagiert und kompetent, flexibel und  l\u00f6sungsorientiert. Wir legen gro\u00dfen Wert auf Ehrlichkeit und Transparenz \u2013 Kundenzufriedenheit ist dabei unser h\u00f6chstes Ziel\u201c,  formulieren die Br\u00fcder Sorg die Firmenphilosophie.<\/p>\n<p><a href=\"http:\/\/www.schoene-nachrichten.de\/wp-content\/uploads\/2008\/02\/080219_Sorg_10.jpg\" rel=\"lightbox[roadtrip]\" target=\"_blank\" title=\"Foto: Max Colin Heydenreich\"><img decoding=\"async\" src=\"http:\/\/www.schoene-nachrichten.de\/wp-content\/uploads\/2008\/02\/080219_Sorg_10.thumbnail.jpg\" alt=\"080219_Sorg_10.jpg\" width=\"128\" \/><\/a> <a href=\"http:\/\/www.schoene-nachrichten.de\/wp-content\/uploads\/2008\/02\/080219_Sorg_11.jpg\" rel=\"lightbox[roadtrip]\" target=\"_blank\" title=\"Foto: Max Colin Heydenreich\"><img decoding=\"async\" src=\"http:\/\/www.schoene-nachrichten.de\/wp-content\/uploads\/2008\/02\/080219_Sorg_11.thumbnail.jpg\" alt=\"080219_Sorg_11.jpg\" width=\"128\" \/><\/a> <a href=\"http:\/\/www.schoene-nachrichten.de\/wp-content\/uploads\/2008\/02\/080219_Sorg_12.jpg\" rel=\"lightbox[roadtrip]\" target=\"_blank\" title=\"Foto: Max Colin Heydenreich\"><img decoding=\"async\" src=\"http:\/\/www.schoene-nachrichten.de\/wp-content\/uploads\/2008\/02\/080219_Sorg_12.thumbnail.jpg\" alt=\"080219_Sorg_12.jpg\" width=\"128\" \/><\/a><\/p>\n<p><a href=\"http:\/\/www.schoene-nachrichten.de\/wp-content\/uploads\/2008\/02\/080219_Sorg_43.jpg\" rel=\"lightbox[roadtrip]\" target=\"_blank\" title=\"Foto: Max Colin Heydenreich\"><img decoding=\"async\" src=\"http:\/\/www.schoene-nachrichten.de\/wp-content\/uploads\/2008\/02\/080219_Sorg_43.thumbnail.jpg\" alt=\"080219_Sorg_43.jpg\" width=\"128\" \/><\/a> <a href=\"http:\/\/www.schoene-nachrichten.de\/wp-content\/uploads\/2008\/02\/080219_Sorg_44.jpg\" rel=\"lightbox[roadtrip]\" target=\"_blank\" title=\"Foto: Max Colin Heydenreich\"><img decoding=\"async\" src=\"http:\/\/www.schoene-nachrichten.de\/wp-content\/uploads\/2008\/02\/080219_Sorg_44.thumbnail.jpg\" alt=\"080219_Sorg_44.jpg\" width=\"128\" \/><\/a> <a href=\"http:\/\/www.schoene-nachrichten.de\/wp-content\/uploads\/2008\/02\/080219_Sorg_45.jpg\" rel=\"lightbox[roadtrip]\" target=\"_blank\" title=\"Foto: Max Colin Heydenreich\"><img decoding=\"async\" src=\"http:\/\/www.schoene-nachrichten.de\/wp-content\/uploads\/2008\/02\/080219_Sorg_45.thumbnail.jpg\" alt=\"080219_Sorg_45.jpg\" width=\"128\" \/><\/a><\/p>\n<p>Um dieses Ziel zu erreichen, l\u00e4sst man sich im Autohaus Sorg einiges einfallen: Obwohl die ford Fahrzeuge bereits sehr niedrige CO2- und Verbrauchswerte, h\u00e4ufig sogar die niedrigsten, ihrer Klassen aufweisen, geht man bei Sorg noch einen Schritt weiter. In \u201eEco-Driving\u201c-Kursen vermittelt das Autohaus in Kooperation mit dem Deutschen Verrkehrssicherheitsrat (DRV) eine treibstoffsparende und somit umweltschonende Fahrweise. \u201eJeder eingesparte Liter Treibstoff schont die Umwelt \u2013 und den Geldbeutel\u201c, bringt Dr. Klaus Sorg eine einfache \u201eUmweltschutzformel\u201c auf den Punkt.<\/p>\n<p><a href=\"http:\/\/www.schoene-nachrichten.de\/wp-content\/uploads\/2008\/02\/080219_Sorg_31.jpg\" rel=\"lightbox[roadtrip]\" target=\"_blank\" title=\"Foto: Max Colin Heydenreich\"><img decoding=\"async\" src=\"http:\/\/www.schoene-nachrichten.de\/wp-content\/uploads\/2008\/02\/080219_Sorg_31.thumbnail.jpg\" alt=\"080219_Sorg_31.jpg\" width=\"128\" \/><\/a> <a href=\"http:\/\/www.schoene-nachrichten.de\/wp-content\/uploads\/2008\/02\/080219_Sorg_32.jpg\" rel=\"lightbox[roadtrip]\" target=\"_blank\" title=\"Foto: Max Colin Heydenreich\"><img decoding=\"async\" src=\"http:\/\/www.schoene-nachrichten.de\/wp-content\/uploads\/2008\/02\/080219_Sorg_32.thumbnail.jpg\" alt=\"080219_Sorg_32.jpg\" width=\"128\" \/><\/a> <a href=\"http:\/\/www.schoene-nachrichten.de\/wp-content\/uploads\/2008\/02\/080219_Sorg_33.jpg\" rel=\"lightbox[roadtrip]\" target=\"_blank\" title=\"Foto: Max Colin Heydenreich\"><img decoding=\"async\" src=\"http:\/\/www.schoene-nachrichten.de\/wp-content\/uploads\/2008\/02\/080219_Sorg_33.thumbnail.jpg\" alt=\"080219_Sorg_33.jpg\" width=\"128\" \/><\/a><\/p>\n<p><a href=\"http:\/\/www.schoene-nachrichten.de\/wp-content\/uploads\/2008\/02\/080219_Sorg_13.jpg\" rel=\"lightbox[roadtrip]\" target=\"_blank\" title=\"Foto: Max Colin Heydenreich\"><img decoding=\"async\" src=\"http:\/\/www.schoene-nachrichten.de\/wp-content\/uploads\/2008\/02\/080219_Sorg_13.thumbnail.jpg\" alt=\"080219_Sorg_13.jpg\" width=\"128\" \/><\/a> <a href=\"http:\/\/www.schoene-nachrichten.de\/wp-content\/uploads\/2008\/02\/080219_Sorg_14.jpg\" rel=\"lightbox[roadtrip]\" target=\"_blank\" title=\"Foto: Max Colin Heydenreich\"><img decoding=\"async\" src=\"http:\/\/www.schoene-nachrichten.de\/wp-content\/uploads\/2008\/02\/080219_Sorg_14.thumbnail.jpg\" alt=\"080219_Sorg_14.jpg\" width=\"128\" \/><\/a> <a href=\"http:\/\/www.schoene-nachrichten.de\/wp-content\/uploads\/2008\/02\/080219_Sorg_15.jpg\" rel=\"lightbox[roadtrip]\" target=\"_blank\" title=\"Foto: Max Colin Heydenreich\"><img decoding=\"async\" src=\"http:\/\/www.schoene-nachrichten.de\/wp-content\/uploads\/2008\/02\/080219_Sorg_15.thumbnail.jpg\" alt=\"080219_Sorg_15.jpg\" width=\"128\" \/><\/a><\/p>\n<p>Auch an die Sicherheit der Verkehrsteilnehmer wird gedacht: Ford Sorg und Sorg Premium Cars bieten regelm\u00e4\u00dfig Fahrsicherheitskurse an. Fahrer der Marke Land Rover, oder solche die es werden wollen, k\u00f6nnen die gel\u00e4ndeg\u00e4ngigen Fahrzeuge der britischen Traditionsmarken sogar in einem eigens angelegten Off-Road-Gel\u00e4nde auf Herz und Nieren testen.<\/p>\n<p><a href=\"http:\/\/www.schoene-nachrichten.de\/wp-content\/uploads\/2008\/02\/080219_Sorg_46.jpg\" rel=\"lightbox[roadtrip]\" target=\"_blank\" title=\"Foto: Max Colin Heydenreich\"><img decoding=\"async\" src=\"http:\/\/www.schoene-nachrichten.de\/wp-content\/uploads\/2008\/02\/080219_Sorg_46.thumbnail.jpg\" alt=\"080219_Sorg_46.jpg\" width=\"128\" \/><\/a> <a href=\"http:\/\/www.schoene-nachrichten.de\/wp-content\/uploads\/2008\/02\/080219_Sorg_47.jpg\" rel=\"lightbox[roadtrip]\" target=\"_blank\" title=\"Foto: Max Colin Heydenreich\"><img decoding=\"async\" src=\"http:\/\/www.schoene-nachrichten.de\/wp-content\/uploads\/2008\/02\/080219_Sorg_47.thumbnail.jpg\" alt=\"080219_Sorg_47.jpg\" width=\"128\" \/><\/a> <a href=\"http:\/\/www.schoene-nachrichten.de\/wp-content\/uploads\/2008\/02\/080219_Sorg_48.jpg\" rel=\"lightbox[roadtrip]\" target=\"_blank\" title=\"Foto: Max Colin Heydenreich\"><img decoding=\"async\" src=\"http:\/\/www.schoene-nachrichten.de\/wp-content\/uploads\/2008\/02\/080219_Sorg_48.thumbnail.jpg\" alt=\"080219_Sorg_48.jpg\" width=\"128\" \/><\/a><\/p>\n<p><a href=\"http:\/\/www.schoene-nachrichten.de\/wp-content\/uploads\/2008\/02\/080219_Sorg_34.jpg\" rel=\"lightbox[roadtrip]\" target=\"_blank\" title=\"Foto: Max Colin Heydenreich\"><img decoding=\"async\" src=\"http:\/\/www.schoene-nachrichten.de\/wp-content\/uploads\/2008\/02\/080219_Sorg_34.thumbnail.jpg\" alt=\"080219_Sorg_34.jpg\" width=\"128\" \/><\/a> <a href=\"http:\/\/www.schoene-nachrichten.de\/wp-content\/uploads\/2008\/02\/080219_Sorg_35.jpg\" rel=\"lightbox[roadtrip]\" target=\"_blank\" title=\"Foto: Max Colin Heydenreich\"><img decoding=\"async\" src=\"http:\/\/www.schoene-nachrichten.de\/wp-content\/uploads\/2008\/02\/080219_Sorg_35.thumbnail.jpg\" alt=\"080219_Sorg_35.jpg\" width=\"128\" \/><\/a> <a href=\"http:\/\/www.schoene-nachrichten.de\/wp-content\/uploads\/2008\/02\/080219_Sorg_36.jpg\" rel=\"lightbox[roadtrip]\" target=\"_blank\" title=\"Foto: Max Colin Heydenreich\"><img decoding=\"async\" src=\"http:\/\/www.schoene-nachrichten.de\/wp-content\/uploads\/2008\/02\/080219_Sorg_36.thumbnail.jpg\" alt=\"080219_Sorg_36.jpg\" width=\"128\" \/><\/a><\/p>\n<p>Damit nicht genug, denn das Autohaus engagiert sich auch vielf\u00e4ltig in Sport und Kultur: Am vergangenen Wochenende wurde von Sorg Premium Cars bereits das siebte Land Rover Reiterforum mit Olympiasiegern und Weltmeistern in Gro\u00dfenl\u00fcder-Eichenau pr\u00e4sentiert. Im Autohaus selbst traten bereits zahlreiche Referenten aus Kunst, Kultur, Sport und Politik auf, so z. B. Reinhold Messner der bekannte Bergsteiger, der ehemalige Ministerpr\u00e4sident Litauens \u2013 Landsbergis oder das K\u00f6lner Barockensemble \u201eNel Dolce\u201c.<\/p>\n<p><a href=\"http:\/\/www.schoene-nachrichten.de\/wp-content\/uploads\/2008\/02\/080219_Sorg_16.jpg\" rel=\"lightbox[roadtrip]\" target=\"_blank\" title=\"Foto: Max Colin Heydenreich\"><img decoding=\"async\" src=\"http:\/\/www.schoene-nachrichten.de\/wp-content\/uploads\/2008\/02\/080219_Sorg_16.thumbnail.jpg\" alt=\"080219_Sorg_16.jpg\" width=\"128\" \/><\/a> <a href=\"http:\/\/www.schoene-nachrichten.de\/wp-content\/uploads\/2008\/02\/080219_Sorg_17.jpg\" rel=\"lightbox[roadtrip]\" target=\"_blank\" title=\"Foto: Max Colin Heydenreich\"><img decoding=\"async\" src=\"http:\/\/www.schoene-nachrichten.de\/wp-content\/uploads\/2008\/02\/080219_Sorg_17.thumbnail.jpg\" alt=\"080219_Sorg_17.jpg\" width=\"128\" \/><\/a> <a href=\"http:\/\/www.schoene-nachrichten.de\/wp-content\/uploads\/2008\/02\/080219_Sorg_18.jpg\" rel=\"lightbox[roadtrip]\" target=\"_blank\" title=\"Foto: Max Colin Heydenreich\"><img decoding=\"async\" src=\"http:\/\/www.schoene-nachrichten.de\/wp-content\/uploads\/2008\/02\/080219_Sorg_18.thumbnail.jpg\" alt=\"080219_Sorg_18.jpg\" width=\"128\" \/><\/a><\/p>\n<p><a href=\"http:\/\/www.schoene-nachrichten.de\/wp-content\/uploads\/2008\/02\/080219_Sorg_19.jpg\" rel=\"lightbox[roadtrip]\" target=\"_blank\" title=\"Foto: Max Colin Heydenreich\"><img decoding=\"async\" src=\"http:\/\/www.schoene-nachrichten.de\/wp-content\/uploads\/2008\/02\/080219_Sorg_19.thumbnail.jpg\" alt=\"080219_Sorg_19.jpg\" width=\"128\" \/><\/a> <a href=\"http:\/\/www.schoene-nachrichten.de\/wp-content\/uploads\/2008\/02\/080219_Sorg_20.jpg\" rel=\"lightbox[roadtrip]\" target=\"_blank\" title=\"Foto: Max Colin Heydenreich\"><img decoding=\"async\" src=\"http:\/\/www.schoene-nachrichten.de\/wp-content\/uploads\/2008\/02\/080219_Sorg_20.thumbnail.jpg\" alt=\"080219_Sorg_20.jpg\" width=\"128\" \/><\/a> <a href=\"http:\/\/www.schoene-nachrichten.de\/wp-content\/uploads\/2008\/02\/080219_Sorg_21.jpg\" rel=\"lightbox[roadtrip]\" target=\"_blank\" title=\"Foto: Max Colin Heydenreich\"><img decoding=\"async\" src=\"http:\/\/www.schoene-nachrichten.de\/wp-content\/uploads\/2008\/02\/080219_Sorg_21.thumbnail.jpg\" alt=\"080219_Sorg_21.jpg\" width=\"128\" \/><\/a><\/p>\n<p>\u201eAls gutes Autohaus haben wir den Anspruch, uns gesellschaftlich zu engagieren. Und die Resonanz auf unsere Veranstaltungen in den letzten Jahren beweist, dass wir unsere Sache gut machen\u201c, sagt Dr. Klaus Sorg. Und auch die Zahlen sprechen f\u00fcr sich: Der Marktanteil von Ford Sorg ist doppelt so hoch wie der Durchschnitt der Marke Ford im Bundesgebiet, zur Zeit 14%.<\/p>\n<p><a href=\"http:\/\/www.schoene-nachrichten.de\/wp-content\/uploads\/2008\/02\/080219_Sorg_22.jpg\" rel=\"lightbox[roadtrip]\" target=\"_blank\" title=\"Foto: Max Colin Heydenreich\"><img decoding=\"async\" src=\"http:\/\/www.schoene-nachrichten.de\/wp-content\/uploads\/2008\/02\/080219_Sorg_22.thumbnail.jpg\" alt=\"080219_Sorg_22.jpg\" width=\"128\" \/><\/a> <a href=\"http:\/\/www.schoene-nachrichten.de\/wp-content\/uploads\/2008\/02\/080219_Sorg_23.jpg\" rel=\"lightbox[roadtrip]\" target=\"_blank\" title=\"Foto: Max Colin Heydenreich\"><img decoding=\"async\" src=\"http:\/\/www.schoene-nachrichten.de\/wp-content\/uploads\/2008\/02\/080219_Sorg_23.thumbnail.jpg\" alt=\"080219_Sorg_23.jpg\" width=\"128\" \/><\/a> <a href=\"http:\/\/www.schoene-nachrichten.de\/wp-content\/uploads\/2008\/02\/080219_Sorg_24.jpg\" rel=\"lightbox[roadtrip]\" target=\"_blank\" title=\"Foto: Max Colin Heydenreich\"><img decoding=\"async\" src=\"http:\/\/www.schoene-nachrichten.de\/wp-content\/uploads\/2008\/02\/080219_Sorg_24.thumbnail.jpg\" alt=\"080219_Sorg_24.jpg\" width=\"128\" \/><\/a><\/p>\n<p><a href=\"http:\/\/www.schoene-nachrichten.de\/wp-content\/uploads\/2008\/02\/080219_Sorg_25.jpg\" rel=\"lightbox[roadtrip]\" target=\"_blank\" title=\"Foto: Max Colin Heydenreich\"><img decoding=\"async\" src=\"http:\/\/www.schoene-nachrichten.de\/wp-content\/uploads\/2008\/02\/080219_Sorg_25.thumbnail.jpg\" alt=\"080219_Sorg_25.jpg\" width=\"128\" \/><\/a> <a href=\"http:\/\/www.schoene-nachrichten.de\/wp-content\/uploads\/2008\/02\/080219_Sorg_27.jpg\" rel=\"lightbox[roadtrip]\" target=\"_blank\" title=\"Foto: Max Colin Heydenreich\"><img decoding=\"async\" src=\"http:\/\/www.schoene-nachrichten.de\/wp-content\/uploads\/2008\/02\/080219_Sorg_27.thumbnail.jpg\" alt=\"080219_Sorg_27.jpg\" width=\"128\" \/><\/a> <a href=\"http:\/\/www.schoene-nachrichten.de\/wp-content\/uploads\/2008\/02\/080219_Sorg_54.jpg\" rel=\"lightbox[roadtrip]\" target=\"_blank\" title=\"Foto: Max Colin Heydenreich\"><img decoding=\"async\" src=\"http:\/\/www.schoene-nachrichten.de\/wp-content\/uploads\/2008\/02\/080219_Sorg_54.thumbnail.jpg\" alt=\"080219_Sorg_54.jpg\" width=\"128\" \/><\/a><\/p>\n<p>Die Nachfrage nach Neu- und Gebrauchtwagen aus dem Hause Sorg w\u00e4chst stetig: 2000 verkaufte Neuwagen und 220 neue Transporter und 2500 Gebrauchte Fahrzeuge aller Marken machten das Jahr 2007 zu dem erfolgreichsten Gesch\u00e4ftsjahr der 80-j\u00e4hrigen Firmengeschichte. \u201eWir sind auf dem richtigen Weg!\u201c, sind die Br\u00fcder Sorg \u00fcberzeugt.<\/p>\n<p><a href=\"http:\/\/www.schoene-nachrichten.de\/wp-content\/uploads\/2008\/02\/080219_Sorg_51.jpg\" rel=\"lightbox[roadtrip]\" target=\"_blank\" title=\"Foto: Max Colin Heydenreich\"><img decoding=\"async\" src=\"http:\/\/www.schoene-nachrichten.de\/wp-content\/uploads\/2008\/02\/080219_Sorg_51.thumbnail.jpg\" alt=\"080219_Sorg_51.jpg\" width=\"128\" \/><\/a> <a href=\"http:\/\/www.schoene-nachrichten.de\/wp-content\/uploads\/2008\/02\/080219_Sorg_52.jpg\" rel=\"lightbox[roadtrip]\" target=\"_blank\" title=\"Foto: Max Colin Heydenreich\"><img decoding=\"async\" src=\"http:\/\/www.schoene-nachrichten.de\/wp-content\/uploads\/2008\/02\/080219_Sorg_52.thumbnail.jpg\" alt=\"080219_Sorg_52.jpg\" width=\"128\" \/><\/a> <a href=\"http:\/\/www.schoene-nachrichten.de\/wp-content\/uploads\/2008\/02\/080219_Sorg_01.jpg\" rel=\"lightbox[roadtrip]\" target=\"_blank\" title=\"Foto: Max Colin Heydenreich\"><img decoding=\"async\" src=\"http:\/\/www.schoene-nachrichten.de\/wp-content\/uploads\/2008\/02\/080219_Sorg_01.thumbnail.jpg\" alt=\"080219_Sorg_01.jpg\" width=\"128\" \/><\/a><\/p>\n<p><a href=\"http:\/\/www.schoene-nachrichten.de\/wp-content\/uploads\/2008\/02\/080219_Sorg_55.jpg\" rel=\"lightbox[roadtrip]\" target=\"_blank\" title=\"Foto: Max Colin Heydenreich\"><img decoding=\"async\" src=\"http:\/\/www.schoene-nachrichten.de\/wp-content\/uploads\/2008\/02\/080219_Sorg_55.thumbnail.jpg\" alt=\"080219_Sorg_55.jpg\" width=\"128\" \/><\/a> <a href=\"http:\/\/www.schoene-nachrichten.de\/wp-content\/uploads\/2008\/02\/080219_Sorg_07.jpg\" rel=\"lightbox[roadtrip]\" target=\"_blank\" title=\"Foto: Max Colin Heydenreich\"><img decoding=\"async\" src=\"http:\/\/www.schoene-nachrichten.de\/wp-content\/uploads\/2008\/02\/080219_Sorg_07.thumbnail.jpg\" alt=\"080219_Sorg_07.jpg\" width=\"128\" \/><\/a> <a href=\"http:\/\/www.schoene-nachrichten.de\/wp-content\/uploads\/2008\/02\/080219_Sorg_57.jpg\" rel=\"lightbox[roadtrip]\" target=\"_blank\" title=\"Foto: Max Colin Heydenreich\"><img decoding=\"async\" src=\"http:\/\/www.schoene-nachrichten.de\/wp-content\/uploads\/2008\/02\/080219_Sorg_57.thumbnail.jpg\" alt=\"080219_Sorg_57.jpg\" width=\"128\" \/><\/a><\/p>\n<p><a href=\"http:\/\/www.schoene-nachrichten.de\/wp-content\/uploads\/2008\/02\/080219_Sorg_60.jpg\" rel=\"lightbox[roadtrip]\" target=\"_blank\" title=\"Foto: Max Colin Heydenreich\"><img decoding=\"async\" src=\"http:\/\/www.schoene-nachrichten.de\/wp-content\/uploads\/2008\/02\/080219_Sorg_60.thumbnail.jpg\" alt=\"080219_Sorg_60.jpg\" width=\"128\" \/><\/a> <a href=\"http:\/\/www.schoene-nachrichten.de\/wp-content\/uploads\/2008\/02\/080219_Sorg_62.jpg\" rel=\"lightbox[roadtrip]\" target=\"_blank\" title=\"Foto: Max Colin Heydenreich\"><img decoding=\"async\" src=\"http:\/\/www.schoene-nachrichten.de\/wp-content\/uploads\/2008\/02\/080219_Sorg_62.thumbnail.jpg\" alt=\"080219_Sorg_62.jpg\" width=\"128\" \/><\/a> <a href=\"http:\/\/www.schoene-nachrichten.de\/wp-content\/uploads\/2008\/02\/080219_Sorg_63.jpg\" rel=\"lightbox[roadtrip]\" target=\"_blank\" title=\"Foto: Max Colin Heydenreich\"><img decoding=\"async\" src=\"http:\/\/www.schoene-nachrichten.de\/wp-content\/uploads\/2008\/02\/080219_Sorg_63.thumbnail.jpg\" alt=\"080219_Sorg_63.jpg\" width=\"128\" \/><\/a><\/p>\n","protected":false},"excerpt":{"rendered":"<div class=\"tmnf_excerpt\"><p>Fulda. Vor 80 Jahren von den Eltern der jetzigen gesch\u00e4ftsf\u00fchrenden Gesellschaftern Helmut Sorg und Klaus Sorg gegr\u00fcndet, ist das Autohaus Sorg heute ein Handels- und Dienstleistungsunternehmen mit Hauptsitz in Fulda, sechs Filialen und 13 Partnern im Umkreis von 75 km. Gestern wurde der runde Geburtstag gefeiert. Rund 350 G\u00e4ste kamen und genossen einen sch\u00f6nen Abend &hellip;<\/p>\n<\/div>","protected":false},"author":1,"featured_media":0,"comment_status":"closed","ping_status":"closed","sticky":false,"template":"","format":"standard","meta":{"footnotes":""},"categories":[1,35,54],"tags":[],"class_list":["post-7923","post","type-post","status-publish","format-standard","hentry","category-startseite","category-auto","category-bildergalerien"],"_links":{"self":[{"href":"https:\/\/www.fuldaernachrichten.de\/index.php?rest_route=\/wp\/v2\/posts\/7923","targetHints":{"allow":["GET"]}}],"collection":[{"href":"https:\/\/www.fuldaernachrichten.de\/index.php?rest_route=\/wp\/v2\/posts"}],"about":[{"href":"https:\/\/www.fuldaernachrichten.de\/index.php?rest_route=\/wp\/v2\/types\/post"}],"author":[{"embeddable":true,"href":"https:\/\/www.fuldaernachrichten.de\/index.php?rest_route=\/wp\/v2\/users\/1"}],"replies":[{"embeddable":true,"href":"https:\/\/www.fuldaernachrichten.de\/index.php?rest_route=%2Fwp%2Fv2%2Fcomments&post=7923"}],"version-history":[{"count":0,"href":"https:\/\/www.fuldaernachrichten.de\/index.php?rest_route=\/wp\/v2\/posts\/7923\/revisions"}],"wp:attachment":[{"href":"https:\/\/www.fuldaernachrichten.de\/index.php?rest_route=%2Fwp%2Fv2%2Fmedia&parent=7923"}],"wp:term":[{"taxonomy":"category","embeddable":true,"href":"https:\/\/www.fuldaernachrichten.de\/index.php?rest_route=%2Fwp%2Fv2%2Fcategories&post=7923"},{"taxonomy":"post_tag","embeddable":true,"href":"https:\/\/www.fuldaernachrichten.de\/index.php?rest_route=%2Fwp%2Fv2%2Ftags&post=7923"}],"curies":[{"name":"wp","href":"https:\/\/api.w.org\/{rel}","templated":true}]}}