{"id":79222,"date":"2010-12-17T00:54:54","date_gmt":"2010-12-17T00:54:54","guid":{"rendered":"http:\/\/www.fuldaer-nachrichten.de\/?p=79222"},"modified":"2010-12-16T13:55:15","modified_gmt":"2010-12-16T13:55:15","slug":"die-rhoen-zum-jahresausklang-vortrag-in-gersfeld","status":"publish","type":"post","link":"https:\/\/www.fuldaernachrichten.de\/?p=79222","title":{"rendered":"Die Rh\u00f6n zum Jahresausklang &#8211; Vortrag in Gersfeld"},"content":{"rendered":"<p><strong>Rh\u00f6n. <\/strong>Zu einem Vortrag \u201eDie Rh\u00f6n im Jahresausklang\u201c laden das Biosph\u00e4renreservat Rh\u00f6n und die Stadt Gersfeld f\u00fcr Mittwoch, 29. Dezember 2010, 20.00 Uhr, in den B\u00fcrgersaal der Stadt Gersfeld, Schloss-Str., ein. Referent ist Diplom Biologe Joachim Jenrich. Ein Unkostenbeitrag von 2,00 \u00e2\u201a\u00ac, mit Kurkarte 1,00 \u00e2\u201a\u00ac, wird erhoben.<\/p>\n","protected":false},"excerpt":{"rendered":"<div class=\"tmnf_excerpt\"><p>Rh\u00f6n. Zu einem Vortrag \u201eDie Rh\u00f6n im Jahresausklang\u201c laden das Biosph\u00e4renreservat Rh\u00f6n und die Stadt Gersfeld f\u00fcr Mittwoch, 29. Dezember 2010, 20.00 Uhr, in den B\u00fcrgersaal der Stadt Gersfeld, Schloss-Str., ein. Referent ist Diplom Biologe Joachim Jenrich. Ein Unkostenbeitrag von 2,00 \u00e2\u201a\u00ac, mit Kurkarte 1,00 \u00e2\u201a\u00ac, wird erhoben.<\/p>\n<\/div>","protected":false},"author":1,"featured_media":0,"comment_status":"closed","ping_status":"closed","sticky":false,"template":"","format":"standard","meta":{"footnotes":""},"categories":[1],"tags":[],"class_list":["post-79222","post","type-post","status-publish","format-standard","hentry","category-startseite"],"_links":{"self":[{"href":"https:\/\/www.fuldaernachrichten.de\/index.php?rest_route=\/wp\/v2\/posts\/79222","targetHints":{"allow":["GET"]}}],"collection":[{"href":"https:\/\/www.fuldaernachrichten.de\/index.php?rest_route=\/wp\/v2\/posts"}],"about":[{"href":"https:\/\/www.fuldaernachrichten.de\/index.php?rest_route=\/wp\/v2\/types\/post"}],"author":[{"embeddable":true,"href":"https:\/\/www.fuldaernachrichten.de\/index.php?rest_route=\/wp\/v2\/users\/1"}],"replies":[{"embeddable":true,"href":"https:\/\/www.fuldaernachrichten.de\/index.php?rest_route=%2Fwp%2Fv2%2Fcomments&post=79222"}],"version-history":[{"count":2,"href":"https:\/\/www.fuldaernachrichten.de\/index.php?rest_route=\/wp\/v2\/posts\/79222\/revisions"}],"predecessor-version":[{"id":79275,"href":"https:\/\/www.fuldaernachrichten.de\/index.php?rest_route=\/wp\/v2\/posts\/79222\/revisions\/79275"}],"wp:attachment":[{"href":"https:\/\/www.fuldaernachrichten.de\/index.php?rest_route=%2Fwp%2Fv2%2Fmedia&parent=79222"}],"wp:term":[{"taxonomy":"category","embeddable":true,"href":"https:\/\/www.fuldaernachrichten.de\/index.php?rest_route=%2Fwp%2Fv2%2Fcategories&post=79222"},{"taxonomy":"post_tag","embeddable":true,"href":"https:\/\/www.fuldaernachrichten.de\/index.php?rest_route=%2Fwp%2Fv2%2Ftags&post=79222"}],"curies":[{"name":"wp","href":"https:\/\/api.w.org\/{rel}","templated":true}]}}