{"id":79217,"date":"2010-12-17T00:23:10","date_gmt":"2010-12-17T00:23:10","guid":{"rendered":"http:\/\/www.fuldaer-nachrichten.de\/?p=79217"},"modified":"2010-12-16T13:59:11","modified_gmt":"2010-12-16T13:59:11","slug":"hochzeitsmesse-im-rhoen-park-hotel-in-hausen-roth","status":"publish","type":"post","link":"https:\/\/www.fuldaernachrichten.de\/?p=79217","title":{"rendered":"Hochzeitsmesse im Rh\u00f6n Park Hotel in Hausen-Roth"},"content":{"rendered":"<p><!-- @font-face {   font-family: \"Arial\"; }p.MsoNormal, li.MsoNormal, div.MsoNormal { margin: 0cm 0cm 0.0001pt; font-size: 10pt; font-family: \"Times New Roman\"; }div.Section1 { page: Section1; } --> <strong><a href=\"http:\/\/www.fuldaer-nachrichten.de\/wp-content\/uploads\/2010\/12\/101216_Hochzeit.jpg\"><img decoding=\"async\" class=\"alignleft size-thumbnail wp-image-79218\" title=\"101216_Hochzeit\" src=\"http:\/\/www.fuldaer-nachrichten.de\/wp-content\/uploads\/2010\/12\/101216_Hochzeit-265x187.jpg\" alt=\"\" width=\"265\" height=\"187\" srcset=\"https:\/\/www.fuldaernachrichten.de\/wp-content\/uploads\/2010\/12\/101216_Hochzeit-265x187.jpg 265w, https:\/\/www.fuldaernachrichten.de\/wp-content\/uploads\/2010\/12\/101216_Hochzeit.jpg 592w\" sizes=\"(max-width: 265px) 100vw, 265px\" \/><\/a>Hausen-Roth. <\/strong>Was tr\u00e4gt die Braut zum Ja-Wort in der Kirche, was ist schick im Standesamt? Welche Farbe soll sein Hochzeitsanzug haben? Wie ist es mit den Geschenken? Wie soll die Deko aussehen? Wie soll die Hochzeitstorte schmecken? Im Grunde: Wo fangen wir mit der Planung an? Auf viele Fragen zum Hochzeitstag finden heiratswillige Paare am Samstag, den 22. Januar, im Rh\u00f6n Park Hotel in Hausen-Roth Antworten. Von 10 bis 18 Uhr l\u00e4dt das Aktiv-Resort erstmals zu einer Hochzeitsmesse. <!--more--><\/p>\n<p>Mit von der Partie sind zahlreiche Anbieter und Dienstleister aus der Region: Die Bilderbude Erdmann aus Meinigen ber\u00e4t zu Fotographie, der B\u00fcrgerverband f\u00fcr Zukunftssicherung, die Band \u201eChoice, die Trauringinsel aus Bad Kissingen, die Blumenecke Schuchardt aus Ostheim und das Backhaus J\u00e4ger aus Breitungen. Weiterhin soll es Informationen sowie Anregungen vom Brautstudio und Friseur geben<\/p>\n<p>Nat\u00fcrlich pr\u00e4sentiert sich auch das Rh\u00f6n Park Hotel selbst als professioneller und ideenreicher Ausrichter von Hochzeiten und anderen Familienfeiern. Im Rahmen der Hochzeitsmesse werden die R\u00e4umlichkeiten, Men\u00fcs und Rahmenprogramme f\u00fcr Feierlichkeiten vorgestellt. Zur Einstimmung erh\u00e4lt jeder Gast ein Glas Sekt oder O-Saft, das im Eintrittspreis von 2 \u00e2\u201a\u00ac enthalten ist. Weitere Infos unter <a href=\"http:\/\/www.rhoen-park-hotel.de\/\">www.rhoen-park-hotel.de<\/a>.<\/p>\n","protected":false},"excerpt":{"rendered":"<div class=\"tmnf_excerpt\"><p>Hausen-Roth. Was tr\u00e4gt die Braut zum Ja-Wort in der Kirche, was ist schick im Standesamt? Welche Farbe soll sein Hochzeitsanzug haben? Wie ist es mit den Geschenken? Wie soll die Deko aussehen? Wie soll die Hochzeitstorte schmecken? Im Grunde: Wo fangen wir mit der Planung an? Auf viele Fragen zum Hochzeitstag finden heiratswillige Paare am &hellip;<\/p>\n<\/div>","protected":false},"author":1,"featured_media":0,"comment_status":"closed","ping_status":"closed","sticky":false,"template":"","format":"standard","meta":{"footnotes":""},"categories":[1],"tags":[],"class_list":["post-79217","post","type-post","status-publish","format-standard","hentry","category-startseite"],"_links":{"self":[{"href":"https:\/\/www.fuldaernachrichten.de\/index.php?rest_route=\/wp\/v2\/posts\/79217","targetHints":{"allow":["GET"]}}],"collection":[{"href":"https:\/\/www.fuldaernachrichten.de\/index.php?rest_route=\/wp\/v2\/posts"}],"about":[{"href":"https:\/\/www.fuldaernachrichten.de\/index.php?rest_route=\/wp\/v2\/types\/post"}],"author":[{"embeddable":true,"href":"https:\/\/www.fuldaernachrichten.de\/index.php?rest_route=\/wp\/v2\/users\/1"}],"replies":[{"embeddable":true,"href":"https:\/\/www.fuldaernachrichten.de\/index.php?rest_route=%2Fwp%2Fv2%2Fcomments&post=79217"}],"version-history":[{"count":2,"href":"https:\/\/www.fuldaernachrichten.de\/index.php?rest_route=\/wp\/v2\/posts\/79217\/revisions"}],"predecessor-version":[{"id":79278,"href":"https:\/\/www.fuldaernachrichten.de\/index.php?rest_route=\/wp\/v2\/posts\/79217\/revisions\/79278"}],"wp:attachment":[{"href":"https:\/\/www.fuldaernachrichten.de\/index.php?rest_route=%2Fwp%2Fv2%2Fmedia&parent=79217"}],"wp:term":[{"taxonomy":"category","embeddable":true,"href":"https:\/\/www.fuldaernachrichten.de\/index.php?rest_route=%2Fwp%2Fv2%2Fcategories&post=79217"},{"taxonomy":"post_tag","embeddable":true,"href":"https:\/\/www.fuldaernachrichten.de\/index.php?rest_route=%2Fwp%2Fv2%2Ftags&post=79217"}],"curies":[{"name":"wp","href":"https:\/\/api.w.org\/{rel}","templated":true}]}}