{"id":79207,"date":"2010-12-17T01:01:25","date_gmt":"2010-12-17T01:01:25","guid":{"rendered":"http:\/\/www.fuldaer-nachrichten.de\/?p=79207"},"modified":"2010-12-16T14:02:21","modified_gmt":"2010-12-16T14:02:21","slug":"jugendbetreuung-marlitt-feldner-eine-ehrenamtliche-leistet-pionierarbeit","status":"publish","type":"post","link":"https:\/\/www.fuldaernachrichten.de\/?p=79207","title":{"rendered":"Jugendbetreuung: Marlitt Feldner, eine &#8220;Ehrenamtliche&#8221; leistet Pionierarbeit"},"content":{"rendered":"<p><strong><a href=\"http:\/\/www.fuldaer-nachrichten.de\/wp-content\/uploads\/2010\/12\/101216_Rathaus.jpg\"><img decoding=\"async\" class=\"alignleft size-thumbnail wp-image-79208\" title=\"101216_Rathaus\" src=\"http:\/\/www.fuldaer-nachrichten.de\/wp-content\/uploads\/2010\/12\/101216_Rathaus-265x145.jpg\" alt=\"\" width=\"265\" height=\"145\" srcset=\"https:\/\/www.fuldaernachrichten.de\/wp-content\/uploads\/2010\/12\/101216_Rathaus-265x145.jpg 265w, https:\/\/www.fuldaernachrichten.de\/wp-content\/uploads\/2010\/12\/101216_Rathaus.jpg 592w\" sizes=\"(max-width: 265px) 100vw, 265px\" \/><\/a>Gro\u00dfenl\u00fcder. <\/strong>Im Rahmen einer kleinen Feierstunde w\u00fcrdigte B\u00fcrgermeister Werner Dietrich die beispielgebende, beispielhafte &#8220;Pionierarbeit&#8221; von Marlitt Feldner, die in einer sehr schwierigen Zeit die ehrenamtliche Betreuung von Jugendlichen im Ortsteil Kleinl\u00fcder \u00fcbernommen hat und diese nun erfolgreich in die eigene Verantwortung \u00fcbergeben konnte. Diese Form der ehrenamtlichen Jugendbetreuung wurde im Regionalforum Fulda-S\u00fcdwest erstmals von Frau Feldner geleistet und ist bisher einzigartig.<!--more--><\/p>\n<p>Frau Feldner geh\u00f6rt zu den Menschen, die &#8220;anpacken&#8221; und nach erfolgreicher Arbeit auch wieder &#8220;loslassen&#8221; k\u00f6nnen. Mit klaren Wertvorstellungen, Verl\u00e4sslichkeit, Ansprechbarkeit und Einf\u00fchlungsverm\u00f6gen ist es ihr gelungen, besonders den in Jugendgruppen organisierten Jugendlichen von Kleinl\u00fcder wieder einen guten Rahmen f\u00fcr Ihre Zusammenk\u00fcnfte zu schaffen. Das Wirken von Marlitt Feldner im Jugendbereich ist heute sichtbar, es hat sich Vieles getan und dabei musste Marlitt Feldner auch die ein oder andere Kritik, Anfeindung und Beschimpfung ertragen. Doch am Ende steht eine gelungene Jugendarbeit.<\/p>\n<p>Die Welt lebt von Menschen, die mehr tun als ihre Pflicht. Danke Marlitt Feldner. Danke im Namen der Jugendlichen, der B\u00fcrgerinnen und B\u00fcrger von Kleinl\u00fcder sowie der Gemeinde Gro\u00dfenl\u00fcder. Kleine Geschenke der Jugendlichen und der Gemeinde an Frau Feldner dr\u00fcckten auch sichtbar den Dank aller aus. B\u00fcrgermeister Dietrich w\u00fcnschte Frau Feldner alles Gute und hoffte, dass er sie auch f\u00fcr weitere ehrenamtliche Projekte gewinnen k\u00f6nne. Dank sagten auch die Jugendlichen sowie der Jugend-Regionalbetreuer Andreas Theilig und Ordnungsamtsleiter Peter Schlitzer.<\/p>\n","protected":false},"excerpt":{"rendered":"<div class=\"tmnf_excerpt\"><p>Gro\u00dfenl\u00fcder. Im Rahmen einer kleinen Feierstunde w\u00fcrdigte B\u00fcrgermeister Werner Dietrich die beispielgebende, beispielhafte &#8220;Pionierarbeit&#8221; von Marlitt Feldner, die in einer sehr schwierigen Zeit die ehrenamtliche Betreuung von Jugendlichen im Ortsteil Kleinl\u00fcder \u00fcbernommen hat und diese nun erfolgreich in die eigene Verantwortung \u00fcbergeben konnte. Diese Form der ehrenamtlichen Jugendbetreuung wurde im Regionalforum Fulda-S\u00fcdwest erstmals von Frau &hellip;<\/p>\n<\/div>","protected":false},"author":1,"featured_media":0,"comment_status":"closed","ping_status":"closed","sticky":false,"template":"","format":"standard","meta":{"footnotes":""},"categories":[1],"tags":[],"class_list":["post-79207","post","type-post","status-publish","format-standard","hentry","category-startseite"],"_links":{"self":[{"href":"https:\/\/www.fuldaernachrichten.de\/index.php?rest_route=\/wp\/v2\/posts\/79207","targetHints":{"allow":["GET"]}}],"collection":[{"href":"https:\/\/www.fuldaernachrichten.de\/index.php?rest_route=\/wp\/v2\/posts"}],"about":[{"href":"https:\/\/www.fuldaernachrichten.de\/index.php?rest_route=\/wp\/v2\/types\/post"}],"author":[{"embeddable":true,"href":"https:\/\/www.fuldaernachrichten.de\/index.php?rest_route=\/wp\/v2\/users\/1"}],"replies":[{"embeddable":true,"href":"https:\/\/www.fuldaernachrichten.de\/index.php?rest_route=%2Fwp%2Fv2%2Fcomments&post=79207"}],"version-history":[{"count":2,"href":"https:\/\/www.fuldaernachrichten.de\/index.php?rest_route=\/wp\/v2\/posts\/79207\/revisions"}],"predecessor-version":[{"id":79281,"href":"https:\/\/www.fuldaernachrichten.de\/index.php?rest_route=\/wp\/v2\/posts\/79207\/revisions\/79281"}],"wp:attachment":[{"href":"https:\/\/www.fuldaernachrichten.de\/index.php?rest_route=%2Fwp%2Fv2%2Fmedia&parent=79207"}],"wp:term":[{"taxonomy":"category","embeddable":true,"href":"https:\/\/www.fuldaernachrichten.de\/index.php?rest_route=%2Fwp%2Fv2%2Fcategories&post=79207"},{"taxonomy":"post_tag","embeddable":true,"href":"https:\/\/www.fuldaernachrichten.de\/index.php?rest_route=%2Fwp%2Fv2%2Ftags&post=79207"}],"curies":[{"name":"wp","href":"https:\/\/api.w.org\/{rel}","templated":true}]}}