{"id":79183,"date":"2010-12-17T08:01:08","date_gmt":"2010-12-17T08:01:08","guid":{"rendered":"http:\/\/www.fuldaer-nachrichten.de\/?p=79183"},"modified":"2010-12-19T08:01:44","modified_gmt":"2010-12-19T08:01:44","slug":"budenzauber-am-marktplatz-bad-brueckenau-ziehung-der-gewinner-viele-hoehepunkt-zum-abschluss","status":"publish","type":"post","link":"https:\/\/www.fuldaernachrichten.de\/?p=79183","title":{"rendered":"Budenzauber am Marktplatz Bad Br\u00fcckenau &#8211; Ziehung der Gewinner &#038; viele H\u00f6hepunkt zum Abschluss"},"content":{"rendered":"<p><strong><a href=\"http:\/\/www.fuldaer-nachrichten.de\/wp-content\/uploads\/2010\/12\/101216_Winter.jpg\"><img decoding=\"async\" class=\"alignleft size-thumbnail wp-image-79184\" title=\"101216_Winter\" src=\"http:\/\/www.fuldaer-nachrichten.de\/wp-content\/uploads\/2010\/12\/101216_Winter-265x158.jpg\" alt=\"\" width=\"265\" height=\"158\" srcset=\"https:\/\/www.fuldaernachrichten.de\/wp-content\/uploads\/2010\/12\/101216_Winter-265x158.jpg 265w, https:\/\/www.fuldaernachrichten.de\/wp-content\/uploads\/2010\/12\/101216_Winter.jpg 592w\" sizes=\"(max-width: 265px) 100vw, 265px\" \/><\/a>Bad Br\u00fcckenau. <\/strong>Am kommenden Wochenende ist am Marktplatz Bad Br\u00fcckenau wieder viel geboten. Das Forum veranstaltet am Freitag und Samstag (17.\/18.12.) den vierten und f\u00fcr dieses Jahr auch letzten &#8220;Budenzauber&#8221;. An allen Wochenenden im Advent waren viele Beteiligte in den St\u00e4nden am Marktplatz bem\u00fcht, eine weihnachtliche Stimmung in die Innenstadt zu bringen. Nach einigen Treffen und vielen Telefonaten waren die Teilnehmer des Marktes gekl\u00e4rt und alle n\u00f6tigen Abstimmungen besprochen. Durch die gro\u00dfe Unterst\u00fctzung erstrahlte der Platz mit vielen Tannenb\u00e4umen und Lichterkronen und die Buden standen geschm\u00fcckt und ausstaffiert bereit. Es wurde Gl\u00fchwein, Punsch, Raclette gereicht. Waffeln, Steakbr\u00f6tchen, Bratw\u00fcrste und S\u00fc\u00dfes f\u00fcllte die ausgek\u00fchlten B\u00e4uche &#8211; und das alles war oft durch musikalische Darbietungen untermalt.<!--more--><\/p>\n<p>Jetzt endet der diesj\u00e4hrige Budenzauber mit seinem H\u00f6hepunkt: Die Gewinner der Weihnachtsverlosung werden gezogen. Am Samstag besteht noch bis 15.00 Uhr die M\u00f6glichkeit die gesammelten und ausgef\u00fcllten Lose in die Lostrommel zu werfen. Danach beginnt die Ziehung und die Ausgabe der Gewinne. Wie schon im letzten Jahr hofft das Forum viele Interessierte auf den Marktplatz zu locken.<\/p>\n<p>Dieses Jahr lohnt es sich wieder richtig. Als Hauptpreise werden ein LED-Flachbildfernseher, ein Apple iPad-Tablet und eine Wii-Spielekonsole verlost. Alle Ger\u00e4te z\u00e4hlen zum Aktuellsten und Begehrtesten, was der Elektronik-Markt momentan zu bieten hat. Das wurde durch die steigende Zahl an teilnehmenden Betrieben m\u00f6glich &#8211; 57 beteiligten sich dieses Jahr!<br \/>\nNeben diesen Highlights m\u00fcssen sich die anderen Preise nicht verstecken. Viele Wellness-, Fitness- und Restaurant-Gewinne, etliche Einkaufsgutscheine in vielen unterschiedlichen H\u00f6hen warten auf gl\u00fcckliche Gewinner. Auch das Kammerorchester Bad Br\u00fcckenau &#8211; seit diesem Jahr ebenfalls Mitglied des Forums &#8211; beteiligt sich mit Geschenken.<\/p>\n<p>Am Marktplatz sind die Buden am Freitag &amp; Samstag durch viele Beteiligte ge\u00f6ffnet. Die Abiturklasse des Gymnasiums engagiert sich am Freitag f\u00fcr die Finanzierung Ihrer Abiturfeier und bietet Gl\u00fchwein, Waffeln und Punsch, H\u00e4ndler bieten Pl\u00e4tzchen, Weihnachtliches und mehr. Das Kino veranstaltet am Freitag um 17.30 Uhr und am Samstag 13.00 Uhr eine kostenfreie Vorstellung gegen Gutscheine. Der Familienf\u00f6rderverein Volkers verw\u00f6hnt jung und alt zum Abschluss des Budenzaubers noch einmal mit K\u00f6stlichkeiten. Auch der Weihnachtsmann hat sein Kommen f\u00fcr Samstag 14.00 Uhr zugesagt &#8211; und sicher bringt er kleine \u00dcberraschungen f\u00fcr die Kinder mit. Musikalisch untermalen die &#8220;Musikaten aus Geroda&#8221; die spannende Verlosung.<\/p>\n<p>Das Forum Bad Br\u00fcckenau beendet mit dieser Veranstaltung das Jahr 2010 und blickt\u00c2\u00a0 auf viele Treffen, Gespr\u00e4che und Projekte zur\u00fcck. Nach Fr\u00fchlingsmarkt, Kinderflohmarkt, 700-Jahr-Stadtjubil\u00e4um, Kinder-Stadt-Rallye und Lichterglanz laufen jetzt schon erste Gespr\u00e4che mit der Stadtverwaltung, um das anstehende &#8220;Bad Br\u00fcckenau &#8211; Meine Gesundheitsstadt&#8221; im September 2011 zu planen. Das Forum, ein Verein mit z.Zt. knapp \u00fcber 100 Mitgliedern freut sich \u00fcber interessierte und motivierte Menschen, die mithelfen wollen, die Attraktivit\u00e4t unserer Region zu erhalten und zu optimieren. Informationen dazu sind \u00fcber jedes Mitglied zu erfragen.<\/p>\n<p>Alle Mitglieder des Forums w\u00fcnschen jetzt frohe &amp; besinnliche Advents- und Weihnachtsfeiertage, viel Gl\u00fcck und Spass bei der Ziehung am Samstag, 15.00 Uhr am Marktplatz und einen guten Rutsch ins neue Jahr!<\/p>\n","protected":false},"excerpt":{"rendered":"<div class=\"tmnf_excerpt\"><p>Bad Br\u00fcckenau. Am kommenden Wochenende ist am Marktplatz Bad Br\u00fcckenau wieder viel geboten. Das Forum veranstaltet am Freitag und Samstag (17.\/18.12.) den vierten und f\u00fcr dieses Jahr auch letzten &#8220;Budenzauber&#8221;. An allen Wochenenden im Advent waren viele Beteiligte in den St\u00e4nden am Marktplatz bem\u00fcht, eine weihnachtliche Stimmung in die Innenstadt zu bringen. Nach einigen Treffen &hellip;<\/p>\n<\/div>","protected":false},"author":1,"featured_media":0,"comment_status":"closed","ping_status":"closed","sticky":false,"template":"","format":"standard","meta":{"footnotes":""},"categories":[1],"tags":[],"class_list":["post-79183","post","type-post","status-publish","format-standard","hentry","category-startseite"],"_links":{"self":[{"href":"https:\/\/www.fuldaernachrichten.de\/index.php?rest_route=\/wp\/v2\/posts\/79183","targetHints":{"allow":["GET"]}}],"collection":[{"href":"https:\/\/www.fuldaernachrichten.de\/index.php?rest_route=\/wp\/v2\/posts"}],"about":[{"href":"https:\/\/www.fuldaernachrichten.de\/index.php?rest_route=\/wp\/v2\/types\/post"}],"author":[{"embeddable":true,"href":"https:\/\/www.fuldaernachrichten.de\/index.php?rest_route=\/wp\/v2\/users\/1"}],"replies":[{"embeddable":true,"href":"https:\/\/www.fuldaernachrichten.de\/index.php?rest_route=%2Fwp%2Fv2%2Fcomments&post=79183"}],"version-history":[{"count":2,"href":"https:\/\/www.fuldaernachrichten.de\/index.php?rest_route=\/wp\/v2\/posts\/79183\/revisions"}],"predecessor-version":[{"id":79397,"href":"https:\/\/www.fuldaernachrichten.de\/index.php?rest_route=\/wp\/v2\/posts\/79183\/revisions\/79397"}],"wp:attachment":[{"href":"https:\/\/www.fuldaernachrichten.de\/index.php?rest_route=%2Fwp%2Fv2%2Fmedia&parent=79183"}],"wp:term":[{"taxonomy":"category","embeddable":true,"href":"https:\/\/www.fuldaernachrichten.de\/index.php?rest_route=%2Fwp%2Fv2%2Fcategories&post=79183"},{"taxonomy":"post_tag","embeddable":true,"href":"https:\/\/www.fuldaernachrichten.de\/index.php?rest_route=%2Fwp%2Fv2%2Ftags&post=79183"}],"curies":[{"name":"wp","href":"https:\/\/api.w.org\/{rel}","templated":true}]}}