{"id":7918,"date":"2008-02-19T00:05:18","date_gmt":"2008-02-18T23:05:18","guid":{"rendered":"http:\/\/www.schoene-nachrichten.de\/?p=7918"},"modified":"2008-02-19T00:38:28","modified_gmt":"2008-02-18T23:38:28","slug":"traumreisen-und-vieles-mehr-in-der-tv-turnhalle-flieden","status":"publish","type":"post","link":"https:\/\/www.fuldaernachrichten.de\/?p=7918","title":{"rendered":"Traumreisen und vieles mehr in der TV-Turnhalle Flieden"},"content":{"rendered":"<p><strong><a rel=\"lightbox[roadtrip]\" target=\"_blank\" href=\"http:\/\/www.schoene-nachrichten.de\/wp-content\/uploads\/2008\/02\/080218_messe-1.jpg\" title=\"080218_messe-1.jpg\"><img decoding=\"async\" align=\"left\" src=\"http:\/\/www.schoene-nachrichten.de\/wp-content\/uploads\/2008\/02\/080218_messe-1.thumbnail.jpg\" hspace=\"5\" alt=\"080218_messe-1.jpg\" \/><\/a>Tipp.<\/strong> Zum\u00c2\u00a0zweiten Mal richtet das Reiseb\u00fcro Happ in der TV-Turnhalle Flieden eine Reisemesse aus. Am Sonntag, dem 24. Februar, um 11:00 Uhr \u00f6ffnet die Ausstellungshalle ihre Pforten. Der Fliedener Reiseveranstalter und mehrere Partnerunternehmen pr\u00e4sentieren die neuestes Reisetrends und Produkte sowie ein umfangreiches Rahmenprogramm. Der Eintritt zur Veranstaltung ist frei! Ende der Messe ist um 18.00 Uhr.<\/p>\n","protected":false},"excerpt":{"rendered":"<div class=\"tmnf_excerpt\"><p>Tipp. Zum\u00c2\u00a0zweiten Mal richtet das Reiseb\u00fcro Happ in der TV-Turnhalle Flieden eine Reisemesse aus. Am Sonntag, dem 24. Februar, um 11:00 Uhr \u00f6ffnet die Ausstellungshalle ihre Pforten. Der Fliedener Reiseveranstalter und mehrere Partnerunternehmen pr\u00e4sentieren die neuestes Reisetrends und Produkte sowie ein umfangreiches Rahmenprogramm. Der Eintritt zur Veranstaltung ist frei! Ende der Messe ist um 18.00 &hellip;<\/p>\n<\/div>","protected":false},"author":1,"featured_media":0,"comment_status":"closed","ping_status":"closed","sticky":false,"template":"","format":"standard","meta":{"footnotes":""},"categories":[1],"tags":[],"class_list":["post-7918","post","type-post","status-publish","format-standard","hentry","category-startseite"],"_links":{"self":[{"href":"https:\/\/www.fuldaernachrichten.de\/index.php?rest_route=\/wp\/v2\/posts\/7918","targetHints":{"allow":["GET"]}}],"collection":[{"href":"https:\/\/www.fuldaernachrichten.de\/index.php?rest_route=\/wp\/v2\/posts"}],"about":[{"href":"https:\/\/www.fuldaernachrichten.de\/index.php?rest_route=\/wp\/v2\/types\/post"}],"author":[{"embeddable":true,"href":"https:\/\/www.fuldaernachrichten.de\/index.php?rest_route=\/wp\/v2\/users\/1"}],"replies":[{"embeddable":true,"href":"https:\/\/www.fuldaernachrichten.de\/index.php?rest_route=%2Fwp%2Fv2%2Fcomments&post=7918"}],"version-history":[{"count":0,"href":"https:\/\/www.fuldaernachrichten.de\/index.php?rest_route=\/wp\/v2\/posts\/7918\/revisions"}],"wp:attachment":[{"href":"https:\/\/www.fuldaernachrichten.de\/index.php?rest_route=%2Fwp%2Fv2%2Fmedia&parent=7918"}],"wp:term":[{"taxonomy":"category","embeddable":true,"href":"https:\/\/www.fuldaernachrichten.de\/index.php?rest_route=%2Fwp%2Fv2%2Fcategories&post=7918"},{"taxonomy":"post_tag","embeddable":true,"href":"https:\/\/www.fuldaernachrichten.de\/index.php?rest_route=%2Fwp%2Fv2%2Ftags&post=7918"}],"curies":[{"name":"wp","href":"https:\/\/api.w.org\/{rel}","templated":true}]}}