{"id":79160,"date":"2010-12-16T00:12:31","date_gmt":"2010-12-16T00:12:31","guid":{"rendered":"http:\/\/www.fuldaer-nachrichten.de\/?p=79160"},"modified":"2010-12-16T07:45:56","modified_gmt":"2010-12-16T07:45:56","slug":"bischof-algermissen-zur-bedeutung-des-freiwilligen-sozialen-jahres","status":"publish","type":"post","link":"https:\/\/www.fuldaernachrichten.de\/?p=79160","title":{"rendered":"Bischof Algermissen zur Bedeutung des Freiwilligen Sozialen Jahres"},"content":{"rendered":"<p><strong>Fulda. <\/strong>&#8220;Das freiwillige Soziale Jahr (FSJ) existiert als Angebot f\u00fcr Jugendliche in unserem Bistum seit 1971 und wird seitdem vom Bund der Deutschen Katholischen Jugend (BDKJ) getragen. Es bietet Jugendlichen die M\u00f6glichkeit, in der Begegnung mit Menschen, die Begleitung oder auch tatkr\u00e4ftige Hilfe ben\u00f6tigen, soziales Handeln einzu\u00fcben und auch f\u00fcr sich selber wertvolle Erfahrungen im Blick auf die eigene berufliche Zukunft zu machen. Dabei sind die Einsatzgebiete vielf\u00e4ltig: Einrichtungen der Wohlfahrtspflege, der Kinder- und Jugendhilfe und der au\u00dferschulischen Jugendbildung sowie Einrichtungen f\u00fcr Jugendarbeit, der Gesundheitspflege oder kulturelle Einrichtungen sind auf das Engagement von Jugendlichen angewiesen. <!--more--><\/p>\n<p>Auch in manchen Pfarrgemeinden und Einrichtungen unseres Bistums sind junge Menschen mit ihrem FSJ eine unverzichtbare St\u00fctze geworden. Alle, die \u00fcber die Tr\u00e4gerschaft des BDKJ Fulda ihren Freiwilligendienst leisten, erfahren eine professionelle p\u00e4dagogische Begleitung im Rahmen von Seminarwochen. Hier tauschen sich die Jugendlichen in ihren Gruppen aus, genie\u00dfen Weiterbildung und gehen gemeinsam mit den Referenten auf die Suche nach Antworten auf die verschiedenen Glaubens- und Lebensfragen. Gerade die Tatsache, dass die Freiwilligen in jedem Jahrgang auch verschiedener konfessioneller Herkunft sind, macht religi\u00f6sen Austausch fruchtbar und lehrreich.<\/p>\n<p>Der BDKJ als katholischer Tr\u00e4ger des FSJ bietet eine ganzheitliche Begleitung an, die auch in einzelnen F\u00e4llen vermittelnd auf individuelle Fragen oder Probleme der Jugendlichen reagiert. Das unterscheidet ihn als katholischer Tr\u00e4ger von kommerziellen Anbietern und ist gleichzeitig Wirken im Sinne des Evangeliums in unserer Gesellschaft. Aktuell stehen Einrichtungen, welche bisher die Hilfe von Zivildienstleistenden in Anspruch nehmen, vor neuen Herausforderungen. Mit der Abschaffung der Wehrpflicht und dem damit verbundenen Wegfall des Zivildienstes ver\u00e4ndert sich die Situation dramatisch.<\/p>\n<p>Von diesem Einschnitt sind auch viele kirchliche Einrichtungen betroffen. Zahlreiche Dienste, die jahrzehntelang klassisch von Zivildienstleistenden \u00fcbernommen wurden, gilt es k\u00fcnftig mit Freiwilligen zu besetzen. Das wird, realistisch betrachtet, nicht in jedem Fall gelingen, da h\u00f6chstwahrscheinlich wesentlich weniger Jugendliche \u00fcber einen Freiwilligendienst zur Verf\u00fcgung stehen werden als \u00fcber den bisher verpflichtenden Zivildienst.<\/p>\n<p>In diesem Zusammenhang ist es wichtig, k\u00fcnftig innerhalb der katholischen Einrichtungen Synergien zu nutzen. Ich appelliere an die katholischen Einrichtungen in unserem Bistum, die mit dem Thema Freiwilligendienste zu tun haben, sich gemeinsam den neuen Herausforderungen zu stellen. Der BDKJ hat sich dabei als kompetenter und qualifizierter Tr\u00e4ger des FSJ in unserem Bistum etabliert. Ich halte es f\u00fcr richtig, wenn alle katholischen Einrichtungen unseres Bistums weiterhin mit dem BDKJ zusammenarbeiten, um die notwendigen strukturellen Ver\u00e4nderungen als gemeinsames Ziel in den Blick zu nehmen.<\/p>\n<p>Als Bischof bin ich dankbar und froh \u00fcber die Bereitschaft junger Menschen, sich freiwillig in Gesellschaft und Kirche zu engagieren, und ich w\u00fcnschen ihnen und denjenigen, die dieses Engagement begleiten, Gottes Segen und die richtigen Ideen in der Zeit des Umbruchs.&#8221;<\/p>\n","protected":false},"excerpt":{"rendered":"<div class=\"tmnf_excerpt\"><p>Fulda. &#8220;Das freiwillige Soziale Jahr (FSJ) existiert als Angebot f\u00fcr Jugendliche in unserem Bistum seit 1971 und wird seitdem vom Bund der Deutschen Katholischen Jugend (BDKJ) getragen. Es bietet Jugendlichen die M\u00f6glichkeit, in der Begegnung mit Menschen, die Begleitung oder auch tatkr\u00e4ftige Hilfe ben\u00f6tigen, soziales Handeln einzu\u00fcben und auch f\u00fcr sich selber wertvolle Erfahrungen im &hellip;<\/p>\n<\/div>","protected":false},"author":1,"featured_media":0,"comment_status":"closed","ping_status":"closed","sticky":false,"template":"","format":"standard","meta":{"footnotes":""},"categories":[1,50],"tags":[],"class_list":["post-79160","post","type-post","status-publish","format-standard","hentry","category-startseite","category-kirche"],"_links":{"self":[{"href":"https:\/\/www.fuldaernachrichten.de\/index.php?rest_route=\/wp\/v2\/posts\/79160","targetHints":{"allow":["GET"]}}],"collection":[{"href":"https:\/\/www.fuldaernachrichten.de\/index.php?rest_route=\/wp\/v2\/posts"}],"about":[{"href":"https:\/\/www.fuldaernachrichten.de\/index.php?rest_route=\/wp\/v2\/types\/post"}],"author":[{"embeddable":true,"href":"https:\/\/www.fuldaernachrichten.de\/index.php?rest_route=\/wp\/v2\/users\/1"}],"replies":[{"embeddable":true,"href":"https:\/\/www.fuldaernachrichten.de\/index.php?rest_route=%2Fwp%2Fv2%2Fcomments&post=79160"}],"version-history":[{"count":2,"href":"https:\/\/www.fuldaernachrichten.de\/index.php?rest_route=\/wp\/v2\/posts\/79160\/revisions"}],"predecessor-version":[{"id":79164,"href":"https:\/\/www.fuldaernachrichten.de\/index.php?rest_route=\/wp\/v2\/posts\/79160\/revisions\/79164"}],"wp:attachment":[{"href":"https:\/\/www.fuldaernachrichten.de\/index.php?rest_route=%2Fwp%2Fv2%2Fmedia&parent=79160"}],"wp:term":[{"taxonomy":"category","embeddable":true,"href":"https:\/\/www.fuldaernachrichten.de\/index.php?rest_route=%2Fwp%2Fv2%2Fcategories&post=79160"},{"taxonomy":"post_tag","embeddable":true,"href":"https:\/\/www.fuldaernachrichten.de\/index.php?rest_route=%2Fwp%2Fv2%2Ftags&post=79160"}],"curies":[{"name":"wp","href":"https:\/\/api.w.org\/{rel}","templated":true}]}}