{"id":79157,"date":"2010-12-16T01:46:05","date_gmt":"2010-12-16T01:46:05","guid":{"rendered":"http:\/\/www.fuldaer-nachrichten.de\/?p=79157"},"modified":"2010-12-16T07:46:22","modified_gmt":"2010-12-16T07:46:22","slug":"28-000-kinder-sagen-danke-erfolgreiche-aktion-hoffnungszeichen-geht-zu-ende","status":"publish","type":"post","link":"https:\/\/www.fuldaernachrichten.de\/?p=79157","title":{"rendered":"28.000 Kinder sagen \u201eDanke\u201c &#8211; Erfolgreiche \u201eAktion Hoffnungszeichen\u201c geht zu Ende"},"content":{"rendered":"<p><strong><a href=\"http:\/\/www.fuldaer-nachrichten.de\/wp-content\/uploads\/2010\/12\/101215_Hoffnungszeichen.jpg\"><img fetchpriority=\"high\" decoding=\"async\" class=\"alignleft size-thumbnail wp-image-79158\" title=\"101215_Hoffnungszeichen\" src=\"http:\/\/www.fuldaer-nachrichten.de\/wp-content\/uploads\/2010\/12\/101215_Hoffnungszeichen-265x190.jpg\" alt=\"\" width=\"265\" height=\"190\" srcset=\"https:\/\/www.fuldaernachrichten.de\/wp-content\/uploads\/2010\/12\/101215_Hoffnungszeichen-265x190.jpg 265w, https:\/\/www.fuldaernachrichten.de\/wp-content\/uploads\/2010\/12\/101215_Hoffnungszeichen.jpg 592w\" sizes=\"(max-width: 265px) 100vw, 265px\" \/><\/a>Fulda. <\/strong>\u201eDanke\u201c sagen die Malteser Fulda im Namen der Kinder in den ehemaligen Kriegsgebieten f\u00fcr die gro\u00dfe Bereitschaft der Bev\u00f6lkerung, Geschenkpakete f\u00fcr die 19. Aktion Hoffnungszeichen zu packen. \u201eEs ist alles andere als selbstverst\u00e4ndlich, dass so viele Menschen sich bereit erkl\u00e4ren, so reichlich zu spenden\u201c, sagt Thomas Peffermann, Gesch\u00e4ftsf\u00fchrer der Malteser in Fulda. Mehr als 28.000 P\u00e4ckchen konnten die Malteser in Waisenh\u00e4usern, Kinderg\u00e4rten, Behindertenheimen, Blindenschulen und Krankenh\u00e4usern verteilen. \u00dcberreicht wurden die Pakete meist im Rahmen kleiner Nikolausfeiern, die von den Kindern mit Liedern und Gedichten liebevoll gestaltet wurden.<!--more--><\/p>\n<p>\u201eDie Kinder werden diesen Augenblick des Beschenkwerdens so schnell nicht vergessen \u2013 und wir die strahlenden Augen beim Beschenken auch nicht\u201c, sagt Peffermann. Diese Momente der Freude und Dankbarkeit seien Lohn f\u00fcr die Strapazen und M\u00fchen der Reise. 21 ehrenamtliche Malteser legten mit vier Lkw und den Begleitfahrzeugen 44.000 Kilometer zur\u00fcck und brachten die \u201eHoffnungszeichen\u201c nach Kroatien, Bosnien und Herzegowina und in den Kosovo. Zus\u00e4tzlich wurden zwei Speditionslastkraftwagen auf die Reise geschickt. Erstmals besuchten die Malteser auch zwei weitere Einrichtungen in Sarajevo.<\/p>\n<p>Thomas Peffermann: \u201eViele der Kleinen haben noch nie in ihrem Leben ein Geschenk bekommen. Ich m\u00f6chte mich bei allen Kinderg\u00e4rten, Schulen, Vereinen und Privatpersonen bedanken, die Pakete gepackt oder Geld f\u00fcr den Sprit gespendet und dies erm\u00f6glicht haben.\u201c Nach dem Erfolg der 19. Aktion Hoffnungszeichen steht bereits fest: Kommendes Jahr geht sie in die 20. Runde.<\/p>\n","protected":false},"excerpt":{"rendered":"<div class=\"tmnf_excerpt\"><p>Fulda. \u201eDanke\u201c sagen die Malteser Fulda im Namen der Kinder in den ehemaligen Kriegsgebieten f\u00fcr die gro\u00dfe Bereitschaft der Bev\u00f6lkerung, Geschenkpakete f\u00fcr die 19. Aktion Hoffnungszeichen zu packen. \u201eEs ist alles andere als selbstverst\u00e4ndlich, dass so viele Menschen sich bereit erkl\u00e4ren, so reichlich zu spenden\u201c, sagt Thomas Peffermann, Gesch\u00e4ftsf\u00fchrer der Malteser in Fulda. Mehr als &hellip;<\/p>\n<\/div>","protected":false},"author":1,"featured_media":0,"comment_status":"closed","ping_status":"closed","sticky":false,"template":"","format":"standard","meta":{"footnotes":""},"categories":[1],"tags":[],"class_list":["post-79157","post","type-post","status-publish","format-standard","hentry","category-startseite"],"_links":{"self":[{"href":"https:\/\/www.fuldaernachrichten.de\/index.php?rest_route=\/wp\/v2\/posts\/79157","targetHints":{"allow":["GET"]}}],"collection":[{"href":"https:\/\/www.fuldaernachrichten.de\/index.php?rest_route=\/wp\/v2\/posts"}],"about":[{"href":"https:\/\/www.fuldaernachrichten.de\/index.php?rest_route=\/wp\/v2\/types\/post"}],"author":[{"embeddable":true,"href":"https:\/\/www.fuldaernachrichten.de\/index.php?rest_route=\/wp\/v2\/users\/1"}],"replies":[{"embeddable":true,"href":"https:\/\/www.fuldaernachrichten.de\/index.php?rest_route=%2Fwp%2Fv2%2Fcomments&post=79157"}],"version-history":[{"count":2,"href":"https:\/\/www.fuldaernachrichten.de\/index.php?rest_route=\/wp\/v2\/posts\/79157\/revisions"}],"predecessor-version":[{"id":79165,"href":"https:\/\/www.fuldaernachrichten.de\/index.php?rest_route=\/wp\/v2\/posts\/79157\/revisions\/79165"}],"wp:attachment":[{"href":"https:\/\/www.fuldaernachrichten.de\/index.php?rest_route=%2Fwp%2Fv2%2Fmedia&parent=79157"}],"wp:term":[{"taxonomy":"category","embeddable":true,"href":"https:\/\/www.fuldaernachrichten.de\/index.php?rest_route=%2Fwp%2Fv2%2Fcategories&post=79157"},{"taxonomy":"post_tag","embeddable":true,"href":"https:\/\/www.fuldaernachrichten.de\/index.php?rest_route=%2Fwp%2Fv2%2Ftags&post=79157"}],"curies":[{"name":"wp","href":"https:\/\/api.w.org\/{rel}","templated":true}]}}