{"id":7915,"date":"2008-02-19T00:25:15","date_gmt":"2008-02-18T23:25:15","guid":{"rendered":"http:\/\/www.schoene-nachrichten.de\/?p=7915"},"modified":"2008-02-19T00:41:23","modified_gmt":"2008-02-18T23:41:23","slug":"neuer-kindermalkurs-im-kuenstleratelier","status":"publish","type":"post","link":"https:\/\/www.fuldaernachrichten.de\/?p=7915","title":{"rendered":"Neuer Kindermalkurs im K\u00fcnstleratelier"},"content":{"rendered":"<p><strong><a rel=\"lightbox[roadtrip]\" target=\"_blank\" href=\"http:\/\/www.schoene-nachrichten.de\/wp-content\/uploads\/2008\/02\/080218_kinder_im_atelier.jpg\" title=\"080218_kinder_im_atelier.jpg\"><img decoding=\"async\" align=\"left\" src=\"http:\/\/www.schoene-nachrichten.de\/wp-content\/uploads\/2008\/02\/080218_kinder_im_atelier.thumbnail.jpg\" hspace=\"5\" alt=\"080218_kinder_im_atelier.jpg\" \/><\/a>Termin.<\/strong> Ab dem 27. Februar 2008 bietet die K\u00fcnstlerin Ulrike Kuborn in ihrem Atelier in Ried\/Ebersburg unter dem Titel \u201eIn Bewegung \u2013 die menschliche Figur\u201c neue Kindermalkurse an. Die aktuelle Kursreihe richtet sich an Kinder zwischen 7 und 11 Jahren und will das bessere Begreifen, Sehen, F\u00fchlen, Malen und Zeichnen des K\u00f6rpers f\u00f6rdern.<!--more--><\/p>\n<p>Au\u00dferhalb der gewohnten Umgebung k\u00f6nnen die Kinder im Atelier \u201eK\u00fcnstlerluft\u201c schnuppern und bei Ulrike Kuborn, die an der Staatlichen Kunstakademie in D\u00fcsseldorf und der ehemaligen Folkwang Schule in Essen studierte, den Umgang mit professionellen K\u00fcnstlermaterialien erlernen.<\/p>\n<p>Der Kindermalkurs beginnt am Mittwoch, den 27. Februar von 15.00 Uhr &#8211; 17.00 Uhr und umfasst insgesamt 18 Stunden. Die Teilnehmerzahl ist begrenzt. Weitere Infos und Anmeldungen unter Tel: 06656-911197 oder 06658-918930 bzw. per E-Mail unter: <a href=\"mailto:ulrike@kuborn.de\">ulrike@kuborn.de<\/a><\/p>\n","protected":false},"excerpt":{"rendered":"<div class=\"tmnf_excerpt\"><p>Termin. Ab dem 27. Februar 2008 bietet die K\u00fcnstlerin Ulrike Kuborn in ihrem Atelier in Ried\/Ebersburg unter dem Titel \u201eIn Bewegung \u2013 die menschliche Figur\u201c neue Kindermalkurse an. Die aktuelle Kursreihe richtet sich an Kinder zwischen 7 und 11 Jahren und will das bessere Begreifen, Sehen, F\u00fchlen, Malen und Zeichnen des K\u00f6rpers f\u00f6rdern.<\/p>\n<\/div>","protected":false},"author":1,"featured_media":0,"comment_status":"closed","ping_status":"closed","sticky":false,"template":"","format":"standard","meta":{"footnotes":""},"categories":[1,44],"tags":[],"class_list":["post-7915","post","type-post","status-publish","format-standard","hentry","category-startseite","category-kultur"],"_links":{"self":[{"href":"https:\/\/www.fuldaernachrichten.de\/index.php?rest_route=\/wp\/v2\/posts\/7915","targetHints":{"allow":["GET"]}}],"collection":[{"href":"https:\/\/www.fuldaernachrichten.de\/index.php?rest_route=\/wp\/v2\/posts"}],"about":[{"href":"https:\/\/www.fuldaernachrichten.de\/index.php?rest_route=\/wp\/v2\/types\/post"}],"author":[{"embeddable":true,"href":"https:\/\/www.fuldaernachrichten.de\/index.php?rest_route=\/wp\/v2\/users\/1"}],"replies":[{"embeddable":true,"href":"https:\/\/www.fuldaernachrichten.de\/index.php?rest_route=%2Fwp%2Fv2%2Fcomments&post=7915"}],"version-history":[{"count":0,"href":"https:\/\/www.fuldaernachrichten.de\/index.php?rest_route=\/wp\/v2\/posts\/7915\/revisions"}],"wp:attachment":[{"href":"https:\/\/www.fuldaernachrichten.de\/index.php?rest_route=%2Fwp%2Fv2%2Fmedia&parent=7915"}],"wp:term":[{"taxonomy":"category","embeddable":true,"href":"https:\/\/www.fuldaernachrichten.de\/index.php?rest_route=%2Fwp%2Fv2%2Fcategories&post=7915"},{"taxonomy":"post_tag","embeddable":true,"href":"https:\/\/www.fuldaernachrichten.de\/index.php?rest_route=%2Fwp%2Fv2%2Ftags&post=7915"}],"curies":[{"name":"wp","href":"https:\/\/api.w.org\/{rel}","templated":true}]}}