{"id":79147,"date":"2010-12-16T00:01:53","date_gmt":"2010-12-16T00:01:53","guid":{"rendered":"http:\/\/www.fuldaer-nachrichten.de\/?p=79147"},"modified":"2010-12-16T07:50:43","modified_gmt":"2010-12-16T07:50:43","slug":"wenn-nachts-im-schlaf-die-atmung-aussetzt-selbsthilfegruppe-schlafapnoe-hat-190-mitglieder","status":"publish","type":"post","link":"https:\/\/www.fuldaernachrichten.de\/?p=79147","title":{"rendered":"Wenn nachts im Schlaf die Atmung aussetzt \u00e2\u20ac\u00a6 Selbsthilfegruppe Schlafapnoe hat 190 Mitglieder"},"content":{"rendered":"<p><strong><a href=\"http:\/\/www.fuldaer-nachrichten.de\/wp-content\/uploads\/2010\/12\/101215_Zimmer.jpg\"><img decoding=\"async\" class=\"alignleft size-thumbnail wp-image-79148\" title=\"101215_Zimmer\" src=\"http:\/\/www.fuldaer-nachrichten.de\/wp-content\/uploads\/2010\/12\/101215_Zimmer.jpg\" alt=\"\" width=\"560\" srcset=\"https:\/\/www.fuldaernachrichten.de\/wp-content\/uploads\/2010\/12\/101215_Zimmer.jpg 592w, https:\/\/www.fuldaernachrichten.de\/wp-content\/uploads\/2010\/12\/101215_Zimmer-265x176.jpg 265w\" sizes=\"(max-width: 592px) 100vw, 592px\" \/><\/a>K\u00fcnzell-Bachrain. <\/strong>\u201eF\u00fcr Menschen, die an Schlafapnoe leiden, gibt es keine Heilung. Sie begleitet die Betroffenen ein Leben lang\u201c. Roland Scholz wei\u00df, wovon er spricht, ist der 70-J\u00e4hrige doch ebenfalls an Schlafapnoe erkrankt.\u00c2\u00a0 2001 wurde eine Selbsthilfegruppe (SHG) gegr\u00fcndet, die den Betroffenen Hilfe zur Selbsthilfe anbietet. Seit dieser Zeit fungiert Scholz als Sprecher der Selbsthilfegruppe, der inzwischen rund 190 Mitglieder angeh\u00f6ren. <!--more--><\/p>\n<p>\u201eSeit unserer Gr\u00fcndung vor bald zehn Jahren sind wir die einzige Selbsthilfegruppe in ganz Osthessen, die sich dieser Krankheit widmet\u201c, betont der Ingenieur, der inzwischen in Rente ist. Au\u00dferhalb des osthessischen Bezirks gibt es die n\u00e4chsten SHGs unter anderem in Rotenburg\/Fulda, Kassel, Baunatal und W\u00fcrzburg. Lange hatten sich die Mitglieder in den R\u00e4umen des VdK in der Fuldaer Heinrichstra\u00dfe getroffen. Doch finden die Zusammenk\u00fcnfte seit einiger Zeit im gr\u00f6\u00dferen Franz-von-Sales-Haus in Bachrain statt. \u201eDann kommen bis zu 40 Mitglieder und G\u00e4ste, die sich vor allem \u00fcber die Krankheit informieren wollen, und denen wir Hilfe zur Selbsthilfe anbieten k\u00f6nnen\u201c, erkl\u00e4rt der engagierte Sprecher, der sich auch vor Diskussionen mit Krankenkassen oder Politikern nicht scheut.<\/p>\n<p>\u201eOhne unsere ehrenamtliche T\u00e4tigkeit w\u00fcrden viele Betroffene ihre Therapie abbrechen, da sie alleine nicht mit den Ger\u00e4ten und Masken klarkommen. Ich habe auch schon Pflegepersonal im Umgang mit den Masken schulen m\u00fcssen, weil dies nicht in der Ausbildung gelernt wurde.\u201c Das Altersspektrum liege zwischen 50 und 85 Jahren. \u201eJ\u00fcngere Leute kommen kaum, da es viele entweder nicht wahrhaben wollen, dass sie an dieser lebensbedrohlichen Volkskrankheit leiden, oder es schlicht nicht wissen.\u201c Denn oftmals w\u00fcrden \u2013 auch von \u00c4rzten \u2013 ernst zu nehmende, m\u00f6gliche Anzeichen der Schlafapnoe nicht hinterfragt: starkes Schnarchen, Herzbeschwerden, Bluthochdruck, morgendlicher Kopfschmerz, Alptr\u00e4ume und unruhiger Schlaf, n\u00e4chtliches Schwitzen, erh\u00f6hte Tagesm\u00fcdigkeit, Konzentrationsschw\u00e4che, Abnahme geistiger Leistungskraft und der ber\u00fcchtigte Sekundenschlaf.<\/p>\n<p>Bei dem 70-J\u00e4hrigen war es \u2013 wie in vielen \u00e4hnlich gelagerten F\u00e4llen \u2013 die Ehefrau gewesen, \u201edie bemerkt hatte, dass ich nachts nicht mehr geatmet habe\u201c. Bei der so genannten obstruktiven (Luftr\u00f6hre verschlie\u00dfenden) Schlafapnoe setze die Atmung im Schlaf bei R\u00fcckenlage oft f\u00fcr Sekunden und sogar Minuten aus, was zu einer gef\u00e4hrlichen Unterversorgung des Organismus mit Sauerstoff f\u00fchre. Scholz: \u201eEine medizinische Behandlung ist daher unbedingt n\u00f6tig, denn gef\u00e4hrdet sind das Gehirn und der Herzmuskel, letztendlich also das Leben des Betroffenen.\u201c Dann gebe es noch die zentrale Schlafapnoe, bei der das Zwerchfell keinen Impuls zum Atmen bekomme. Die meisten Menschen indes litten an einer Mischform (obstruktiv und zentral).<\/p>\n<p>Dauerhafte Erleichterung beziehungsweise Hilfe k\u00f6nne nur ein Atemtherapieger\u00e4t bringen: Der positive kontinuierliche Druck in den Atemwegen verhindere deren Verschluss. Der \u201eNachteil\u201c: Um die Lebenserwartung nicht zu verk\u00fcrzen, einen erholsamen Schlaf zu gew\u00e4hrleisten und um Folgeerkrankungen m\u00f6glichst zu verhindern, muss diese n\u00e4chtliche \u00dcberdruckbeatmung ein Leben lang durchgef\u00fchrt werden. F\u00fcr betroffene Kassenpatienten \u00fcbernimmt die Krankenkasse die Kosten.<\/p>\n<p>Der Sprecher der Fuldaer Selbsthilfegruppe betont, dass ein therapierter Schlafapnoe-Betroffener seine volle Leistungsf\u00e4higkeit wieder erlange, und lobt die Zusammenarbeit mit dem Praxisteam Dr. Holger L\u00f6big in Pilgerzell. Dort komme auch ein Screeningger\u00e4t zum Einsatz, um bei einem Patienten rechtzeitig das Schlafapnoesyndrom festzustellen oder auszuschlie\u00dfen. Bei einem positiven Befund erfolge die \u00dcberweisung an das ambulante Fuldaer Schlaflabor, dessen acht Betten sich in der Gemeinschaftspraxis von Dr. Reiner Laumen, Dr. Brigitte Schratz und Dr. Conrad Wiederhold im Gesundheitszentrum beim Herz-Jesu-Krankenhaus befinden.<\/p>\n<p>G\u00e4be es diese Einrichtung nicht, m\u00fcssten die Betroffenen nach Kassel oder Marburg fahren. Daher war die Aufregung gro\u00df, als das Schlaflabor im Sommer f\u00fcr drei Wochen geschlossen hatte. Hintergrund: Die Kassen\u00e4rzliche Bundesvereinigung hatte die Bezahlung der Schlafuntersuchungen in dem so genannten qualit\u00e4tsgebundenen Zusatzvolumen budgetiert, die Zahlungen waren deutlich reduziert worden. Dann aber hatten sich \u00c4rzte und Kassen\u00e4rztliche Vereinigung \u00fcber die Finanzierung der Untersuchungen zu Gunsten der Patienten geeinigt.<\/p>\n<p>Apropos Geld: Zur Finanzierung tragen neben den Mitgliedsbeitr\u00e4gen die Selbsthilfegruppen-Pauschale der Krankenkassen und der gemeinsame Topf von Landkreis und Stadt Fulda sowie die Gemeinde K\u00fcnzell bei. Angesichts von bef\u00fcrchteten K\u00fcrzungen wegen der knappen \u00f6ffentlichen Kassen hat Scholz in Briefen an die Politiker \u201eKlartext\u201c geschrieben. \u201eDenn es geht um unsere Gesundheit.\u201c<\/p>\n<p>Die Selbsthilfegruppe trifft sich an jedem zweiten Dienstag des Monats um 19 Uhr im Franz-von-Sales-Haus in Bachrain, Turmstra\u00dfe\/Ecke Schulstra\u00dfe. Infos gibt es zudem bei Roland Scholz, Telefon (0661)9338992.<\/p>\n","protected":false},"excerpt":{"rendered":"<div class=\"tmnf_excerpt\"><p>K\u00fcnzell-Bachrain. \u201eF\u00fcr Menschen, die an Schlafapnoe leiden, gibt es keine Heilung. Sie begleitet die Betroffenen ein Leben lang\u201c. Roland Scholz wei\u00df, wovon er spricht, ist der 70-J\u00e4hrige doch ebenfalls an Schlafapnoe erkrankt.\u00c2\u00a0 2001 wurde eine Selbsthilfegruppe (SHG) gegr\u00fcndet, die den Betroffenen Hilfe zur Selbsthilfe anbietet. Seit dieser Zeit fungiert Scholz als Sprecher der Selbsthilfegruppe, der &hellip;<\/p>\n<\/div>","protected":false},"author":1,"featured_media":0,"comment_status":"closed","ping_status":"closed","sticky":false,"template":"","format":"standard","meta":{"footnotes":""},"categories":[1,51,78],"tags":[],"class_list":["post-79147","post","type-post","status-publish","format-standard","hentry","category-startseite","category-medizin","category-topthema"],"_links":{"self":[{"href":"https:\/\/www.fuldaernachrichten.de\/index.php?rest_route=\/wp\/v2\/posts\/79147","targetHints":{"allow":["GET"]}}],"collection":[{"href":"https:\/\/www.fuldaernachrichten.de\/index.php?rest_route=\/wp\/v2\/posts"}],"about":[{"href":"https:\/\/www.fuldaernachrichten.de\/index.php?rest_route=\/wp\/v2\/types\/post"}],"author":[{"embeddable":true,"href":"https:\/\/www.fuldaernachrichten.de\/index.php?rest_route=\/wp\/v2\/users\/1"}],"replies":[{"embeddable":true,"href":"https:\/\/www.fuldaernachrichten.de\/index.php?rest_route=%2Fwp%2Fv2%2Fcomments&post=79147"}],"version-history":[{"count":2,"href":"https:\/\/www.fuldaernachrichten.de\/index.php?rest_route=\/wp\/v2\/posts\/79147\/revisions"}],"predecessor-version":[{"id":79170,"href":"https:\/\/www.fuldaernachrichten.de\/index.php?rest_route=\/wp\/v2\/posts\/79147\/revisions\/79170"}],"wp:attachment":[{"href":"https:\/\/www.fuldaernachrichten.de\/index.php?rest_route=%2Fwp%2Fv2%2Fmedia&parent=79147"}],"wp:term":[{"taxonomy":"category","embeddable":true,"href":"https:\/\/www.fuldaernachrichten.de\/index.php?rest_route=%2Fwp%2Fv2%2Fcategories&post=79147"},{"taxonomy":"post_tag","embeddable":true,"href":"https:\/\/www.fuldaernachrichten.de\/index.php?rest_route=%2Fwp%2Fv2%2Ftags&post=79147"}],"curies":[{"name":"wp","href":"https:\/\/api.w.org\/{rel}","templated":true}]}}