{"id":7914,"date":"2008-02-19T00:23:24","date_gmt":"2008-02-18T23:23:24","guid":{"rendered":"http:\/\/www.schoene-nachrichten.de\/?p=7914"},"modified":"2008-02-19T00:41:10","modified_gmt":"2008-02-18T23:41:10","slug":"kopfzentrum-klinikum-fulda-gegruendet","status":"publish","type":"post","link":"https:\/\/www.fuldaernachrichten.de\/?p=7914","title":{"rendered":"Kopfzentrum Klinikum Fulda gegr\u00fcndet"},"content":{"rendered":"<p><strong>Fulda.<\/strong> Ende Dezember 2007 haben sich mehrere Fachdisziplinen der Klinikum Fulda gAG zu einem \u201eKopfzentrum Klinikum Fulda\u201c zusammengeschlossen. Die bereits seit vielen Jahren praktizierte interdisziplin\u00e4re Zusammenarbeit wird laut Pressemitteilung des Klinikums dadurch weiter intensiviert.<!--more--><\/p>\n<p>Die Behandlung von Erkrankungen im Kopfbereich setzte eine kompetente, interdisziplin\u00e4re Zusammenarbeit verschiedener Fachbereiche voraus. Im Klinikum Fulda haben sich daher folgende Kliniken und Abteilungen zu einem Kopfzentrum zusammengeschlossen:<\/p>\n<p>&#8211; Klinik f\u00fcr Neurologie,<br \/>\n-\u00c2\u00a0Klinik f\u00fcr Psychiatrie und Psychotherapie,<br \/>\n-\u00c2\u00a0Klinik f\u00fcr Neurochirurgie,<br \/>\n-\u00c2\u00a0Klinik f\u00fcr Diagnostische und Interventionelle Neuroradiologie,<br \/>\n&#8211; Klinik f\u00fcr Hals-Nasen-Ohren-Krankheiten<br \/>\n-\u00c2\u00a0Abteilungen f\u00fcr Augenheilkunde<br \/>\n-\u00c2\u00a0Abteilung f\u00fcr Mund-, Kiefer- und Gesichtschirurgie.<\/p>\n<p>Ziel des Kopfzentrums\u00c2\u00a0sei es, die Diagnostik und Therapie von Erkrankungen des Kopfbereiches auf h\u00f6chstem Niveau durchzuf\u00fchren und den medizinischen Fortschritt in Bezug auf die Behandlung der betroffenen Patienten gemeinsam weiter zu entwickeln. Zu den Aufgaben des Kopfzentrums geh\u00f6ren u.a. die interdisziplin\u00e4re Diagnostik und Therapie von Patienten mit Gehirntumoren, Hirngef\u00e4\u00dferkrankungen, symptomatischer Epilepsie, Gehirn und R\u00fcckenmark betreffenden Erkrankungen sowie die Einbindung weiterer Fachdisziplinen bei der Planung und Durchf\u00fchrung gef\u00e4\u00dfchirurgischer und radioonkologischer Behandlungsverfahren.<\/p>\n<p>Die Patienten werden laut Pressemitteilung im Rahmen einer w\u00f6chentlich stattfindenden Konferenz aller am Kopfzentrum beteiligten \u00c4rzte vorgestellt und daraufhin einer Klinik zur station\u00e4ren Aufnahme zugewiesen. Diese \u00fcbernehme dann die allgemeine Therapief\u00fchrung sowie die ambulante Nachsorge des Patienten. Zentrale Anlaufstelle f\u00fcr Patienten des Kopfzentrums sei Prof. Dr. med. Andreas H. Jacobs, Direktor der Klinik f\u00fcr Neurologie und Gesch\u00e4ftsf\u00fchrender Direktor des Kopfzentrums, Telefon (0661) 84-5531.<\/p>\n","protected":false},"excerpt":{"rendered":"<div class=\"tmnf_excerpt\"><p>Fulda. Ende Dezember 2007 haben sich mehrere Fachdisziplinen der Klinikum Fulda gAG zu einem \u201eKopfzentrum Klinikum Fulda\u201c zusammengeschlossen. Die bereits seit vielen Jahren praktizierte interdisziplin\u00e4re Zusammenarbeit wird laut Pressemitteilung des Klinikums dadurch weiter intensiviert.<\/p>\n<\/div>","protected":false},"author":1,"featured_media":0,"comment_status":"closed","ping_status":"closed","sticky":false,"template":"","format":"standard","meta":{"footnotes":""},"categories":[1,51],"tags":[],"class_list":["post-7914","post","type-post","status-publish","format-standard","hentry","category-startseite","category-medizin"],"_links":{"self":[{"href":"https:\/\/www.fuldaernachrichten.de\/index.php?rest_route=\/wp\/v2\/posts\/7914","targetHints":{"allow":["GET"]}}],"collection":[{"href":"https:\/\/www.fuldaernachrichten.de\/index.php?rest_route=\/wp\/v2\/posts"}],"about":[{"href":"https:\/\/www.fuldaernachrichten.de\/index.php?rest_route=\/wp\/v2\/types\/post"}],"author":[{"embeddable":true,"href":"https:\/\/www.fuldaernachrichten.de\/index.php?rest_route=\/wp\/v2\/users\/1"}],"replies":[{"embeddable":true,"href":"https:\/\/www.fuldaernachrichten.de\/index.php?rest_route=%2Fwp%2Fv2%2Fcomments&post=7914"}],"version-history":[{"count":0,"href":"https:\/\/www.fuldaernachrichten.de\/index.php?rest_route=\/wp\/v2\/posts\/7914\/revisions"}],"wp:attachment":[{"href":"https:\/\/www.fuldaernachrichten.de\/index.php?rest_route=%2Fwp%2Fv2%2Fmedia&parent=7914"}],"wp:term":[{"taxonomy":"category","embeddable":true,"href":"https:\/\/www.fuldaernachrichten.de\/index.php?rest_route=%2Fwp%2Fv2%2Fcategories&post=7914"},{"taxonomy":"post_tag","embeddable":true,"href":"https:\/\/www.fuldaernachrichten.de\/index.php?rest_route=%2Fwp%2Fv2%2Ftags&post=7914"}],"curies":[{"name":"wp","href":"https:\/\/api.w.org\/{rel}","templated":true}]}}