{"id":791,"date":"2007-01-14T17:05:58","date_gmt":"2007-01-14T16:05:58","guid":{"rendered":"http:\/\/www.schoene-nachrichten.de\/?p=791"},"modified":"2007-11-05T22:56:29","modified_gmt":"2007-11-05T21:56:29","slug":"fuldaer-karnevalisten-machten-mobil","status":"publish","type":"post","link":"https:\/\/www.fuldaernachrichten.de\/?p=791","title":{"rendered":"Fuldaer Karnevalisten machten mobil"},"content":{"rendered":"<p><strong>Sch\u00f6nes aus Fulda.<\/strong> Hunderte von Karnevalisten aus allen Garden und Randstaaten im Raum Fulda sind heute Nachmittag zur Generalmobilmachung in die Fuldaer Innenstadt gekommen. Sie zogen von der Tr\u00e4nke bis zum Buttermarkt und l\u00e4uteten die aktive Phase der \u201eFoaset 2006\/2007\u201c ein. Viele Fastnachtsfreunde standen am Stra\u00dfenrand, begleiteten die Karnevalisten und schmetterten Prinz S\u00f6ren Metallicus LXVI. den diesj\u00e4hrigen Schlachtruf \u201eFoaset ess schee\u201c entgegen.<\/p>\n<p><strong>Fotos (27):<\/strong> Max Colin Heydenreich<\/p>\n<p><a target=\"_blank\" href=\"http:\/\/www.schoene-nachrichten.de\/wp-content\/uploads\/2007\/01\/070114_mobil_03.jpg\" title=\"Fotos (27): Max Colin Heydenreich\"><img decoding=\"async\" src=\"http:\/\/www.schoene-nachrichten.de\/wp-content\/uploads\/2007\/01\/070114_mobil_03.thumbnail.jpg\" alt=\"070114_mobil_03.jpg\" height=\"85\" id=\"image794\" \/><\/a> <a target=\"_blank\" href=\"http:\/\/www.schoene-nachrichten.de\/wp-content\/uploads\/2007\/01\/070114_mobil_04.jpg\" title=\"Fotos (27): Max Colin Heydenreich\"><img decoding=\"async\" src=\"http:\/\/www.schoene-nachrichten.de\/wp-content\/uploads\/2007\/01\/070114_mobil_04.thumbnail.jpg\" alt=\"070114_mobil_04.jpg\" height=\"85\" id=\"image795\" \/><\/a> <a target=\"_blank\" href=\"http:\/\/www.schoene-nachrichten.de\/wp-content\/uploads\/2007\/01\/070114_mobil_05.jpg\" title=\"Fotos (27): Max Colin Heydenreich\"><img decoding=\"async\" src=\"http:\/\/www.schoene-nachrichten.de\/wp-content\/uploads\/2007\/01\/070114_mobil_05.thumbnail.jpg\" alt=\"070114_mobil_05.jpg\" height=\"85\" id=\"image796\" \/><\/a><\/p>\n<p><a target=\"_blank\" href=\"http:\/\/www.schoene-nachrichten.de\/wp-content\/uploads\/2007\/01\/070114_mobil_01.jpg\" title=\"Fotos (27): Max Colin Heydenreich\"><img decoding=\"async\" src=\"http:\/\/www.schoene-nachrichten.de\/wp-content\/uploads\/2007\/01\/070114_mobil_01.thumbnail.jpg\" alt=\"070114_mobil_01.jpg\" height=\"85\" id=\"image792\" \/><\/a> <a target=\"_blank\" href=\"http:\/\/www.schoene-nachrichten.de\/wp-content\/uploads\/2007\/01\/070114_mobil_02.jpg\" title=\"Fotos (27): Max Colin Heydenreich\"><img decoding=\"async\" src=\"http:\/\/www.schoene-nachrichten.de\/wp-content\/uploads\/2007\/01\/070114_mobil_02.thumbnail.jpg\" alt=\"070114_mobil_02.jpg\" height=\"85\" id=\"image793\" \/><\/a> <a target=\"_blank\" href=\"http:\/\/www.schoene-nachrichten.de\/wp-content\/uploads\/2007\/01\/070114_mobil_07.jpg\" title=\"Fotos (27): Max Colin Heydenreich\"><img decoding=\"async\" src=\"http:\/\/www.schoene-nachrichten.de\/wp-content\/uploads\/2007\/01\/070114_mobil_07.thumbnail.jpg\" alt=\"070114_mobil_07.jpg\" height=\"85\" id=\"image798\" \/><\/a><\/p>\n<p><a target=\"_blank\" href=\"http:\/\/www.schoene-nachrichten.de\/wp-content\/uploads\/2007\/01\/070114_mobil_06.jpg\" title=\"Fotos (27): Max Colin Heydenreich\"><img decoding=\"async\" src=\"http:\/\/www.schoene-nachrichten.de\/wp-content\/uploads\/2007\/01\/070114_mobil_06.thumbnail.jpg\" alt=\"070114_mobil_06.jpg\" height=\"85\" id=\"image797\" \/><\/a> <a target=\"_blank\" href=\"http:\/\/www.schoene-nachrichten.de\/wp-content\/uploads\/2007\/01\/070114_mobil_08.jpg\" title=\"Fotos (27): Max Colin Heydenreich\"><img decoding=\"async\" src=\"http:\/\/www.schoene-nachrichten.de\/wp-content\/uploads\/2007\/01\/070114_mobil_08.thumbnail.jpg\" alt=\"070114_mobil_08.jpg\" height=\"85\" id=\"image799\" \/><\/a> <a target=\"_blank\" href=\"http:\/\/www.schoene-nachrichten.de\/wp-content\/uploads\/2007\/01\/070114_mobil_09.jpg\" title=\"Fotos (27): Max Colin Heydenreich\"><img decoding=\"async\" src=\"http:\/\/www.schoene-nachrichten.de\/wp-content\/uploads\/2007\/01\/070114_mobil_09.thumbnail.jpg\" alt=\"070114_mobil_09.jpg\" height=\"85\" id=\"image800\" \/><\/a><\/p>\n<p><!--more--><\/p>\n<p><a target=\"_blank\" href=\"http:\/\/www.schoene-nachrichten.de\/wp-content\/uploads\/2007\/01\/070114_mobil_10.jpg\" title=\"Fotos (27): Max Colin Heydenreich\"><img decoding=\"async\" src=\"http:\/\/www.schoene-nachrichten.de\/wp-content\/uploads\/2007\/01\/070114_mobil_10.thumbnail.jpg\" alt=\"070114_mobil_10.jpg\" height=\"85\" id=\"image801\" \/><\/a> <a target=\"_blank\" href=\"http:\/\/www.schoene-nachrichten.de\/wp-content\/uploads\/2007\/01\/070114_mobil_11.jpg\" title=\"Fotos (27): Max Colin Heydenreich\"><img decoding=\"async\" src=\"http:\/\/www.schoene-nachrichten.de\/wp-content\/uploads\/2007\/01\/070114_mobil_11.thumbnail.jpg\" alt=\"070114_mobil_11.jpg\" height=\"85\" id=\"image802\" \/><\/a> <a target=\"_blank\" href=\"http:\/\/www.schoene-nachrichten.de\/wp-content\/uploads\/2007\/01\/070114_mobil_12.jpg\" title=\"Fotos (27): Max Colin Heydenreich\"><img decoding=\"async\" src=\"http:\/\/www.schoene-nachrichten.de\/wp-content\/uploads\/2007\/01\/070114_mobil_12.thumbnail.jpg\" alt=\"070114_mobil_12.jpg\" height=\"85\" id=\"image803\" \/><\/a><\/p>\n<p><a target=\"_blank\" href=\"http:\/\/www.schoene-nachrichten.de\/wp-content\/uploads\/2007\/01\/070114_mobil_13.jpg\" title=\"Fotos (27): Max Colin Heydenreich\"><img decoding=\"async\" src=\"http:\/\/www.schoene-nachrichten.de\/wp-content\/uploads\/2007\/01\/070114_mobil_13.thumbnail.jpg\" alt=\"070114_mobil_13.jpg\" height=\"85\" id=\"image804\" \/><\/a> <a target=\"_blank\" href=\"http:\/\/www.schoene-nachrichten.de\/wp-content\/uploads\/2007\/01\/070114_mobil_14.jpg\" title=\"Fotos (27): Max Colin Heydenreich\"><img decoding=\"async\" src=\"http:\/\/www.schoene-nachrichten.de\/wp-content\/uploads\/2007\/01\/070114_mobil_14.thumbnail.jpg\" alt=\"070114_mobil_14.jpg\" height=\"85\" id=\"image805\" \/><\/a> <a target=\"_blank\" href=\"http:\/\/www.schoene-nachrichten.de\/wp-content\/uploads\/2007\/01\/070114_mobil_15.jpg\" title=\"Fotos (27): Max Colin Heydenreich\"><img decoding=\"async\" src=\"http:\/\/www.schoene-nachrichten.de\/wp-content\/uploads\/2007\/01\/070114_mobil_15.thumbnail.jpg\" alt=\"070114_mobil_15.jpg\" height=\"85\" id=\"image806\" \/><\/a><\/p>\n<p><a target=\"_blank\" href=\"http:\/\/www.schoene-nachrichten.de\/wp-content\/uploads\/2007\/01\/070114_mobil_16.jpg\" title=\"Fotos (27): Max Colin Heydenreich\"><img decoding=\"async\" src=\"http:\/\/www.schoene-nachrichten.de\/wp-content\/uploads\/2007\/01\/070114_mobil_16.thumbnail.jpg\" alt=\"070114_mobil_16.jpg\" height=\"85\" id=\"image807\" \/><\/a> <a target=\"_blank\" href=\"http:\/\/www.schoene-nachrichten.de\/wp-content\/uploads\/2007\/01\/070114_mobil_17.jpg\" title=\"Fotos (27): Max Colin Heydenreich\"><img decoding=\"async\" src=\"http:\/\/www.schoene-nachrichten.de\/wp-content\/uploads\/2007\/01\/070114_mobil_17.thumbnail.jpg\" alt=\"070114_mobil_17.jpg\" height=\"85\" id=\"image808\" \/><\/a> <a target=\"_blank\" href=\"http:\/\/www.schoene-nachrichten.de\/wp-content\/uploads\/2007\/01\/070114_mobil_18.jpg\" title=\"Fotos (27): Max Colin Heydenreich\"><img decoding=\"async\" src=\"http:\/\/www.schoene-nachrichten.de\/wp-content\/uploads\/2007\/01\/070114_mobil_18.thumbnail.jpg\" alt=\"070114_mobil_18.jpg\" height=\"85\" id=\"image809\" \/><\/a><\/p>\n<p><a target=\"_blank\" href=\"http:\/\/www.schoene-nachrichten.de\/wp-content\/uploads\/2007\/01\/070114_mobil_19.jpg\" title=\"Fotos (27): Max Colin Heydenreich\"><img decoding=\"async\" src=\"http:\/\/www.schoene-nachrichten.de\/wp-content\/uploads\/2007\/01\/070114_mobil_19.thumbnail.jpg\" alt=\"070114_mobil_19.jpg\" height=\"85\" id=\"image810\" \/><\/a> <a target=\"_blank\" href=\"http:\/\/www.schoene-nachrichten.de\/wp-content\/uploads\/2007\/01\/070114_mobil_20.jpg\" title=\"Fotos (27): Max Colin Heydenreich\"><img decoding=\"async\" src=\"http:\/\/www.schoene-nachrichten.de\/wp-content\/uploads\/2007\/01\/070114_mobil_20.thumbnail.jpg\" alt=\"070114_mobil_20.jpg\" height=\"85\" id=\"image811\" \/><\/a> <a target=\"_blank\" href=\"http:\/\/www.schoene-nachrichten.de\/wp-content\/uploads\/2007\/01\/070114_mobil_21.jpg\" title=\"Fotos (27): Max Colin Heydenreich\"><img decoding=\"async\" src=\"http:\/\/www.schoene-nachrichten.de\/wp-content\/uploads\/2007\/01\/070114_mobil_21.thumbnail.jpg\" alt=\"070114_mobil_21.jpg\" height=\"85\" id=\"image812\" \/><\/a><\/p>\n<p><a target=\"_blank\" href=\"http:\/\/www.schoene-nachrichten.de\/wp-content\/uploads\/2007\/01\/070114_mobil_22.jpg\" title=\"Fotos (27): Max Colin Heydenreich\"><img decoding=\"async\" src=\"http:\/\/www.schoene-nachrichten.de\/wp-content\/uploads\/2007\/01\/070114_mobil_22.thumbnail.jpg\" alt=\"070114_mobil_22.jpg\" height=\"85\" id=\"image813\" \/><\/a> <a target=\"_blank\" href=\"http:\/\/www.schoene-nachrichten.de\/wp-content\/uploads\/2007\/01\/070114_mobil_23.jpg\" title=\"Fotos (27): Max Colin Heydenreich\"><img decoding=\"async\" src=\"http:\/\/www.schoene-nachrichten.de\/wp-content\/uploads\/2007\/01\/070114_mobil_23.thumbnail.jpg\" alt=\"070114_mobil_23.jpg\" height=\"85\" id=\"image814\" \/><\/a> <a target=\"_blank\" href=\"http:\/\/www.schoene-nachrichten.de\/wp-content\/uploads\/2007\/01\/070114_mobil_24.jpg\" title=\"Fotos (27): Max Colin Heydenreich\"><img decoding=\"async\" src=\"http:\/\/www.schoene-nachrichten.de\/wp-content\/uploads\/2007\/01\/070114_mobil_24.thumbnail.jpg\" alt=\"070114_mobil_24.jpg\" height=\"85\" id=\"image815\" \/><\/a><\/p>\n<p><a target=\"_blank\" href=\"http:\/\/www.schoene-nachrichten.de\/wp-content\/uploads\/2007\/01\/070114_mobil_25.jpg\" title=\"Fotos (27): Max Colin Heydenreich\"><img decoding=\"async\" src=\"http:\/\/www.schoene-nachrichten.de\/wp-content\/uploads\/2007\/01\/070114_mobil_25.thumbnail.jpg\" alt=\"070114_mobil_25.jpg\" height=\"85\" id=\"image816\" \/><\/a> <a target=\"_blank\" href=\"http:\/\/www.schoene-nachrichten.de\/wp-content\/uploads\/2007\/01\/070114_mobil_26.jpg\" title=\"Fotos (27): Max Colin Heydenreich\"><img decoding=\"async\" src=\"http:\/\/www.schoene-nachrichten.de\/wp-content\/uploads\/2007\/01\/070114_mobil_26.thumbnail.jpg\" alt=\"070114_mobil_26.jpg\" height=\"85\" id=\"image817\" \/><\/a> <a target=\"_blank\" href=\"http:\/\/www.schoene-nachrichten.de\/wp-content\/uploads\/2007\/01\/070114_mobil_27.jpg\" title=\"Fotos (27): Max Colin Heydenreich\"><img decoding=\"async\" src=\"http:\/\/www.schoene-nachrichten.de\/wp-content\/uploads\/2007\/01\/070114_mobil_27.thumbnail.jpg\" alt=\"070114_mobil_27.jpg\" height=\"85\" id=\"image818\" \/><\/a><\/p>\n<p>Weitere 119 Bilder finden Sie unter <a target=\"_blank\" href=\"http:\/\/www.pressefoto-fulda.de\">www.pressefoto-fulda.de<\/a><\/p>\n","protected":false},"excerpt":{"rendered":"<div class=\"tmnf_excerpt\"><p>Sch\u00f6nes aus Fulda. Hunderte von Karnevalisten aus allen Garden und Randstaaten im Raum Fulda sind heute Nachmittag zur Generalmobilmachung in die Fuldaer Innenstadt gekommen. Sie zogen von der Tr\u00e4nke bis zum Buttermarkt und l\u00e4uteten die aktive Phase der \u201eFoaset 2006\/2007\u201c ein. Viele Fastnachtsfreunde standen am Stra\u00dfenrand, begleiteten die Karnevalisten und schmetterten Prinz S\u00f6ren Metallicus LXVI. &hellip;<\/p>\n<\/div>","protected":false},"author":1,"featured_media":0,"comment_status":"closed","ping_status":"closed","sticky":false,"template":"","format":"standard","meta":{"footnotes":""},"categories":[1,54,44],"tags":[],"class_list":["post-791","post","type-post","status-publish","format-standard","hentry","category-startseite","category-bildergalerien","category-kultur"],"_links":{"self":[{"href":"https:\/\/www.fuldaernachrichten.de\/index.php?rest_route=\/wp\/v2\/posts\/791","targetHints":{"allow":["GET"]}}],"collection":[{"href":"https:\/\/www.fuldaernachrichten.de\/index.php?rest_route=\/wp\/v2\/posts"}],"about":[{"href":"https:\/\/www.fuldaernachrichten.de\/index.php?rest_route=\/wp\/v2\/types\/post"}],"author":[{"embeddable":true,"href":"https:\/\/www.fuldaernachrichten.de\/index.php?rest_route=\/wp\/v2\/users\/1"}],"replies":[{"embeddable":true,"href":"https:\/\/www.fuldaernachrichten.de\/index.php?rest_route=%2Fwp%2Fv2%2Fcomments&post=791"}],"version-history":[{"count":0,"href":"https:\/\/www.fuldaernachrichten.de\/index.php?rest_route=\/wp\/v2\/posts\/791\/revisions"}],"wp:attachment":[{"href":"https:\/\/www.fuldaernachrichten.de\/index.php?rest_route=%2Fwp%2Fv2%2Fmedia&parent=791"}],"wp:term":[{"taxonomy":"category","embeddable":true,"href":"https:\/\/www.fuldaernachrichten.de\/index.php?rest_route=%2Fwp%2Fv2%2Fcategories&post=791"},{"taxonomy":"post_tag","embeddable":true,"href":"https:\/\/www.fuldaernachrichten.de\/index.php?rest_route=%2Fwp%2Fv2%2Ftags&post=791"}],"curies":[{"name":"wp","href":"https:\/\/api.w.org\/{rel}","templated":true}]}}