{"id":79075,"date":"2010-12-16T00:05:08","date_gmt":"2010-12-16T00:05:08","guid":{"rendered":"http:\/\/www.fuldaer-nachrichten.de\/?p=79075"},"modified":"2010-12-16T07:52:42","modified_gmt":"2010-12-16T07:52:42","slug":"im-schutz-der-heiligen-barbara-otterbein-weiht-neue-zementmuehle-ein","status":"publish","type":"post","link":"https:\/\/www.fuldaernachrichten.de\/?p=79075","title":{"rendered":"Im Schutz der heiligen Barbara &#8211; Otterbein weiht neue Zementm\u00fchle ein"},"content":{"rendered":"<p><strong><a href=\"http:\/\/www.fuldaer-nachrichten.de\/wp-content\/uploads\/2010\/12\/101215_Einweihung.jpg\"><img decoding=\"async\" class=\"alignleft size-thumbnail wp-image-79076\" title=\"101215_Einweihung\" src=\"http:\/\/www.fuldaer-nachrichten.de\/wp-content\/uploads\/2010\/12\/101215_Einweihung-265x166.jpg\" alt=\"\" width=\"265\" height=\"166\" srcset=\"https:\/\/www.fuldaernachrichten.de\/wp-content\/uploads\/2010\/12\/101215_Einweihung-265x166.jpg 265w, https:\/\/www.fuldaernachrichten.de\/wp-content\/uploads\/2010\/12\/101215_Einweihung.jpg 592w\" sizes=\"(max-width: 265px) 100vw, 265px\" \/><\/a>Gro\u00dfenl\u00fcder-M\u00fcs. <\/strong>Passend zum Gedenktag der heiligen Barbara,<a title=\"Schutzpatron\" href=\"http:\/\/de.wikipedia.org\/wiki\/Schutzpatron\"><\/a> Schutzpatronin der Bergleute und Geologen, weihte das Unternehmen Zement- und Kalkwerke Otterbein k\u00fcrzlich ihre neue Zementm\u00fchle ein, die auf den Namen der Seniorchefin \u201eRosa\u201c getauft wurde. Mit einer Investition in H\u00f6he von 2,5 Millionen Euro m\u00f6chte das Unternehmen Otterbein in M\u00fcs auch in Zukunft sicherstellen, den Anforderungen des Marktes gerecht werden zu k\u00f6nnen. Mit der neuen Zementm\u00fchle, die zehn Meter lang ist, einen Durchmesser von 3,4 Metern hat und insgesamt rund 250 Tonnen wiegt, soll es zuk\u00fcnftig noch besser m\u00f6glich sein, energiearme Zemente und Hochwertzemente durch den Einsatz verschiedener Zumahlstoffe herzustellen. <!--more--><\/p>\n<p>Gesch\u00e4ftsf\u00fchrer Winfried M\u00fcller, der in einer Ansprache seine Freude \u00fcber die Investition zum Ausdruck brachte, nutzte gleichzeitig die Gelegenheit, seinen Mitarbeitern f\u00fcr das geleistete Engagement beim Aufbau zu danken. Gesegnet wurde die Zementm\u00fchle von Pater Ljubo Lebo.<\/p>\n","protected":false},"excerpt":{"rendered":"<div class=\"tmnf_excerpt\"><p>Gro\u00dfenl\u00fcder-M\u00fcs. Passend zum Gedenktag der heiligen Barbara, Schutzpatronin der Bergleute und Geologen, weihte das Unternehmen Zement- und Kalkwerke Otterbein k\u00fcrzlich ihre neue Zementm\u00fchle ein, die auf den Namen der Seniorchefin \u201eRosa\u201c getauft wurde. Mit einer Investition in H\u00f6he von 2,5 Millionen Euro m\u00f6chte das Unternehmen Otterbein in M\u00fcs auch in Zukunft sicherstellen, den Anforderungen des &hellip;<\/p>\n<\/div>","protected":false},"author":1,"featured_media":0,"comment_status":"closed","ping_status":"closed","sticky":false,"template":"","format":"standard","meta":{"footnotes":""},"categories":[1],"tags":[],"class_list":["post-79075","post","type-post","status-publish","format-standard","hentry","category-startseite"],"_links":{"self":[{"href":"https:\/\/www.fuldaernachrichten.de\/index.php?rest_route=\/wp\/v2\/posts\/79075","targetHints":{"allow":["GET"]}}],"collection":[{"href":"https:\/\/www.fuldaernachrichten.de\/index.php?rest_route=\/wp\/v2\/posts"}],"about":[{"href":"https:\/\/www.fuldaernachrichten.de\/index.php?rest_route=\/wp\/v2\/types\/post"}],"author":[{"embeddable":true,"href":"https:\/\/www.fuldaernachrichten.de\/index.php?rest_route=\/wp\/v2\/users\/1"}],"replies":[{"embeddable":true,"href":"https:\/\/www.fuldaernachrichten.de\/index.php?rest_route=%2Fwp%2Fv2%2Fcomments&post=79075"}],"version-history":[{"count":2,"href":"https:\/\/www.fuldaernachrichten.de\/index.php?rest_route=\/wp\/v2\/posts\/79075\/revisions"}],"predecessor-version":[{"id":79173,"href":"https:\/\/www.fuldaernachrichten.de\/index.php?rest_route=\/wp\/v2\/posts\/79075\/revisions\/79173"}],"wp:attachment":[{"href":"https:\/\/www.fuldaernachrichten.de\/index.php?rest_route=%2Fwp%2Fv2%2Fmedia&parent=79075"}],"wp:term":[{"taxonomy":"category","embeddable":true,"href":"https:\/\/www.fuldaernachrichten.de\/index.php?rest_route=%2Fwp%2Fv2%2Fcategories&post=79075"},{"taxonomy":"post_tag","embeddable":true,"href":"https:\/\/www.fuldaernachrichten.de\/index.php?rest_route=%2Fwp%2Fv2%2Ftags&post=79075"}],"curies":[{"name":"wp","href":"https:\/\/api.w.org\/{rel}","templated":true}]}}