{"id":7905,"date":"2008-02-19T00:30:28","date_gmt":"2008-02-18T23:30:28","guid":{"rendered":"http:\/\/www.schoene-nachrichten.de\/?p=7905"},"modified":"2008-02-19T00:41:37","modified_gmt":"2008-02-18T23:41:37","slug":"landkreis-und-stadt-fulda-stocken-foerdermittel-fuer-familienbildung-auf","status":"publish","type":"post","link":"https:\/\/www.fuldaernachrichten.de\/?p=7905","title":{"rendered":"Landkreis und Stadt Fulda stocken F\u00f6rdermittel f\u00fcr Familienbildung auf"},"content":{"rendered":"<p><strong><a rel=\"lightbox[roadtrip]\" target=\"_blank\" href=\"http:\/\/www.schoene-nachrichten.de\/wp-content\/uploads\/2008\/02\/080218_geburtshaus.jpg\" title=\"080218_geburtshaus.jpg\"><img decoding=\"async\" align=\"left\" src=\"http:\/\/www.schoene-nachrichten.de\/wp-content\/uploads\/2008\/02\/080218_geburtshaus.thumbnail.jpg\" hspace=\"5\" alt=\"080218_geburtshaus.jpg\" \/><\/a>Fulda.<\/strong>\u00c2\u00a0Der Landkreis und die Stadt Fulda haben die F\u00f6rderung der Familienbildung auf eine neue Berechnungsgrundlage gestellt. Seit diesem Haushaltsjahr erhalten die drei gemeinn\u00fctzigen Tr\u00e4ger eine Grundpauschale von jeweils 10.000 Euro, die je zur H\u00e4lfte vom Landkreis und von der Stadt \u00fcbernommen wird und sich bei einem \u00fcberwiegend offenen Angebot verdoppelt. Erg\u00e4nzend gibt es Zusch\u00fcsse in unterschiedliche H\u00f6he je nach Art und Umfang des angebotenen Leistungsspektrums.<!--more--><\/p>\n<p>Nach der bisherigen F\u00f6rderpraxis wurden die Tr\u00e4ger der Familienbildung \u2013 Helene-Weber-Haus, M\u00fctterzentrum sowie Geburtshaus und Familienzentrum \u2013 mit j\u00e4hrlich 32.000 Euro unterst\u00fctzt. Nach der ge\u00e4nderten Berechnungsgrundlage betr\u00e4gt die Gesamtf\u00f6rdersumme 52.000 Euro. W\u00e4hrend die F\u00f6rdermittel f\u00fcr das Helene-Weber-Haus auf 15.500 Euro und das M\u00fctterzentrum auf 24.000 Euro aufgestockt werden, wird das Geburtshaus und Familienzentrum erstmals mit 12.500 Euro gef\u00f6rdert.<\/p>\n<p>Bei einem Besuch im Geburtshaus in der Sturmiusstra\u00dfe \u00fcberreichten die Jugendhilfedezernenten von Landkreis und Stadt Fulda, Erster Kreisbeigeordneter Dr. Heiko Wingenfeld und B\u00fcrgermeister Dr. Wolfgang Dippel, die Zuwendungsbescheide an Gesch\u00e4ftsf\u00fchrerin Marion Bleuel, die sich \u00fcber die Anerkennung der vom Familienzentrum geleisteten Arbeit dankbar zeigte. Durch die finanzielle Unterst\u00fctzung besitze der Verein mehr Planungssicherheit und sei f\u00fcr k\u00fcnftige Herausforderungen gewappnet.<\/p>\n<p>Erster Kreisbeigeordneter Dr. Wingenfeld betonte, dass mit der getroffenen Neuregelung den berechtigten Anliegen der Tr\u00e4ger in angemessener Weise Rechnung getragen werde. Zwar handele es sich um freiwillige Zahlungen, die jedoch nach M\u00f6glichkeit auf Dauer geleistet werden sollten. Nur so lasse sich die Erziehungskompetenz der Eltern von Anfang an st\u00e4rken. \u201eDer Landkreis spart an anderer Stelle, um gezielte Schwerpunkte beispielweise in der Familienbildung setzen zu k\u00f6nnen.\u201c<\/p>\n<p>B\u00fcrgermeister Dr. Dippel lobte die ge\u00e4nderten F\u00f6rderrichtlinien als \u201efair und ausgewogen\u201c. Die Stadt Fulda wolle auch k\u00fcnftig mit den freien Tr\u00e4gern kooperieren, wenn es darum gehe, den pr\u00e4ventiven Ansatz in der Jugendhilfe zu unterst\u00fctzen. J\u00fcrgen Stock, Leiter des Fachbereichs Arbeit und Soziales bei der Kreisverwaltung, und Sachdienstleiter Thomas M\u00fcller wiesen darauf hin, dass sich die Arbeitsgemeinschaft Sozialplanung ebenfalls f\u00fcr eine St\u00e4rkung der Familienbildung ausgesprochen habe.<\/p>\n","protected":false},"excerpt":{"rendered":"<div class=\"tmnf_excerpt\"><p>Fulda.\u00c2\u00a0Der Landkreis und die Stadt Fulda haben die F\u00f6rderung der Familienbildung auf eine neue Berechnungsgrundlage gestellt. Seit diesem Haushaltsjahr erhalten die drei gemeinn\u00fctzigen Tr\u00e4ger eine Grundpauschale von jeweils 10.000 Euro, die je zur H\u00e4lfte vom Landkreis und von der Stadt \u00fcbernommen wird und sich bei einem \u00fcberwiegend offenen Angebot verdoppelt. Erg\u00e4nzend gibt es Zusch\u00fcsse in &hellip;<\/p>\n<\/div>","protected":false},"author":1,"featured_media":0,"comment_status":"closed","ping_status":"closed","sticky":false,"template":"","format":"standard","meta":{"footnotes":""},"categories":[1,29],"tags":[],"class_list":["post-7905","post","type-post","status-publish","format-standard","hentry","category-startseite","category-politik"],"_links":{"self":[{"href":"https:\/\/www.fuldaernachrichten.de\/index.php?rest_route=\/wp\/v2\/posts\/7905","targetHints":{"allow":["GET"]}}],"collection":[{"href":"https:\/\/www.fuldaernachrichten.de\/index.php?rest_route=\/wp\/v2\/posts"}],"about":[{"href":"https:\/\/www.fuldaernachrichten.de\/index.php?rest_route=\/wp\/v2\/types\/post"}],"author":[{"embeddable":true,"href":"https:\/\/www.fuldaernachrichten.de\/index.php?rest_route=\/wp\/v2\/users\/1"}],"replies":[{"embeddable":true,"href":"https:\/\/www.fuldaernachrichten.de\/index.php?rest_route=%2Fwp%2Fv2%2Fcomments&post=7905"}],"version-history":[{"count":0,"href":"https:\/\/www.fuldaernachrichten.de\/index.php?rest_route=\/wp\/v2\/posts\/7905\/revisions"}],"wp:attachment":[{"href":"https:\/\/www.fuldaernachrichten.de\/index.php?rest_route=%2Fwp%2Fv2%2Fmedia&parent=7905"}],"wp:term":[{"taxonomy":"category","embeddable":true,"href":"https:\/\/www.fuldaernachrichten.de\/index.php?rest_route=%2Fwp%2Fv2%2Fcategories&post=7905"},{"taxonomy":"post_tag","embeddable":true,"href":"https:\/\/www.fuldaernachrichten.de\/index.php?rest_route=%2Fwp%2Fv2%2Ftags&post=7905"}],"curies":[{"name":"wp","href":"https:\/\/api.w.org\/{rel}","templated":true}]}}