{"id":79040,"date":"2010-12-15T01:54:43","date_gmt":"2010-12-15T01:54:43","guid":{"rendered":"http:\/\/www.fuldaer-nachrichten.de\/?p=79040"},"modified":"2010-12-15T07:54:54","modified_gmt":"2010-12-15T07:54:54","slug":"zum-jahresstart-2011-loriot-briefmarken-mit-zuschlag-zugunsten-der-wohlfahrt","status":"publish","type":"post","link":"https:\/\/www.fuldaernachrichten.de\/?p=79040","title":{"rendered":"Zum Jahresstart 2011: Loriot-Briefmarken mit Zuschlag zugunsten der Wohlfahrt"},"content":{"rendered":"<p><a href=\"http:\/\/www.fuldaer-nachrichten.de\/wp-content\/uploads\/2010\/12\/101214_BriefmarkenLoriot.jpg\"><img decoding=\"async\" class=\"alignnone size-medium wp-image-79044\" title=\"101214_BriefmarkenLoriot\" src=\"http:\/\/www.fuldaer-nachrichten.de\/wp-content\/uploads\/2010\/12\/101214_BriefmarkenLoriot-265x160.jpg\" alt=\"\" hspace=\"5\" width=\"265\" height=\"160\" align=\"left\" srcset=\"https:\/\/www.fuldaernachrichten.de\/wp-content\/uploads\/2010\/12\/101214_BriefmarkenLoriot-265x160.jpg 265w, https:\/\/www.fuldaernachrichten.de\/wp-content\/uploads\/2010\/12\/101214_BriefmarkenLoriot.jpg 600w\" sizes=\"(max-width: 265px) 100vw, 265px\" \/><\/a><strong>Fulda, Freiburg <\/strong>(cif). Vier Original-Phasenzeichnungen aus Loriots Fernseharbeiten bilden die Motive der neuen Wohlfahrtsbriefmarkenserie 2011, die unmittelbar nach Neujahr erscheint. Abgebildet sind legend\u00e4re Situationen aus den Cartoons \u201eAuf der Rennbahn\u201c, \u201eDas Fr\u00fchst\u00fccksei\u201c, \u201eDer sprechende Hund\u201c sowie \u201eHerren im Bad\u201c. Ab dem Erstausgabetag 3. Januar 2011 kann man die \u201eLoriot-Marken\u201c mit den Portowerten 45 Cent plus 20 Cent Zuschlag, 55 plus 25 Cent (zwei verschiedene Motive) sowie 145 plus 55 Cent bei der Post und auch bei der \u00f6rtlichen Caritas erwerben: einzeln, als 10er-Markenheftchen und als Pockets mit f\u00fcnf Exemplaren. Dar\u00fcber hinaus gibt es einen 55er Markenwert auch selbstklebend in der 100-St\u00fcck-Markenbox. Der neben dem Portowert erhobene Zuschlag kommt der Arbeit der Caritas und der anderen Wohlfahrtsverb\u00e4nde zu Gute. <!--more--><\/p>\n<p>Ausgegeben werden die Wohlfahrtsmarken zum Beispiel beim Caritasverband f\u00fcr die Di\u00f6zese Fulda e. V., Wilhelmstra\u00dfe 2, 36037 Fulda, Tel. 0661\/2428-121, E-Mail <a href=\"mailto:nicole.harzer@caritas-fulda.de\">nicole.harzer@caritas-fulda.de<\/a>. Hier erfahren Interessierte auch weitere Verkaufsadressen in ihrer N\u00e4he. Erh\u00e4ltlich sind die Loriot-Briefmarken zudem ab 3. Januar problemlos via Internet unter <a href=\"http:\/\/www.caritas-fulda.de\">www.caritas-fulda.de<\/a> im Online-Shop. Derzeit dort ebenfalls noch verf\u00fcgbar sind die Wohlfahrtsmarken 2010 mit den duftenden Obstmotiven sowie die aktuellen Weihnachtsmarken.<\/p>\n","protected":false},"excerpt":{"rendered":"<div class=\"tmnf_excerpt\"><p>Fulda, Freiburg (cif). Vier Original-Phasenzeichnungen aus Loriots Fernseharbeiten bilden die Motive der neuen Wohlfahrtsbriefmarkenserie 2011, die unmittelbar nach Neujahr erscheint. Abgebildet sind legend\u00e4re Situationen aus den Cartoons \u201eAuf der Rennbahn\u201c, \u201eDas Fr\u00fchst\u00fccksei\u201c, \u201eDer sprechende Hund\u201c sowie \u201eHerren im Bad\u201c. Ab dem Erstausgabetag 3. Januar 2011 kann man die \u201eLoriot-Marken\u201c mit den Portowerten 45 Cent plus &hellip;<\/p>\n<\/div>","protected":false},"author":1,"featured_media":0,"comment_status":"closed","ping_status":"closed","sticky":false,"template":"","format":"standard","meta":{"footnotes":""},"categories":[1,50],"tags":[],"class_list":["post-79040","post","type-post","status-publish","format-standard","hentry","category-startseite","category-kirche"],"_links":{"self":[{"href":"https:\/\/www.fuldaernachrichten.de\/index.php?rest_route=\/wp\/v2\/posts\/79040","targetHints":{"allow":["GET"]}}],"collection":[{"href":"https:\/\/www.fuldaernachrichten.de\/index.php?rest_route=\/wp\/v2\/posts"}],"about":[{"href":"https:\/\/www.fuldaernachrichten.de\/index.php?rest_route=\/wp\/v2\/types\/post"}],"author":[{"embeddable":true,"href":"https:\/\/www.fuldaernachrichten.de\/index.php?rest_route=\/wp\/v2\/users\/1"}],"replies":[{"embeddable":true,"href":"https:\/\/www.fuldaernachrichten.de\/index.php?rest_route=%2Fwp%2Fv2%2Fcomments&post=79040"}],"version-history":[{"count":4,"href":"https:\/\/www.fuldaernachrichten.de\/index.php?rest_route=\/wp\/v2\/posts\/79040\/revisions"}],"predecessor-version":[{"id":79052,"href":"https:\/\/www.fuldaernachrichten.de\/index.php?rest_route=\/wp\/v2\/posts\/79040\/revisions\/79052"}],"wp:attachment":[{"href":"https:\/\/www.fuldaernachrichten.de\/index.php?rest_route=%2Fwp%2Fv2%2Fmedia&parent=79040"}],"wp:term":[{"taxonomy":"category","embeddable":true,"href":"https:\/\/www.fuldaernachrichten.de\/index.php?rest_route=%2Fwp%2Fv2%2Fcategories&post=79040"},{"taxonomy":"post_tag","embeddable":true,"href":"https:\/\/www.fuldaernachrichten.de\/index.php?rest_route=%2Fwp%2Fv2%2Ftags&post=79040"}],"curies":[{"name":"wp","href":"https:\/\/api.w.org\/{rel}","templated":true}]}}