{"id":79015,"date":"2010-12-15T00:12:53","date_gmt":"2010-12-15T00:12:53","guid":{"rendered":"http:\/\/www.fuldaer-nachrichten.de\/?p=79015"},"modified":"2010-12-15T08:14:00","modified_gmt":"2010-12-15T08:14:00","slug":"positive-jahres-bilanz-der-freiwilligen-feuerwehr-rothemann","status":"publish","type":"post","link":"https:\/\/www.fuldaernachrichten.de\/?p=79015","title":{"rendered":"Positive Jahres-Bilanz der Freiwilligen Feuerwehr Rothemann"},"content":{"rendered":"<p><strong>Rothemann<\/strong>. W\u00e4hrend der Jahreshauptversammlung der Freiwilligen Feuerwehr Rothemann konnten der 1.Vorsitzende Lothar Ebert, Wehrf\u00fchrer Marc Hainer und die Jugendfeuerwehrwartin Susi Baier auf ein \u00fcberaus positives Jahr zur\u00fcckblicken. Als H\u00f6hepunkt des Vereinslebens hob Ebert den Ausflug in die th\u00fcringische Landeshauptstadt Erfurt hervor. Weitere Punkte seines Jahresberichts waren unter anderem die Feuerwehrfastnacht und das Spritzenhausfest. Wehrf\u00fchrer Marc Hainer blickte zun\u00e4chst auf 34 Eins\u00e4tze zur\u00fcck, die von den sechs Frauen und 35 M\u00e4nnern der Einsatzabteilung abgearbeitet wurden. Besondere Erw\u00e4hnung fanden hier die Unwettereins\u00e4tze im unterfr\u00e4nkischen Motten und das Unwetter am 27. August, bei dem Rothemann selbst schwer getroffen wurde. Hier mussten alleine von den einheimischen Kr\u00e4ften fast 120 Einsatzstunden geleistet werden. Erfreulich war hingegen die Indienststellung einer neuen Tragkraftspritze im Oktober diesen Jahres.<\/p>\n<p><a href=\"..\/wp-content\/uploads\/2010\/12\/101214_FFWRothemann3.jpg\"><img decoding=\"async\" title=\"101214_FFWRothemann3\" src=\"..\/wp-content\/uploads\/2010\/12\/101214_FFWRothemann3-265x148.jpg\" alt=\"\" width=\"265\" height=\"148\" \/><\/a> <a href=\"http:\/\/www.fuldaer-nachrichten.de\/wp-content\/uploads\/2010\/12\/101214_FFWRothemann1.jpg\"><img decoding=\"async\" class=\"alignnone size-medium wp-image-79018\" title=\"101214_FFWRothemann1\" src=\"http:\/\/www.fuldaer-nachrichten.de\/wp-content\/uploads\/2010\/12\/101214_FFWRothemann1-265x148.jpg\" alt=\"\" width=\"265\" height=\"148\" srcset=\"https:\/\/www.fuldaernachrichten.de\/wp-content\/uploads\/2010\/12\/101214_FFWRothemann1-265x148.jpg 265w, https:\/\/www.fuldaernachrichten.de\/wp-content\/uploads\/2010\/12\/101214_FFWRothemann1.jpg 600w\" sizes=\"(max-width: 265px) 100vw, 265px\" \/><\/a><!--more-->Bei der erstmaligen Teilnahme an der Feuerwehrleistungs\u00fcbung auf Kreisebene gelang den Mitgliedern der Wettkampfmannschaft der Erwerb des eisernen Feuerwehrleistungsabzeichens. Bei den Gemeindewettk\u00e4mpfen in B\u00fcchenberg belegte man den dritten Platz. Mit 16 erfolgreich absolvierten Lehrg\u00e4ngen auf Kreis- und Landesebene und insgesamt 1170 Stunden, die bei \u00dcbungen erbracht wurden, konnte Hainer auch in der Aus- und Weiterbildung eine \u00fcberaus positive Bilanz ziehen. In Folge der erfolgreichen Lehrgangsteilnahme konnten Jochen Kanne zum Feuerwehrmann, Sabrina Baier, Sebastian Fr\u00f6hlich, Swen Huthmann, Sebastian Ludwig und Stefan M\u00f6ller zur Oberfeuerwehrfrau bzw. zum Oberfeuerwehrmann, sowie R\u00fcdiger Ebert zum L\u00f6schmeister und Manuel Hack zum Hauptl\u00f6schmeister bef\u00f6rdert werden.<\/p>\n<p><a href=\"http:\/\/www.fuldaer-nachrichten.de\/wp-content\/uploads\/2010\/12\/101214_FFWRothemann4.jpg\"><img fetchpriority=\"high\" decoding=\"async\" class=\"alignnone size-medium wp-image-79021\" title=\"101214_FFWRothemann4\" src=\"http:\/\/www.fuldaer-nachrichten.de\/wp-content\/uploads\/2010\/12\/101214_FFWRothemann4-265x198.jpg\" alt=\"\" width=\"265\" height=\"198\" srcset=\"https:\/\/www.fuldaernachrichten.de\/wp-content\/uploads\/2010\/12\/101214_FFWRothemann4-265x198.jpg 265w, https:\/\/www.fuldaernachrichten.de\/wp-content\/uploads\/2010\/12\/101214_FFWRothemann4.jpg 600w\" sizes=\"(max-width: 265px) 100vw, 265px\" \/><\/a> <a href=\"..\/wp-content\/uploads\/2010\/12\/101214_FFWRothemann2.jpg\"><img loading=\"lazy\" decoding=\"async\" title=\"101214_FFWRothemann2\" src=\"..\/wp-content\/uploads\/2010\/12\/101214_FFWRothemann2-265x198.jpg\" alt=\"\" width=\"265\" height=\"198\" \/><\/a><\/p>\n<p>Jugendfeuerwehrwartin Susi Baier berichtete von 97 Veranstaltungen der Jugendfeuerwehr, die sich in feuerwehrtechnischen Dienst und in die allgemeine Jugendarbeit aufteilten. W\u00e4hrend man bei den Gemeindewettk\u00e4mpfen zum dritten mal in Folge siegreich war und der Wanderpokal der Gemeinde Eichenzell somit in den Besitz der Jugendfeuerwehr Rothemann \u00fcberging, belegte man auch beim Bundeswettkampf einen beachtlichen zehnten Platz. Als Anerkennung f\u00fcr diese Leistungen wurden die Jugendlichen vom Verein mit besonderen \u00dcbungshandschuhe ausgestattet. Neben der Teilnahme am Kreiszeltlager unternahmen die Betreuer mit den M\u00e4dchen und Jungen auch eine Mehrtagesfahrt nach Riedenberg. Susi Baier wurde vom stellvertretenden Kreisjugendfeuerwehrwart Julian Mauchel f\u00fcr ihre beispielhafte Jugendarbeit und f\u00fcr die Kreisjugendfeuerwehr Fulda mit der bronzenen Ehrennadel der Kreisjugendfeuerwehr ausgezeichnet. Nach Mauchels Worten sei die Jugendfeuerwehr Rothemann mit ihren neun M\u00e4dchen und 28 Jungen eine der gr\u00f6\u00dften Jugendabteilungen im Landkreis.<\/p>\n<p>Michael G\u00e4rtner und Bernd Pompe wurden von B\u00fcrgermeister Dieter Kolb, Gemeindebrandinspektor Martin Fischer und Wehrf\u00fchrer Marc Hainer f\u00fcr ihre 25-j\u00e4hrige Mitgliedschaft in der Einsatzabteilung mit dem silbernen Brandschutzehrenabzeichen am Bande ausgezeichnet.<\/p>\n<p>Willy V\u00f6llinger dankte in seinen Gru\u00dfworten allen Verantwortlichen f\u00fcr die gute Zusammenarbeit der vergangenen Jahre. F\u00fcr ihn war es die letzte Jahreshauptversammlung der Feuerwehr als Ortsvorsteher. Nach V\u00f6llingers Worten sei die Feuerwehr ein wichtiger Bestandteil der \u00f6rtlichen Vereinsgemeinschaft. Er dankte ebenso f\u00fcr die besonders ruhige und besonnene Arbeit w\u00e4hrend des Unwettereinsatzes.<\/p>\n<p>B\u00fcrgermeister Dieter Kolb bezeichnete die Feuerwehr Rothemann aufgrund der gebotenen und besuchten Veranstaltungen als einen der aktivsten Vereine der Gemeinde Eichenzell. Obwohl die Anzahl an Jugendlichen in der Jugendfeuerwehr ohnehin schon hoch sei, zeigte er sich beeindruckt von der sehr guten Jugendarbeit und der nochmaligen Steigerung der Mitgliederzahl. Aufgrund der besonderen Einsatzlagen bei Unwettern sagte Kolb einer Stationierung eines Wassersaugers und einer Tauchpumpe in Rothemann zu.<\/p>\n<p>Wie B\u00fcrgermeister Dieter Kolb, so bezeichnete auch Gemeindebrandinspektor Martin Fischer in seinem Gru\u00dfwort die Feuerwehr Rothemann als einen der St\u00fctzpfeiler des Brandschutzes innerhalb der Gemeinde.<\/p>\n","protected":false},"excerpt":{"rendered":"<div class=\"tmnf_excerpt\"><p>Rothemann. W\u00e4hrend der Jahreshauptversammlung der Freiwilligen Feuerwehr Rothemann konnten der 1.Vorsitzende Lothar Ebert, Wehrf\u00fchrer Marc Hainer und die Jugendfeuerwehrwartin Susi Baier auf ein \u00fcberaus positives Jahr zur\u00fcckblicken. Als H\u00f6hepunkt des Vereinslebens hob Ebert den Ausflug in die th\u00fcringische Landeshauptstadt Erfurt hervor. Weitere Punkte seines Jahresberichts waren unter anderem die Feuerwehrfastnacht und das Spritzenhausfest. Wehrf\u00fchrer Marc &hellip;<\/p>\n<\/div>","protected":false},"author":1,"featured_media":0,"comment_status":"closed","ping_status":"closed","sticky":false,"template":"","format":"standard","meta":{"footnotes":""},"categories":[1,71],"tags":[],"class_list":["post-79015","post","type-post","status-publish","format-standard","hentry","category-startseite","category-feuerwehr"],"_links":{"self":[{"href":"https:\/\/www.fuldaernachrichten.de\/index.php?rest_route=\/wp\/v2\/posts\/79015","targetHints":{"allow":["GET"]}}],"collection":[{"href":"https:\/\/www.fuldaernachrichten.de\/index.php?rest_route=\/wp\/v2\/posts"}],"about":[{"href":"https:\/\/www.fuldaernachrichten.de\/index.php?rest_route=\/wp\/v2\/types\/post"}],"author":[{"embeddable":true,"href":"https:\/\/www.fuldaernachrichten.de\/index.php?rest_route=\/wp\/v2\/users\/1"}],"replies":[{"embeddable":true,"href":"https:\/\/www.fuldaernachrichten.de\/index.php?rest_route=%2Fwp%2Fv2%2Fcomments&post=79015"}],"version-history":[{"count":7,"href":"https:\/\/www.fuldaernachrichten.de\/index.php?rest_route=\/wp\/v2\/posts\/79015\/revisions"}],"predecessor-version":[{"id":79060,"href":"https:\/\/www.fuldaernachrichten.de\/index.php?rest_route=\/wp\/v2\/posts\/79015\/revisions\/79060"}],"wp:attachment":[{"href":"https:\/\/www.fuldaernachrichten.de\/index.php?rest_route=%2Fwp%2Fv2%2Fmedia&parent=79015"}],"wp:term":[{"taxonomy":"category","embeddable":true,"href":"https:\/\/www.fuldaernachrichten.de\/index.php?rest_route=%2Fwp%2Fv2%2Fcategories&post=79015"},{"taxonomy":"post_tag","embeddable":true,"href":"https:\/\/www.fuldaernachrichten.de\/index.php?rest_route=%2Fwp%2Fv2%2Ftags&post=79015"}],"curies":[{"name":"wp","href":"https:\/\/api.w.org\/{rel}","templated":true}]}}