{"id":7901,"date":"2008-02-18T00:18:33","date_gmt":"2008-02-17T23:18:33","guid":{"rendered":"http:\/\/www.schoene-nachrichten.de\/?p=7901"},"modified":"2008-02-18T00:18:33","modified_gmt":"2008-02-17T23:18:33","slug":"vhs-reihe-im-vonderau-museum-wird-erweitert","status":"publish","type":"post","link":"https:\/\/www.fuldaernachrichten.de\/?p=7901","title":{"rendered":"VHS-Reihe im Vonderau Museum wird erweitert"},"content":{"rendered":"<p><strong>Fulda.<\/strong> Die beliebte Reihe \u201eVHS im Vonderau Museum\u201c, die in den vergangenen Semestern die naturkundliche Sammlung im Vonderau Museum einem breiteren Publikum vorgestellt hat, wird um stadtgeschichtliche Themen erweitert.<br \/>\n\u201eWir wollen die Sch\u00e4tze unseres Regionalmuseums allen B\u00fcrgern und B\u00fcrgerinnen offen legen\u201c, so Fuldas Oberb\u00fcrgermeister und Kulturdezernent Gerhard M\u00f6ller. Alle Veranstaltungen, so der OB, finden am fr\u00fchen Abend von 17.00 Uhr bis 18.30 Uhr statt, um m\u00f6glichst vielen Interessierten die Teilnahme zu erm\u00f6glichen. <!--more--><\/p>\n<p><strong>Die Themen, Termine und Referenten:<\/strong><\/p>\n<p>1.\u00c2\u00a0\u201eFulda im Drei\u00dfigj\u00e4hrigen Krieg\u201c, Stadtarchivar Dr. Thomas Heiler, Mittwoch, 20.02.2008.<br \/>\n2.\u00c2\u00a0\u201eFuldas historische Keimzelle: Die Unterstadt und der Dombezirk:\u00c2\u00a0 Dr. Udo Lange, Fachbereichsleiter der Stadt VHS, Mittwoch, 27.02.2008.<br \/>\n3.\u00c2\u00a0\u201eDas Fuldaer Schloss zur Zeit der Renaissance\u201c, Kulturamtsleiter Dr. Werner Kirchhoff, Mittwoch, 05.03.2008.<br \/>\n4.\u00c2\u00a0\u201eFulda in der Revolution 1848\u201c, Dr. Franz-Georg Trabert, Leiter der Stadt VHS, Mittwoch, 12.03.2008.<\/p>\n","protected":false},"excerpt":{"rendered":"<div class=\"tmnf_excerpt\"><p>Fulda. Die beliebte Reihe \u201eVHS im Vonderau Museum\u201c, die in den vergangenen Semestern die naturkundliche Sammlung im Vonderau Museum einem breiteren Publikum vorgestellt hat, wird um stadtgeschichtliche Themen erweitert. \u201eWir wollen die Sch\u00e4tze unseres Regionalmuseums allen B\u00fcrgern und B\u00fcrgerinnen offen legen\u201c, so Fuldas Oberb\u00fcrgermeister und Kulturdezernent Gerhard M\u00f6ller. Alle Veranstaltungen, so der OB, finden am &hellip;<\/p>\n<\/div>","protected":false},"author":1,"featured_media":0,"comment_status":"closed","ping_status":"closed","sticky":false,"template":"","format":"standard","meta":{"footnotes":""},"categories":[1],"tags":[],"class_list":["post-7901","post","type-post","status-publish","format-standard","hentry","category-startseite"],"_links":{"self":[{"href":"https:\/\/www.fuldaernachrichten.de\/index.php?rest_route=\/wp\/v2\/posts\/7901","targetHints":{"allow":["GET"]}}],"collection":[{"href":"https:\/\/www.fuldaernachrichten.de\/index.php?rest_route=\/wp\/v2\/posts"}],"about":[{"href":"https:\/\/www.fuldaernachrichten.de\/index.php?rest_route=\/wp\/v2\/types\/post"}],"author":[{"embeddable":true,"href":"https:\/\/www.fuldaernachrichten.de\/index.php?rest_route=\/wp\/v2\/users\/1"}],"replies":[{"embeddable":true,"href":"https:\/\/www.fuldaernachrichten.de\/index.php?rest_route=%2Fwp%2Fv2%2Fcomments&post=7901"}],"version-history":[{"count":0,"href":"https:\/\/www.fuldaernachrichten.de\/index.php?rest_route=\/wp\/v2\/posts\/7901\/revisions"}],"wp:attachment":[{"href":"https:\/\/www.fuldaernachrichten.de\/index.php?rest_route=%2Fwp%2Fv2%2Fmedia&parent=7901"}],"wp:term":[{"taxonomy":"category","embeddable":true,"href":"https:\/\/www.fuldaernachrichten.de\/index.php?rest_route=%2Fwp%2Fv2%2Fcategories&post=7901"},{"taxonomy":"post_tag","embeddable":true,"href":"https:\/\/www.fuldaernachrichten.de\/index.php?rest_route=%2Fwp%2Fv2%2Ftags&post=7901"}],"curies":[{"name":"wp","href":"https:\/\/api.w.org\/{rel}","templated":true}]}}