{"id":7899,"date":"2008-02-18T00:13:50","date_gmt":"2008-02-17T23:13:50","guid":{"rendered":"http:\/\/www.schoene-nachrichten.de\/?p=7899"},"modified":"2008-02-17T23:03:51","modified_gmt":"2008-02-17T22:03:51","slug":"jahreshauptversammlung-der-jugendfeuerwehr-burghaun","status":"publish","type":"post","link":"https:\/\/www.fuldaernachrichten.de\/?p=7899","title":{"rendered":"Jahreshauptversammlung der Jugendfeuerwehr Burghaun"},"content":{"rendered":"<p><strong><a rel=\"lightbox[roadtrip]\" target=\"_blank\" href=\"http:\/\/www.schoene-nachrichten.de\/wp-content\/uploads\/2008\/02\/080217_burghaun.jpg\" title=\"080217_burghaun.jpg\"><img decoding=\"async\" align=\"left\" src=\"http:\/\/www.schoene-nachrichten.de\/wp-content\/uploads\/2008\/02\/080217_burghaun.thumbnail.jpg\" hspace=\"5\" alt=\"080217_burghaun.jpg\" \/><\/a>Burghaun.<\/strong> Zur diesj\u00e4hrigen Jahreshauptversammlung der Jugendfeuerwehr Burghaun konnte Jugendfeuerwehrwart Steffen Hohmann neben den Mitgliedern der Jugendfeuerwehr, wieder zahlreiche G\u00e4ste willkommen hei\u00dfen. Ebenso konnte Steffen Hohmann wieder \u00fcber eine rege Mitgliederentwicklung und viele Veranstaltungen berichten.<!--more--><\/p>\n<p>Die Jugendfeuerwehr Burghaun bestand zum Jahresende aus 29 Jugendlichen. Acht Mitglieder konnten neu in die Jugendfeuerwehr aufgenommen werden. Isabell Becker und Katharina Sippel wurden in die Einsatzabteilung aufgenommen. Leider traten 4 Jugendliche wieder aus. Die Jugendgruppe traf sich in 2 Gruppen, jeweils montags und mittwochs zu ihren Ausbildungs- und \u00dcbungsstunden sowie zu allgemeiner Jugendarbeit.<\/p>\n<p>Weitere 8 Tage verbrachte man im Zeltlager und zu Ausfl\u00fcgen. Die Betreuer mussten zus\u00e4tzliche 1847,5 Stunden f\u00fcr die Vor- und Nachbereitung sowie f\u00fcr Sitzungen aufbringen. Zu den Veranstaltungen geh\u00f6rten unter anderem die Sammlung der Weihnachtsb\u00e4ume, das traditionelle Hutzelfeuer mit einem Fackelzug oder das Tischtennisturnier in Gro\u00dfenl\u00fcder. Die Jugendlichen engagierten sich auch im Umweltschutzbereich mit der Osterputzaktion und besuchte das American Footballspiel, Frankfurt Galaxy gegen die Amsterdam Admirals.<\/p>\n<p>Weiterhin wurde ein interessanter Ausbildungstag mit den anderen Jugendfeuerwehren der Gemeinde Burghaun durchgef\u00fchrt. Im Juni nahmen die jungen Brandsch\u00fctzer beim Bundeswettbewerb auf Kreisebene mit 2 Gruppen teil und erreichten den 15. und 32. Platz. Der Kreisjugendfeuerwehrtag in K\u00fcnzell \u2013 Bachrain wurde ebenfalls besucht. H\u00f6hepunkt war das Kreisjugendfeuerwehrzeltlager in H\u00fcnfeld mit dem Besuch der Patenjugendfeuerwehr aus Mertzwiller \/ Frankreich.<\/p>\n<p>Beim Gemeindejugendfeuerwehrtag in Rothenkirchen verteidigten die Burghauner den Gemeindepokal und gewann den Wettbewerb. Die zweite Mannschaft erreichte den 5. Rang. Karsten Peter, Dominik Balzert und Viktor Haan konnten nach erfolgreicher \u00dcbung die Leistungsspange der Deutschen Jugendfeuerwehr in Dipperz entgegen nehmen. Ein weiterer Jahresh\u00f6hepunkt war eine Fahrt nach Koblenz und die Eifel. Hier verbrachte man mit einem unfangreichen Programm einige erlebnisreiche Tage. Das Lagerfeuer beim Weihnachtsmarkt wurde auch wieder durch die Jugendfeuerwehr erstellt und bewacht.<\/p>\n<p>Das Jahr wurde mit der allj\u00e4hrlichen Weihnachtsfeier und dem Nikolausbesuch beendet. Hieran folgte der Bericht des Kassenwartes Karsten Peter, der \u00fcber die Ein- und Ausgaben informierte. Weil zu Versammlungsbeginn nicht gen\u00fcgend\u00c2\u00a0 Jugendfeuerwehrmitglieder kamen wurde die Sitzung kurz unterbrochen, um auf sp\u00e4ter eintreffende Jugendliche zu warten. Nun war die Beschlussf\u00e4higkeit gegeben und der Jugendfeuerwehrausschuss konnte entlasten werden.<\/p>\n<p>Anschlie\u00dfend w\u00e4hlten die Jugendfeuerwehrmitglieder ihren Jugendfeuerwehrausschuss, der sich wie folgt zusammensetzt:<br \/>\nSprecher: Dominik Balzert,<br \/>\nKassenwart: Karsten Peter,<br \/>\nSchriftf\u00fchrer: Christopher Arend,<br \/>\nSachwart: Christian Barth,<br \/>\nGruppenleiter: Katharina Sippel, Markus Kaiser, Florian Becker, Nicolai Kaufmann und Timo Semmelroth.<br \/>\nJugendfeuerwehrwart: Steffen Hohmann,<br \/>\nStellvertretende Jugendfeuerwehrwartin: Stephanie Kredig<br \/>\nKassenpr\u00fcfer: Heiko Sobotta und Kurt Pirkl<\/p>\n<p>Gru\u00dfworte \u00fcberbrachten B\u00fcrgermeister Alexander Hohmann, Ortsvorsteher Werner He\u00df sowie Gemeindebrandinspektor Christian Werthm\u00fcller. Alle lobten die hervorragenden Leistungen und T\u00e4tigkeiten der Jugendfeuerwehr und w\u00fcnschten f\u00fcr die Zukunft viel Erfolg.<\/p>\n<p>Die Jugendfeuerwehr trifft sich jeden Montag und Mittwoch um 18.00 Uhr am Feuerwehrhaus Burghaun. Interessierte Jugendliche k\u00f6nnen jederzeit vorbei schauen. Infos gibt es auch im Web unter: <a target=\"_blank\" href=\"http:\/\/www.Feuerwehr-Burghaun.de\">www.Feuerwehr-Burghaun.de<\/a><\/p>\n","protected":false},"excerpt":{"rendered":"<div class=\"tmnf_excerpt\"><p>Burghaun. Zur diesj\u00e4hrigen Jahreshauptversammlung der Jugendfeuerwehr Burghaun konnte Jugendfeuerwehrwart Steffen Hohmann neben den Mitgliedern der Jugendfeuerwehr, wieder zahlreiche G\u00e4ste willkommen hei\u00dfen. Ebenso konnte Steffen Hohmann wieder \u00fcber eine rege Mitgliederentwicklung und viele Veranstaltungen berichten.<\/p>\n<\/div>","protected":false},"author":1,"featured_media":0,"comment_status":"closed","ping_status":"closed","sticky":false,"template":"","format":"standard","meta":{"footnotes":""},"categories":[1,71],"tags":[],"class_list":["post-7899","post","type-post","status-publish","format-standard","hentry","category-startseite","category-feuerwehr"],"_links":{"self":[{"href":"https:\/\/www.fuldaernachrichten.de\/index.php?rest_route=\/wp\/v2\/posts\/7899","targetHints":{"allow":["GET"]}}],"collection":[{"href":"https:\/\/www.fuldaernachrichten.de\/index.php?rest_route=\/wp\/v2\/posts"}],"about":[{"href":"https:\/\/www.fuldaernachrichten.de\/index.php?rest_route=\/wp\/v2\/types\/post"}],"author":[{"embeddable":true,"href":"https:\/\/www.fuldaernachrichten.de\/index.php?rest_route=\/wp\/v2\/users\/1"}],"replies":[{"embeddable":true,"href":"https:\/\/www.fuldaernachrichten.de\/index.php?rest_route=%2Fwp%2Fv2%2Fcomments&post=7899"}],"version-history":[{"count":0,"href":"https:\/\/www.fuldaernachrichten.de\/index.php?rest_route=\/wp\/v2\/posts\/7899\/revisions"}],"wp:attachment":[{"href":"https:\/\/www.fuldaernachrichten.de\/index.php?rest_route=%2Fwp%2Fv2%2Fmedia&parent=7899"}],"wp:term":[{"taxonomy":"category","embeddable":true,"href":"https:\/\/www.fuldaernachrichten.de\/index.php?rest_route=%2Fwp%2Fv2%2Fcategories&post=7899"},{"taxonomy":"post_tag","embeddable":true,"href":"https:\/\/www.fuldaernachrichten.de\/index.php?rest_route=%2Fwp%2Fv2%2Ftags&post=7899"}],"curies":[{"name":"wp","href":"https:\/\/api.w.org\/{rel}","templated":true}]}}